{"id":48489,"date":"2016-04-06T09:35:47","date_gmt":"2016-04-06T12:35:47","guid":{"rendered":"http:\/\/www.hoymercedes.com.ar\/principal\/?p=48489"},"modified":"2016-04-06T10:38:53","modified_gmt":"2016-04-06T13:38:53","slug":"jorge-blanco-presenta-cinematica","status":"publish","type":"post","link":"https:\/\/www.hoymercedes.com.ar\/principal\/2016\/04\/06\/jorge-blanco-presenta-cinematica\/","title":{"rendered":"Jorge Blanco presenta Cinem\u00e1tica"},"content":{"rendered":"<p>El pr\u00f3ximo s\u00e1bado 09 de abril, a partir de la hora\u00a020, se abrir\u00e1n las puertas de la muestra del artista pl\u00e1stico mercedino, Jorge Blanco. La exposici\u00f3n se titula \u00abCinem\u00e1tica\u00bb, y constituye una serie de obras nuevas y otras nunca vistas, con el estilo espontaneo y profundo propio de Blanco, cuyos personajes parecen envueltos en un aura de misterio, quietud y liviandad que puede cambiar de un momento a otro, depender\u00e1 de la mirada del espectador.<\/p>\n<p>\u00abSi bien no es una serie vertiginosa, el movimiento se da en el paso de una situaci\u00f3n a otra distinta, y en el recorrido temporal de las mismas obras. Los t\u00edtulos funcionan como disparadores para que el espectador pueda relacionarlas entre s\u00ed, y verse reflejado ante las situaciones\u00bb, cuenta Jorge.<\/p>\n<p>La inauguraci\u00f3n contar\u00e1 con una intervenci\u00f3n teatral en vivo, caracter\u00edsticas en las \u00faltimas inauguraciones de Blanco. Es as\u00ed que muchos artistas y personajes de la ciudad contribuir\u00e1n \u00a0a la gran performance de esa noche, entre ellos el Yacar\u00e9 Sequeira, Javier Moreira, Sol Marcos y Eugenia Fraiese, y un cuarteto de cuerdas, el Ensamble de Violencellos Riccio, de Luj\u00e1n.<\/p>\n<p>Ser\u00e1 una velada sorprendente: \u00abLo voy a disfrutar mucho, es como un festejo volver al circuito de las exposiciones. Pretendo impactar, y sobre todo me interesa que se acerque mucha gente a la performance ya que s\u00f3lo podr\u00e1 verse el d\u00eda de la inauguraci\u00f3n, ser\u00e1 un espect\u00e1culo, teatro, m\u00fasica y muchas sorpresas\u00bb, destac\u00f3 Jorge que pidi\u00f3 al p\u00fablico puntualidad para no perderse de la performance.<\/p>\n<p>Fuente: MAMM<\/p>\n","protected":false},"excerpt":{"rendered":"<p>El pr\u00f3ximo s\u00e1bado 09 de abril, a partir de la hora\u00a020, se abrir\u00e1n las puertas de la muestra del artista &#8230; <a title=\"Jorge Blanco presenta Cinem\u00e1tica\" class=\"read-more\" href=\"https:\/\/www.hoymercedes.com.ar\/principal\/2016\/04\/06\/jorge-blanco-presenta-cinematica\/\" aria-label=\"Leer m\u00e1s sobre Jorge Blanco presenta Cinem\u00e1tica\">Leer m\u00e1s<\/a><\/p>\n","protected":false},"author":1,"featured_media":48490,"comment_status":"open","ping_status":"open","sticky":false,"template":"","format":"standard","meta":{"_monsterinsights_skip_tracking":false,"_monsterinsights_sitenote_active":false,"_monsterinsights_sitenote_note":"","_monsterinsights_sitenote_category":0,"jetpack_post_was_ever_published":false,"_jetpack_newsletter_access":"","_jetpack_dont_email_post_to_subs":false,"_jetpack_newsletter_tier_id":0,"_jetpack_memberships_contains_paywalled_content":false,"_jetpack_memberships_contains_paid_content":false,"footnotes":"","jetpack_publicize_message":"","jetpack_publicize_feature_enabled":true,"jetpack_social_post_already_shared":true,"jetpack_social_options":{"image_generator_settings":{"template":"highway","default_image_id":0,"font":"","enabled":false},"version":2},"_wpas_customize_per_network":false},"categories":[104],"tags":[8890,7805,1094,8674],"class_list":["post-48489","post","type-post","status-publish","format-standard","has-post-thumbnail","hentry","category-cultura","tag-artes-plasticas","tag-cultura","tag-jorge-blanco","tag-mamm","generate-columns","tablet-grid-50","mobile-grid-100","grid-parent","grid-50"],"jetpack_publicize_connections":[],"jetpack_featured_media_url":"https:\/\/www.hoymercedes.com.ar\/principal\/wp-content\/uploads\/2016\/04\/01-Jorge-Blanco.jpg","wps_subtitle":"En el Museo de Artes","jetpack_sharing_enabled":true,"_links":{"self":[{"href":"https:\/\/www.hoymercedes.com.ar\/principal\/wp-json\/wp\/v2\/posts\/48489","targetHints":{"allow":["GET"]}}],"collection":[{"href":"https:\/\/www.hoymercedes.com.ar\/principal\/wp-json\/wp\/v2\/posts"}],"about":[{"href":"https:\/\/www.hoymercedes.com.ar\/principal\/wp-json\/wp\/v2\/types\/post"}],"author":[{"embeddable":true,"href":"https:\/\/www.hoymercedes.com.ar\/principal\/wp-json\/wp\/v2\/users\/1"}],"replies":[{"embeddable":true,"href":"https:\/\/www.hoymercedes.com.ar\/principal\/wp-json\/wp\/v2\/comments?post=48489"}],"version-history":[{"count":0,"href":"https:\/\/www.hoymercedes.com.ar\/principal\/wp-json\/wp\/v2\/posts\/48489\/revisions"}],"wp:featuredmedia":[{"embeddable":true,"href":"https:\/\/www.hoymercedes.com.ar\/principal\/wp-json\/wp\/v2\/media\/48490"}],"wp:attachment":[{"href":"https:\/\/www.hoymercedes.com.ar\/principal\/wp-json\/wp\/v2\/media?parent=48489"}],"wp:term":[{"taxonomy":"category","embeddable":true,"href":"https:\/\/www.hoymercedes.com.ar\/principal\/wp-json\/wp\/v2\/categories?post=48489"},{"taxonomy":"post_tag","embeddable":true,"href":"https:\/\/www.hoymercedes.com.ar\/principal\/wp-json\/wp\/v2\/tags?post=48489"}],"curies":[{"name":"wp","href":"https:\/\/api.w.org\/{rel}","templated":true}]}}