{"id":48492,"date":"2016-04-07T20:41:36","date_gmt":"2016-04-07T23:41:36","guid":{"rendered":"http:\/\/www.hoymercedes.com.ar\/principal\/?p=48492"},"modified":"2016-04-08T09:47:54","modified_gmt":"2016-04-08T12:47:54","slug":"la-literatura-como-cierre-de-la-muestra-de-marcela-brown","status":"publish","type":"post","link":"https:\/\/www.hoymercedes.com.ar\/principal\/2016\/04\/07\/la-literatura-como-cierre-de-la-muestra-de-marcela-brown\/","title":{"rendered":"La literatura como cierre de la muestra de Marcela Brown"},"content":{"rendered":"<p>El domingo 10 de abril, a las 18 horas, \u00a0cerrar\u00e1 la muestra de Marcela Brown. Instalaciones, pinturas, que desde el arte, dan cuenta de los a\u00f1os de dictadura.<\/p>\n<p>En ese marco se har\u00e1 un ciclo de lecturas en la que participar\u00e1n Eliana Ramponi y Gabriela Bourdieu, \u00a0Luc\u00eda Lascano de Luj\u00e1n con sus poemas y canciones, y \u00a0Gabriela Cabez\u00f3n C\u00e1mara, Juli\u00e1n L\u00f3pez y\u00a0Alejandra Zina, convocan con textos propios o ajenos a que las palabras \u00a0le den vuelta al horror.<\/p>\n<p>Estos \u00faltimos tres escritores forman parte de la antolog\u00eda \u00abGOLPES, relatos y memoria de la dictadura\u00bb,\u00a0\u00a0compilada por Victoria Torres y Miguel Dalmaroni donde 24 escritores que eran ni\u00f1os el 24 de marzo de 1976 , dan su testimonio a trav\u00e9s de cr\u00f3nicas o de ficciones.<\/p>\n<p>Cabe destacar que la muestra se inaugur\u00f3 el pasado 22 de marzo y est\u00e1 en exposicion desde esa fecha el Museo de Arte Municipalidad de Mercedes de calle 23 entre 18 y 16.<\/p>\n","protected":false},"excerpt":{"rendered":"<p>El domingo 10 de abril, a las 18 horas, \u00a0cerrar\u00e1 la muestra de Marcela Brown. Instalaciones, pinturas, que desde el &#8230; <a title=\"La literatura como cierre de la muestra de Marcela Brown\" class=\"read-more\" href=\"https:\/\/www.hoymercedes.com.ar\/principal\/2016\/04\/07\/la-literatura-como-cierre-de-la-muestra-de-marcela-brown\/\" aria-label=\"Leer m\u00e1s sobre La literatura como cierre de la muestra de Marcela Brown\">Leer m\u00e1s<\/a><\/p>\n","protected":false},"author":1,"featured_media":48107,"comment_status":"open","ping_status":"open","sticky":false,"template":"","format":"standard","meta":{"_monsterinsights_skip_tracking":false,"_monsterinsights_sitenote_active":false,"_monsterinsights_sitenote_note":"","_monsterinsights_sitenote_category":0,"jetpack_post_was_ever_published":false,"_jetpack_newsletter_access":"","_jetpack_dont_email_post_to_subs":false,"_jetpack_newsletter_tier_id":0,"_jetpack_memberships_contains_paywalled_content":false,"_jetpack_memberships_contains_paid_content":false,"footnotes":"","jetpack_publicize_message":"","jetpack_publicize_feature_enabled":true,"jetpack_social_post_already_shared":true,"jetpack_social_options":{"image_generator_settings":{"template":"highway","default_image_id":0,"font":"","enabled":false},"version":2},"_wpas_customize_per_network":false},"categories":[104],"tags":[4935,8673,73,8674,4937],"class_list":["post-48492","post","type-post","status-publish","format-standard","has-post-thumbnail","hentry","category-cultura","tag-memoria","tag-exposicion","tag-literatura","tag-mamm","tag-marcela-brown","generate-columns","tablet-grid-50","mobile-grid-100","grid-parent","grid-50"],"jetpack_publicize_connections":[],"jetpack_featured_media_url":"https:\/\/www.hoymercedes.com.ar\/principal\/wp-content\/uploads\/2016\/03\/23-memoria-1.jpg","wps_subtitle":"\"Memoria, a 40 a\u00f1os del Golpe\"","jetpack_sharing_enabled":true,"_links":{"self":[{"href":"https:\/\/www.hoymercedes.com.ar\/principal\/wp-json\/wp\/v2\/posts\/48492","targetHints":{"allow":["GET"]}}],"collection":[{"href":"https:\/\/www.hoymercedes.com.ar\/principal\/wp-json\/wp\/v2\/posts"}],"about":[{"href":"https:\/\/www.hoymercedes.com.ar\/principal\/wp-json\/wp\/v2\/types\/post"}],"author":[{"embeddable":true,"href":"https:\/\/www.hoymercedes.com.ar\/principal\/wp-json\/wp\/v2\/users\/1"}],"replies":[{"embeddable":true,"href":"https:\/\/www.hoymercedes.com.ar\/principal\/wp-json\/wp\/v2\/comments?post=48492"}],"version-history":[{"count":0,"href":"https:\/\/www.hoymercedes.com.ar\/principal\/wp-json\/wp\/v2\/posts\/48492\/revisions"}],"wp:featuredmedia":[{"embeddable":true,"href":"https:\/\/www.hoymercedes.com.ar\/principal\/wp-json\/wp\/v2\/media\/48107"}],"wp:attachment":[{"href":"https:\/\/www.hoymercedes.com.ar\/principal\/wp-json\/wp\/v2\/media?parent=48492"}],"wp:term":[{"taxonomy":"category","embeddable":true,"href":"https:\/\/www.hoymercedes.com.ar\/principal\/wp-json\/wp\/v2\/categories?post=48492"},{"taxonomy":"post_tag","embeddable":true,"href":"https:\/\/www.hoymercedes.com.ar\/principal\/wp-json\/wp\/v2\/tags?post=48492"}],"curies":[{"name":"wp","href":"https:\/\/api.w.org\/{rel}","templated":true}]}}