{"id":48508,"date":"2016-04-04T20:17:36","date_gmt":"2016-04-04T23:17:36","guid":{"rendered":"http:\/\/www.hoymercedes.com.ar\/principal\/?p=48508"},"modified":"2016-04-04T20:17:36","modified_gmt":"2016-04-04T23:17:36","slug":"el-fronton-empato-y-quedo-eliminado","status":"publish","type":"post","link":"https:\/\/www.hoymercedes.com.ar\/principal\/2016\/04\/04\/el-fronton-empato-y-quedo-eliminado\/","title":{"rendered":"El Front\u00f3n empat\u00f3 y qued\u00f3 eliminado"},"content":{"rendered":"<p><em><strong><img loading=\"lazy\" decoding=\"async\" data-attachment-id=\"48509\" data-permalink=\"https:\/\/www.hoymercedes.com.ar\/principal\/2016\/04\/04\/el-fronton-empato-y-quedo-eliminado\/4-fronton\/#main\" data-orig-file=\"https:\/\/www.hoymercedes.com.ar\/principal\/wp-content\/uploads\/2016\/04\/4-fronton.jpg\" data-orig-size=\"448,299\" data-comments-opened=\"1\" data-image-meta=\"{&quot;aperture&quot;:&quot;0&quot;,&quot;credit&quot;:&quot;&quot;,&quot;camera&quot;:&quot;&quot;,&quot;caption&quot;:&quot;&quot;,&quot;created_timestamp&quot;:&quot;0&quot;,&quot;copyright&quot;:&quot;&quot;,&quot;focal_length&quot;:&quot;0&quot;,&quot;iso&quot;:&quot;0&quot;,&quot;shutter_speed&quot;:&quot;0&quot;,&quot;title&quot;:&quot;&quot;,&quot;orientation&quot;:&quot;0&quot;}\" data-image-title=\"4 fronton\" data-image-description=\"\" data-image-caption=\"\" data-large-file=\"https:\/\/www.hoymercedes.com.ar\/principal\/wp-content\/uploads\/2016\/04\/4-fronton.jpg\" class=\"aligncenter size-full wp-image-48509\" src=\"https:\/\/www.hoymercedes.com.ar\/principal\/wp-content\/uploads\/2016\/04\/4-fronton.jpg\" alt=\"4 fronton\" width=\"448\" height=\"299\" srcset=\"https:\/\/www.hoymercedes.com.ar\/principal\/wp-content\/uploads\/2016\/04\/4-fronton.jpg 448w, https:\/\/www.hoymercedes.com.ar\/principal\/wp-content\/uploads\/2016\/04\/4-fronton-150x100.jpg 150w, https:\/\/www.hoymercedes.com.ar\/principal\/wp-content\/uploads\/2016\/04\/4-fronton-300x200.jpg 300w\" sizes=\"auto, (max-width: 448px) 100vw, 448px\" \/>Por Ariel Musante \/ El conjunto de Germ\u00e1n Stopiello no pudo dar vuelta la historia ante un rival de jerarqu\u00eda y qued\u00f3 eliminado luego de empatar como local en San Andr\u00e9s de Giles. Por disturbios en las tribunas, que luego se pasaron al campo de juego, el partido concluy\u00f3 7 minutos antes del final.<\/strong><\/em><\/p>\n<p>Con un imponente marco en el Jos\u00e9 \u201cTito\u201d Crosetti de San Andr\u00e9s de Giles El Front\u00f3n y Sportsman de Carmen de Areco jugaron el partido de vuelta de los octavos de final del torneo Federal C que termin\u00f3 empatado en uno por los goles de Pavone para la visita, que se puso en ventaja y de Pacheco de penal el empate. El global fue para el aurinegro por 5 a 3.<\/p>\n<p>Comenz\u00f3 el partido con dominio del local, que tuvo algunas situaciones de peligro pero que no pudieron lastimar. El dominio del juego se sostuvo hasta los 25 minutos cuando a partir de ah\u00ed fue la visita quien manej\u00f3 los hilos hasta el final del primer tiempo, que culmin\u00f3 cero a cero.<\/p>\n<p>A los 17 del complemento fue Tom\u00e1s Pavone, hermano de Mariano, actual jugador de V\u00e9lez, que se encontraba mirando el partido, el que puso el partido 1 a 0. A partir de ah\u00ed la situaci\u00f3n entr\u00f3 en tensi\u00f3n por algunas agresiones que recibi\u00f3 el DT de Sportsman por parte de la hinchada local y cuando parec\u00eda que la visita aumentaba la diferencia, el travesa\u00f1o le dijo que no.<\/p>\n<p>A los 38 lleg\u00f3 el empate de los de Giles con un penal convertido por Pacheco y luego de eso, Pavone y Lago, de Sportsman, son expulsados por una agresi\u00f3n mutua. La situaci\u00f3n a partir de ah\u00ed se descontrol\u00f3 y volvieron los incidentes desde la tribuna y tambi\u00e9n dentro del campo de juego y entonces el juez del partido Federico Deluca resolvi\u00f3 concluirlo a poco del final.<\/p>\n<p>El aurinegro ahora seguir\u00e1 su camino ante Sportivo Barracas de Col\u00f3n, mientras que El Front\u00f3n empezar\u00e1 a ponerse al d\u00eda con el Apertura de la Liga Mercedina.<\/p>\n","protected":false},"excerpt":{"rendered":"<p>Por Ariel Musante \/ El conjunto de Germ\u00e1n Stopiello no pudo dar vuelta la historia ante un rival de jerarqu\u00eda &#8230; <a title=\"El Front\u00f3n empat\u00f3 y qued\u00f3 eliminado\" class=\"read-more\" href=\"https:\/\/www.hoymercedes.com.ar\/principal\/2016\/04\/04\/el-fronton-empato-y-quedo-eliminado\/\" aria-label=\"Leer m\u00e1s sobre El Front\u00f3n empat\u00f3 y qued\u00f3 eliminado\">Leer m\u00e1s<\/a><\/p>\n","protected":false},"author":1,"featured_media":48509,"comment_status":"open","ping_status":"open","sticky":false,"template":"","format":"standard","meta":{"_monsterinsights_skip_tracking":false,"_monsterinsights_sitenote_active":false,"_monsterinsights_sitenote_note":"","_monsterinsights_sitenote_category":0,"jetpack_post_was_ever_published":false,"_jetpack_newsletter_access":"","_jetpack_dont_email_post_to_subs":false,"_jetpack_newsletter_tier_id":0,"_jetpack_memberships_contains_paywalled_content":false,"_jetpack_memberships_contains_paid_content":false,"footnotes":"","jetpack_publicize_message":"","jetpack_publicize_feature_enabled":true,"jetpack_social_post_already_shared":true,"jetpack_social_options":{"image_generator_settings":{"template":"highway","default_image_id":0,"font":"","enabled":false},"version":2},"_wpas_customize_per_network":false},"categories":[21],"tags":[204,8412,8891,1003,8733,8892],"class_list":["post-48508","post","type-post","status-publish","format-standard","has-post-thumbnail","hentry","category-deportes","tag-deportes-2","tag-federal-c","tag-fronton","tag-futbol","tag-musante","tag-sportsman","generate-columns","tablet-grid-50","mobile-grid-100","grid-parent","grid-50"],"jetpack_publicize_connections":[],"jetpack_featured_media_url":"https:\/\/www.hoymercedes.com.ar\/principal\/wp-content\/uploads\/2016\/04\/4-fronton.jpg","wps_subtitle":"Federal C","jetpack_sharing_enabled":true,"_links":{"self":[{"href":"https:\/\/www.hoymercedes.com.ar\/principal\/wp-json\/wp\/v2\/posts\/48508","targetHints":{"allow":["GET"]}}],"collection":[{"href":"https:\/\/www.hoymercedes.com.ar\/principal\/wp-json\/wp\/v2\/posts"}],"about":[{"href":"https:\/\/www.hoymercedes.com.ar\/principal\/wp-json\/wp\/v2\/types\/post"}],"author":[{"embeddable":true,"href":"https:\/\/www.hoymercedes.com.ar\/principal\/wp-json\/wp\/v2\/users\/1"}],"replies":[{"embeddable":true,"href":"https:\/\/www.hoymercedes.com.ar\/principal\/wp-json\/wp\/v2\/comments?post=48508"}],"version-history":[{"count":0,"href":"https:\/\/www.hoymercedes.com.ar\/principal\/wp-json\/wp\/v2\/posts\/48508\/revisions"}],"wp:featuredmedia":[{"embeddable":true,"href":"https:\/\/www.hoymercedes.com.ar\/principal\/wp-json\/wp\/v2\/media\/48509"}],"wp:attachment":[{"href":"https:\/\/www.hoymercedes.com.ar\/principal\/wp-json\/wp\/v2\/media?parent=48508"}],"wp:term":[{"taxonomy":"category","embeddable":true,"href":"https:\/\/www.hoymercedes.com.ar\/principal\/wp-json\/wp\/v2\/categories?post=48508"},{"taxonomy":"post_tag","embeddable":true,"href":"https:\/\/www.hoymercedes.com.ar\/principal\/wp-json\/wp\/v2\/tags?post=48508"}],"curies":[{"name":"wp","href":"https:\/\/api.w.org\/{rel}","templated":true}]}}