{"id":48522,"date":"2016-04-05T13:48:23","date_gmt":"2016-04-05T16:48:23","guid":{"rendered":"http:\/\/www.hoymercedes.com.ar\/principal\/?p=48522"},"modified":"2016-04-08T12:25:18","modified_gmt":"2016-04-08T15:25:18","slug":"lertora-lo-mas-importante-es-sumar","status":"publish","type":"post","link":"https:\/\/www.hoymercedes.com.ar\/principal\/2016\/04\/05\/lertora-lo-mas-importante-es-sumar\/","title":{"rendered":"L\u00e9rtora: \u201cLo m\u00e1s importante es sumar\u201d"},"content":{"rendered":"<p>Por Ariel Musante \/ El volante central de Arsenal, uno de los animadores del torneo, habl\u00f3 al diario deportivo y baj\u00f3 el perfil con el que se lo mira al cuadro del viaducto al se\u00f1alar que su preocupaci\u00f3n es la de engrosar el promedio y no el de ser campe\u00f3n.<\/p>\n<p>Tras la victoria por 1 a 0 de Arsenal de Sarandi ante Defensa y Justicia, que lo dej\u00f3 muy cerca del puntero Godoy Cruz, Federico L\u00e9rtora coment\u00f3 que \u00abno pensamos en el campeonato, tenemos los objetivos bien claros. Lo m\u00e1s importante es sumar para engrosar el promedio\u00bb, revel\u00f3 el volante en una charla con Gol de Vestuario, haciendo referencia a la meta de evitar el descenso. Aunque luego admiti\u00f3: \u00abVeremos en unas fechas para qu\u00e9 estamos, obviamente tenemos la ilusi\u00f3n, pero vamos paso a paso. A no apresurarse\u00bb.<\/p>\n<p>Respecto a este gran momento que atraviesa el Arse, L\u00e9rtora habl\u00f3 en el Diario\u00a0deportivo\u00a0Ol\u00e9 sobre su presente, y resalt\u00f3 el trabajo de Huevo Rondina en el plantel. \u00abSiempre uno quiere crecer, el rendimiento del equipo hace que algunos resaltemos un poco m\u00e1s. En lo personal, me siento con mucha confianza, y estoy muy contento. Quiero seguir creciendo y mejorando. Desde enero que se normaliz\u00f3 el club, con la llegada de un nuevo cuerpo t\u00e9cnico. Sergio (Rondina) vino con muchas ganas de laburar y ganarse un lugar\u00bb, concluy\u00f3 el ex Godoy Cruz de Mendoza.<\/p>\n","protected":false},"excerpt":{"rendered":"<p>Por Ariel Musante \/ El volante central de Arsenal, uno de los animadores del torneo, habl\u00f3 al diario deportivo y &#8230; <a title=\"L\u00e9rtora: \u201cLo m\u00e1s importante es sumar\u201d\" class=\"read-more\" href=\"https:\/\/www.hoymercedes.com.ar\/principal\/2016\/04\/05\/lertora-lo-mas-importante-es-sumar\/\" aria-label=\"Leer m\u00e1s sobre L\u00e9rtora: \u201cLo m\u00e1s importante es sumar\u201d\">Leer m\u00e1s<\/a><\/p>\n","protected":false},"author":1,"featured_media":48523,"comment_status":"open","ping_status":"open","sticky":false,"template":"","format":"standard","meta":{"_monsterinsights_skip_tracking":false,"_monsterinsights_sitenote_active":false,"_monsterinsights_sitenote_note":"","_monsterinsights_sitenote_category":0,"jetpack_post_was_ever_published":false,"_jetpack_newsletter_access":"","_jetpack_dont_email_post_to_subs":false,"_jetpack_newsletter_tier_id":0,"_jetpack_memberships_contains_paywalled_content":false,"_jetpack_memberships_contains_paid_content":false,"footnotes":"","jetpack_publicize_message":"","jetpack_publicize_feature_enabled":true,"jetpack_social_post_already_shared":true,"jetpack_social_options":{"image_generator_settings":{"template":"highway","default_image_id":0,"font":"","enabled":false},"version":2},"_wpas_customize_per_network":false},"categories":[21],"tags":[6696,8897,8896,8733],"class_list":["post-48522","post","type-post","status-publish","format-standard","has-post-thumbnail","hentry","category-deportes","tag-deporte","tag-legion","tag-lertora","tag-musante","generate-columns","tablet-grid-50","mobile-grid-100","grid-parent","grid-50"],"jetpack_publicize_connections":[],"jetpack_featured_media_url":"https:\/\/www.hoymercedes.com.ar\/principal\/wp-content\/uploads\/2016\/04\/05-Lertora-arsenal-2.jpg","wps_subtitle":"La Legi\u00f3n","jetpack_sharing_enabled":true,"_links":{"self":[{"href":"https:\/\/www.hoymercedes.com.ar\/principal\/wp-json\/wp\/v2\/posts\/48522","targetHints":{"allow":["GET"]}}],"collection":[{"href":"https:\/\/www.hoymercedes.com.ar\/principal\/wp-json\/wp\/v2\/posts"}],"about":[{"href":"https:\/\/www.hoymercedes.com.ar\/principal\/wp-json\/wp\/v2\/types\/post"}],"author":[{"embeddable":true,"href":"https:\/\/www.hoymercedes.com.ar\/principal\/wp-json\/wp\/v2\/users\/1"}],"replies":[{"embeddable":true,"href":"https:\/\/www.hoymercedes.com.ar\/principal\/wp-json\/wp\/v2\/comments?post=48522"}],"version-history":[{"count":0,"href":"https:\/\/www.hoymercedes.com.ar\/principal\/wp-json\/wp\/v2\/posts\/48522\/revisions"}],"wp:featuredmedia":[{"embeddable":true,"href":"https:\/\/www.hoymercedes.com.ar\/principal\/wp-json\/wp\/v2\/media\/48523"}],"wp:attachment":[{"href":"https:\/\/www.hoymercedes.com.ar\/principal\/wp-json\/wp\/v2\/media?parent=48522"}],"wp:term":[{"taxonomy":"category","embeddable":true,"href":"https:\/\/www.hoymercedes.com.ar\/principal\/wp-json\/wp\/v2\/categories?post=48522"},{"taxonomy":"post_tag","embeddable":true,"href":"https:\/\/www.hoymercedes.com.ar\/principal\/wp-json\/wp\/v2\/tags?post=48522"}],"curies":[{"name":"wp","href":"https:\/\/api.w.org\/{rel}","templated":true}]}}