{"id":48537,"date":"2016-04-08T14:19:21","date_gmt":"2016-04-08T17:19:21","guid":{"rendered":"http:\/\/www.hoymercedes.com.ar\/principal\/?p=48537"},"modified":"2016-04-05T14:32:12","modified_gmt":"2016-04-05T17:32:12","slug":"otra-vez-vos-en-vivo-en-el-teatro-municipal","status":"publish","type":"post","link":"https:\/\/www.hoymercedes.com.ar\/principal\/2016\/04\/08\/otra-vez-vos-en-vivo-en-el-teatro-municipal\/","title":{"rendered":"Otra Vez Vos en vivo en el teatro municipal"},"content":{"rendered":"<p>El venidero s\u00e1bado 7 de mayo, la banda de rock-ska-reggae de Mercedes, Otra Vez Vos festeja sus 6 a\u00f1os de vida y lo hace con un recital en el Teatro Argentino \u00abJulio C. Gioscio\u00bb, ubicado en calle 27 entre 24 y 26.<\/p>\n<p>\u00abQueremos contar que vamos a filmar nuestro primer DVD\u00a0en vivo por eso invitamos a que sea una verdadera fiesta, estar\u00e1 con nosotros el amigo Pelambre, malabaristas, muchos amigos invitados! Adem\u00e1s, las visuales corren a cargo del amigo Tano Ver\u00f3n, un gran artista de nuestra ciudad\u00bb, adelantaron los integrantes del grupo que encabeza con su voz Agust\u00edn Castro.<\/p>\n<p>La banda que integran Agust\u00edn Castro en voz, Isa\u00edas Freire en guitarra y coros, Franco Di Catarina en trompeta, teclados y acorde\u00f3n; Juan Pablo Di Catarina en tromb\u00f3n y coros, Mart\u00edn Gamaler en bater\u00edai, Federico Rementer\u00eda en percusi\u00f3n, Jonatan Paj\u00f3n en bajo, Lol\u00f3 Cisneros en el saxo,<br \/>\nNicol\u00e1s Coronel en trompeta y\u00a0Julian Cardoso &#8211; Percusi\u00f3n.<\/p>\n<p>Las entradas para el recital est\u00e1n disponibles desde el 7 de abril. El valor es de 50 pesos. Los puntos de venta son:\u00a0Peluquer\u00eda LOLA, (calle 31 esquina 24 de lunes a s\u00e1bados de 10 a 20 hs);\u00a0Videoclub LOS AMIGOS\u00a0(calle 23 entre 24 y 26 de lunes a viernes de 10 a 20 hs);\u00a0OSEZNO (calle 18 esquina 25 en horario de comercio);\u00a0CASA MARANDS (calle 18 entre 25 y 23 en horario de comercio) y a trav\u00e9s de cualquiera de los integrantes de la banda v\u00eda mensaje privado en redes sociales.\u00a0<img loading=\"lazy\" decoding=\"async\" data-attachment-id=\"48538\" data-permalink=\"https:\/\/www.hoymercedes.com.ar\/principal\/2016\/04\/08\/otra-vez-vos-en-vivo-en-el-teatro-municipal\/08-otra-vez-vos\/#main\" data-orig-file=\"https:\/\/www.hoymercedes.com.ar\/principal\/wp-content\/uploads\/2016\/04\/08-otra-vez-vos.jpg\" data-orig-size=\"448,336\" data-comments-opened=\"1\" data-image-meta=\"{&quot;aperture&quot;:&quot;0&quot;,&quot;credit&quot;:&quot;&quot;,&quot;camera&quot;:&quot;&quot;,&quot;caption&quot;:&quot;&quot;,&quot;created_timestamp&quot;:&quot;0&quot;,&quot;copyright&quot;:&quot;&quot;,&quot;focal_length&quot;:&quot;0&quot;,&quot;iso&quot;:&quot;0&quot;,&quot;shutter_speed&quot;:&quot;0&quot;,&quot;title&quot;:&quot;&quot;,&quot;orientation&quot;:&quot;0&quot;}\" data-image-title=\"08 otra vez vos\" data-image-description=\"\" data-image-caption=\"\" data-large-file=\"https:\/\/www.hoymercedes.com.ar\/principal\/wp-content\/uploads\/2016\/04\/08-otra-vez-vos.jpg\" class=\"aligncenter size-full wp-image-48538\" src=\"https:\/\/www.hoymercedes.com.ar\/principal\/wp-content\/uploads\/2016\/04\/08-otra-vez-vos.jpg\" alt=\"08 otra vez vos\" width=\"448\" height=\"336\" srcset=\"https:\/\/www.hoymercedes.com.ar\/principal\/wp-content\/uploads\/2016\/04\/08-otra-vez-vos.jpg 448w, https:\/\/www.hoymercedes.com.ar\/principal\/wp-content\/uploads\/2016\/04\/08-otra-vez-vos-150x113.jpg 150w\" sizes=\"auto, (max-width: 448px) 100vw, 448px\" \/><\/p>\n<p>&nbsp;<\/p>\n","protected":false},"excerpt":{"rendered":"<p>El venidero s\u00e1bado 7 de mayo, la banda de rock-ska-reggae de Mercedes, Otra Vez Vos festeja sus 6 a\u00f1os de &#8230; <a title=\"Otra Vez Vos en vivo en el teatro municipal\" class=\"read-more\" href=\"https:\/\/www.hoymercedes.com.ar\/principal\/2016\/04\/08\/otra-vez-vos-en-vivo-en-el-teatro-municipal\/\" aria-label=\"Leer m\u00e1s sobre Otra Vez Vos en vivo en el teatro municipal\">Leer m\u00e1s<\/a><\/p>\n","protected":false},"author":1,"featured_media":48538,"comment_status":"open","ping_status":"open","sticky":false,"template":"","format":"standard","meta":{"_monsterinsights_skip_tracking":false,"_monsterinsights_sitenote_active":false,"_monsterinsights_sitenote_note":"","_monsterinsights_sitenote_category":0,"jetpack_post_was_ever_published":false,"_jetpack_newsletter_access":"","_jetpack_dont_email_post_to_subs":false,"_jetpack_newsletter_tier_id":0,"_jetpack_memberships_contains_paywalled_content":false,"_jetpack_memberships_contains_paid_content":false,"footnotes":"","jetpack_publicize_message":"","jetpack_publicize_feature_enabled":true,"jetpack_social_post_already_shared":true,"jetpack_social_options":{"image_generator_settings":{"template":"highway","default_image_id":0,"font":"","enabled":false},"version":2},"_wpas_customize_per_network":false},"categories":[104],"tags":[8539,3167,8902,265,8903,3147],"class_list":["post-48537","post","type-post","status-publish","format-standard","has-post-thumbnail","hentry","category-cultura","tag-musica","tag-otra-vez-vos","tag-reggae","tag-rock","tag-ska","tag-teatro-argentino","generate-columns","tablet-grid-50","mobile-grid-100","grid-parent","grid-50"],"jetpack_publicize_connections":[],"jetpack_featured_media_url":"https:\/\/www.hoymercedes.com.ar\/principal\/wp-content\/uploads\/2016\/04\/08-otra-vez-vos.jpg","wps_subtitle":"El 7 de mayo","jetpack_sharing_enabled":true,"_links":{"self":[{"href":"https:\/\/www.hoymercedes.com.ar\/principal\/wp-json\/wp\/v2\/posts\/48537","targetHints":{"allow":["GET"]}}],"collection":[{"href":"https:\/\/www.hoymercedes.com.ar\/principal\/wp-json\/wp\/v2\/posts"}],"about":[{"href":"https:\/\/www.hoymercedes.com.ar\/principal\/wp-json\/wp\/v2\/types\/post"}],"author":[{"embeddable":true,"href":"https:\/\/www.hoymercedes.com.ar\/principal\/wp-json\/wp\/v2\/users\/1"}],"replies":[{"embeddable":true,"href":"https:\/\/www.hoymercedes.com.ar\/principal\/wp-json\/wp\/v2\/comments?post=48537"}],"version-history":[{"count":0,"href":"https:\/\/www.hoymercedes.com.ar\/principal\/wp-json\/wp\/v2\/posts\/48537\/revisions"}],"wp:featuredmedia":[{"embeddable":true,"href":"https:\/\/www.hoymercedes.com.ar\/principal\/wp-json\/wp\/v2\/media\/48538"}],"wp:attachment":[{"href":"https:\/\/www.hoymercedes.com.ar\/principal\/wp-json\/wp\/v2\/media?parent=48537"}],"wp:term":[{"taxonomy":"category","embeddable":true,"href":"https:\/\/www.hoymercedes.com.ar\/principal\/wp-json\/wp\/v2\/categories?post=48537"},{"taxonomy":"post_tag","embeddable":true,"href":"https:\/\/www.hoymercedes.com.ar\/principal\/wp-json\/wp\/v2\/tags?post=48537"}],"curies":[{"name":"wp","href":"https:\/\/api.w.org\/{rel}","templated":true}]}}