{"id":48551,"date":"2016-04-05T22:03:16","date_gmt":"2016-04-06T01:03:16","guid":{"rendered":"http:\/\/www.hoymercedes.com.ar\/principal\/?p=48551"},"modified":"2016-04-16T08:55:02","modified_gmt":"2016-04-16T11:55:02","slug":"ruta-5-se-choco-una-columna-a-la-altura-de-jauregui","status":"publish","type":"post","link":"https:\/\/www.hoymercedes.com.ar\/principal\/2016\/04\/05\/ruta-5-se-choco-una-columna-a-la-altura-de-jauregui\/","title":{"rendered":"Ruta 5: se choc\u00f3 una columna a la altura de J\u00e1uregui"},"content":{"rendered":"<figure id=\"attachment_48552\" aria-describedby=\"caption-attachment-48552\" style=\"width: 590px\" class=\"wp-caption aligncenter\"><img loading=\"lazy\" decoding=\"async\" data-attachment-id=\"48552\" data-permalink=\"https:\/\/www.hoymercedes.com.ar\/principal\/2016\/04\/05\/ruta-5-se-choco-una-columna-a-la-altura-de-jauregui\/civic-5-1\/#main\" data-orig-file=\"https:\/\/www.hoymercedes.com.ar\/principal\/wp-content\/uploads\/2016\/04\/civic-5-1.png\" data-orig-size=\"600,421\" data-comments-opened=\"1\" data-image-meta=\"{&quot;aperture&quot;:&quot;0&quot;,&quot;credit&quot;:&quot;&quot;,&quot;camera&quot;:&quot;&quot;,&quot;caption&quot;:&quot;&quot;,&quot;created_timestamp&quot;:&quot;0&quot;,&quot;copyright&quot;:&quot;&quot;,&quot;focal_length&quot;:&quot;0&quot;,&quot;iso&quot;:&quot;0&quot;,&quot;shutter_speed&quot;:&quot;0&quot;,&quot;title&quot;:&quot;&quot;,&quot;orientation&quot;:&quot;0&quot;}\" data-image-title=\"civic-5-1\" data-image-description=\"\" data-image-caption=\"\" data-large-file=\"https:\/\/www.hoymercedes.com.ar\/principal\/wp-content\/uploads\/2016\/04\/civic-5-1.png\" class=\"wp-image-48552 size-full\" src=\"https:\/\/www.hoymercedes.com.ar\/principal\/wp-content\/uploads\/2016\/04\/civic-5-1.png\" alt=\"civic-5-1\" width=\"600\" height=\"421\" srcset=\"https:\/\/www.hoymercedes.com.ar\/principal\/wp-content\/uploads\/2016\/04\/civic-5-1.png 600w, https:\/\/www.hoymercedes.com.ar\/principal\/wp-content\/uploads\/2016\/04\/civic-5-1-150x105.png 150w\" sizes=\"auto, (max-width: 600px) 100vw, 600px\" \/><figcaption id=\"caption-attachment-48552\" class=\"wp-caption-text\">Foto: El civismo<\/figcaption><\/figure>\n<p>&nbsp;<\/p>\n<p><strong>El conductor que choc\u00f3 la columna result\u00f3 con heridas. Fue el pasado martes 5. La situaci\u00f3n vuelve a poner en debate la necesidad de contar con la autopista. Todo sucedi\u00f3 cerca de las 21.00hs a pocos metros de la salida del barrio Loreto, en J\u00e1uregui<\/strong><\/p>\n<p>El conductor y \u00fanico ocupante termin\u00f3 con heridas. Fue atendido por responsables de la salud de Luj\u00e1n. Se movilizaba en un Honda Civic con destino a Capital Federal, proveniente de 9 de Julio. Seg\u00fan se supo \u201csali\u00f3 de la cinta asf\u00e1ltica golpe\u00f3 del lado del conductor con una de las luminarias y descontrolado fue haciendo trompos hasta terminar contra la columna siguiente\u201d, expuso el Civismo.<\/p>\n<p>El hombre qued\u00f3 aprisionado en el coche siendo los Bomberos Voluntarios quienes lo liberaron. El golpe arranc\u00f3 la luminaria\u00a0<span style=\"font-size: 13.5pt; font-family: 'Open Sans','serif'; color: black;\">dejando un sector oscuro y quedando el auto casi como destrucci\u00f3n total.<\/span><\/p>\n<p>Por el momento se desconocen las causas.<\/p>\n<figure id=\"attachment_48553\" aria-describedby=\"caption-attachment-48553\" style=\"width: 610px\" class=\"wp-caption aligncenter\"><img loading=\"lazy\" decoding=\"async\" data-attachment-id=\"48553\" data-permalink=\"https:\/\/www.hoymercedes.com.ar\/principal\/2016\/04\/05\/ruta-5-se-choco-una-columna-a-la-altura-de-jauregui\/civic-5-2\/#main\" data-orig-file=\"https:\/\/www.hoymercedes.com.ar\/principal\/wp-content\/uploads\/2016\/04\/civic-5-2.png\" data-orig-size=\"409,286\" data-comments-opened=\"1\" data-image-meta=\"{&quot;aperture&quot;:&quot;0&quot;,&quot;credit&quot;:&quot;&quot;,&quot;camera&quot;:&quot;&quot;,&quot;caption&quot;:&quot;&quot;,&quot;created_timestamp&quot;:&quot;0&quot;,&quot;copyright&quot;:&quot;&quot;,&quot;focal_length&quot;:&quot;0&quot;,&quot;iso&quot;:&quot;0&quot;,&quot;shutter_speed&quot;:&quot;0&quot;,&quot;title&quot;:&quot;&quot;,&quot;orientation&quot;:&quot;0&quot;}\" data-image-title=\"civic-5-2\" data-image-description=\"\" data-image-caption=\"\" data-large-file=\"https:\/\/www.hoymercedes.com.ar\/principal\/wp-content\/uploads\/2016\/04\/civic-5-2.png\" class=\"wp-image-48553\" src=\"https:\/\/www.hoymercedes.com.ar\/principal\/wp-content\/uploads\/2016\/04\/civic-5-2.png\" alt=\"civic-5-2\" width=\"620\" height=\"434\" srcset=\"https:\/\/www.hoymercedes.com.ar\/principal\/wp-content\/uploads\/2016\/04\/civic-5-2.png 409w, https:\/\/www.hoymercedes.com.ar\/principal\/wp-content\/uploads\/2016\/04\/civic-5-2-150x105.png 150w\" sizes=\"auto, (max-width: 620px) 100vw, 620px\" \/><figcaption id=\"caption-attachment-48553\" class=\"wp-caption-text\">Foto: El Civismo<\/figcaption><\/figure>\n<p>&nbsp;<\/p>\n","protected":false},"excerpt":{"rendered":"<p>&nbsp; El conductor que choc\u00f3 la columna result\u00f3 con heridas. Fue el pasado martes 5. La situaci\u00f3n vuelve a poner &#8230; <a title=\"Ruta 5: se choc\u00f3 una columna a la altura de J\u00e1uregui\" class=\"read-more\" href=\"https:\/\/www.hoymercedes.com.ar\/principal\/2016\/04\/05\/ruta-5-se-choco-una-columna-a-la-altura-de-jauregui\/\" aria-label=\"Leer m\u00e1s sobre Ruta 5: se choc\u00f3 una columna a la altura de J\u00e1uregui\">Leer m\u00e1s<\/a><\/p>\n","protected":false},"author":1,"featured_media":48553,"comment_status":"open","ping_status":"open","sticky":false,"template":"","format":"standard","meta":{"_monsterinsights_skip_tracking":false,"_monsterinsights_sitenote_active":false,"_monsterinsights_sitenote_note":"","_monsterinsights_sitenote_category":0,"jetpack_post_was_ever_published":false,"_jetpack_newsletter_access":"","_jetpack_dont_email_post_to_subs":false,"_jetpack_newsletter_tier_id":0,"_jetpack_memberships_contains_paywalled_content":false,"_jetpack_memberships_contains_paid_content":false,"footnotes":"","jetpack_publicize_message":"","jetpack_publicize_feature_enabled":true,"jetpack_social_post_already_shared":true,"jetpack_social_options":{"image_generator_settings":{"template":"highway","default_image_id":0,"font":"","enabled":false},"version":2},"_wpas_customize_per_network":false},"categories":[85],"tags":[647,8905],"class_list":["post-48551","post","type-post","status-publish","format-standard","has-post-thumbnail","hentry","category-policial","tag-accidente-ruta-5","tag-choque-ruta-5","generate-columns","tablet-grid-50","mobile-grid-100","grid-parent","grid-50"],"jetpack_publicize_connections":[],"jetpack_featured_media_url":"https:\/\/www.hoymercedes.com.ar\/principal\/wp-content\/uploads\/2016\/04\/civic-5-2.png","wps_subtitle":"Una vez m\u00e1s...","jetpack_sharing_enabled":true,"_links":{"self":[{"href":"https:\/\/www.hoymercedes.com.ar\/principal\/wp-json\/wp\/v2\/posts\/48551","targetHints":{"allow":["GET"]}}],"collection":[{"href":"https:\/\/www.hoymercedes.com.ar\/principal\/wp-json\/wp\/v2\/posts"}],"about":[{"href":"https:\/\/www.hoymercedes.com.ar\/principal\/wp-json\/wp\/v2\/types\/post"}],"author":[{"embeddable":true,"href":"https:\/\/www.hoymercedes.com.ar\/principal\/wp-json\/wp\/v2\/users\/1"}],"replies":[{"embeddable":true,"href":"https:\/\/www.hoymercedes.com.ar\/principal\/wp-json\/wp\/v2\/comments?post=48551"}],"version-history":[{"count":0,"href":"https:\/\/www.hoymercedes.com.ar\/principal\/wp-json\/wp\/v2\/posts\/48551\/revisions"}],"wp:featuredmedia":[{"embeddable":true,"href":"https:\/\/www.hoymercedes.com.ar\/principal\/wp-json\/wp\/v2\/media\/48553"}],"wp:attachment":[{"href":"https:\/\/www.hoymercedes.com.ar\/principal\/wp-json\/wp\/v2\/media?parent=48551"}],"wp:term":[{"taxonomy":"category","embeddable":true,"href":"https:\/\/www.hoymercedes.com.ar\/principal\/wp-json\/wp\/v2\/categories?post=48551"},{"taxonomy":"post_tag","embeddable":true,"href":"https:\/\/www.hoymercedes.com.ar\/principal\/wp-json\/wp\/v2\/tags?post=48551"}],"curies":[{"name":"wp","href":"https:\/\/api.w.org\/{rel}","templated":true}]}}