{"id":48563,"date":"2016-04-06T10:45:42","date_gmt":"2016-04-06T13:45:42","guid":{"rendered":"http:\/\/www.hoymercedes.com.ar\/principal\/?p=48563"},"modified":"2016-04-06T11:31:10","modified_gmt":"2016-04-06T14:31:10","slug":"la-vecina-atacada-por-la-jauria-fallecio-de-panico","status":"publish","type":"post","link":"https:\/\/www.hoymercedes.com.ar\/principal\/2016\/04\/06\/la-vecina-atacada-por-la-jauria-fallecio-de-panico\/","title":{"rendered":"La vecina atacada por la jaur\u00eda falleci\u00f3 de p\u00e1nico"},"content":{"rendered":"<p>Por estas horas se conocieron los primeros datos de la autopsia a la vecina que falleci\u00f3 el pasado lunes tras ser atacada por una jaur\u00eda de perros en calle 54 \u00a0y 115.<\/p>\n<p>Seg\u00fan se supo, si bien ten\u00eda al menos dos heridas de gravedad las mismas no ser\u00edan mortales y se estableci\u00f3 que su deceso se produjo como consecuencia de un paro cardiorespiratorio ocasionado por el p\u00e1nico que le produjo el ataque.<\/p>\n<p>La vecina Mar\u00eda Elena Toledo de Rondeau de 81 a\u00f1os se domiciliaba en calle 58 y 115. Sus restos fueron inhumados el d\u00eda martes.<\/p>\n","protected":false},"excerpt":{"rendered":"<p>Por estas horas se conocieron los primeros datos de la autopsia a la vecina que falleci\u00f3 el pasado lunes tras &#8230; <a title=\"La vecina atacada por la jaur\u00eda falleci\u00f3 de p\u00e1nico\" class=\"read-more\" href=\"https:\/\/www.hoymercedes.com.ar\/principal\/2016\/04\/06\/la-vecina-atacada-por-la-jauria-fallecio-de-panico\/\" aria-label=\"Leer m\u00e1s sobre La vecina atacada por la jaur\u00eda falleci\u00f3 de p\u00e1nico\">Leer m\u00e1s<\/a><\/p>\n","protected":false},"author":1,"featured_media":48241,"comment_status":"open","ping_status":"open","sticky":false,"template":"","format":"standard","meta":{"_monsterinsights_skip_tracking":false,"_monsterinsights_sitenote_active":false,"_monsterinsights_sitenote_note":"","_monsterinsights_sitenote_category":0,"jetpack_post_was_ever_published":false,"_jetpack_newsletter_access":"","_jetpack_dont_email_post_to_subs":false,"_jetpack_newsletter_tier_id":0,"_jetpack_memberships_contains_paywalled_content":false,"_jetpack_memberships_contains_paid_content":false,"footnotes":"","jetpack_publicize_message":"","jetpack_publicize_feature_enabled":true,"jetpack_social_post_already_shared":true,"jetpack_social_options":{"image_generator_settings":{"template":"highway","default_image_id":0,"font":"","enabled":false},"version":2},"_wpas_customize_per_network":false},"categories":[85],"tags":[8894,8895],"class_list":["post-48563","post","type-post","status-publish","format-standard","has-post-thumbnail","hentry","category-policial","tag-ataque","tag-jauria","generate-columns","tablet-grid-50","mobile-grid-100","grid-parent","grid-50"],"jetpack_publicize_connections":[],"jetpack_featured_media_url":"https:\/\/www.hoymercedes.com.ar\/principal\/wp-content\/uploads\/2016\/03\/poli-1.jpg","wps_subtitle":"La autopsia determin\u00f3 que no fue por las heridas","jetpack_sharing_enabled":true,"_links":{"self":[{"href":"https:\/\/www.hoymercedes.com.ar\/principal\/wp-json\/wp\/v2\/posts\/48563","targetHints":{"allow":["GET"]}}],"collection":[{"href":"https:\/\/www.hoymercedes.com.ar\/principal\/wp-json\/wp\/v2\/posts"}],"about":[{"href":"https:\/\/www.hoymercedes.com.ar\/principal\/wp-json\/wp\/v2\/types\/post"}],"author":[{"embeddable":true,"href":"https:\/\/www.hoymercedes.com.ar\/principal\/wp-json\/wp\/v2\/users\/1"}],"replies":[{"embeddable":true,"href":"https:\/\/www.hoymercedes.com.ar\/principal\/wp-json\/wp\/v2\/comments?post=48563"}],"version-history":[{"count":0,"href":"https:\/\/www.hoymercedes.com.ar\/principal\/wp-json\/wp\/v2\/posts\/48563\/revisions"}],"wp:featuredmedia":[{"embeddable":true,"href":"https:\/\/www.hoymercedes.com.ar\/principal\/wp-json\/wp\/v2\/media\/48241"}],"wp:attachment":[{"href":"https:\/\/www.hoymercedes.com.ar\/principal\/wp-json\/wp\/v2\/media?parent=48563"}],"wp:term":[{"taxonomy":"category","embeddable":true,"href":"https:\/\/www.hoymercedes.com.ar\/principal\/wp-json\/wp\/v2\/categories?post=48563"},{"taxonomy":"post_tag","embeddable":true,"href":"https:\/\/www.hoymercedes.com.ar\/principal\/wp-json\/wp\/v2\/tags?post=48563"}],"curies":[{"name":"wp","href":"https:\/\/api.w.org\/{rel}","templated":true}]}}