{"id":48590,"date":"2016-04-06T19:12:30","date_gmt":"2016-04-06T22:12:30","guid":{"rendered":"http:\/\/www.hoymercedes.com.ar\/principal\/?p=48590"},"modified":"2016-04-06T19:12:30","modified_gmt":"2016-04-06T22:12:30","slug":"se-realizo-reunion-del-copret","status":"publish","type":"post","link":"https:\/\/www.hoymercedes.com.ar\/principal\/2016\/04\/06\/se-realizo-reunion-del-copret\/","title":{"rendered":"Se realiz\u00f3 reuni\u00f3n del COPRET"},"content":{"rendered":"<p>La mesa directiva de nuestra ciudad del Consejo Provincial de Educaci\u00f3n y Trabajo (C.O.P.R.E.T.) desarroll\u00f3 un nuevo encuentro, en la sede de la C\u00e1mara Econ\u00f3mica Mercedina.<\/p>\n<p>\u00abEl municipio viene participando activamente de las actividades y propuestas que se van desarrollando en el seno de este espacio donde, entre ellas, se destaca el hecho de trabajar intensamente con aquellos organismos de la jurisdicci\u00f3n local, provincial y nacional, cuyos objetivos y estrategias de acci\u00f3n, tiendan al mejoramiento de las condiciones socio-educativo-laborales. Desarrollar acciones institucionales en conjunto con los distintos niveles y modalidades del Sistema Educativo Provincial e implementar programas de capacitaci\u00f3n, en articulaci\u00f3n directa con Universidades y Organizaciones de la Comunidad, destinadas a tal fin, acompa\u00f1ando adem\u00e1s el quehacer de los Consejos Consultivos Regionales y Mesas Distritales, con el objeto de enriquecer aquellas propuestas que surjan del consenso, a partir de las demandas de la regi\u00f3n\u00bb indicaba el intendente Juan Ignacio Ustarroz.<\/p>\n<p>En este caso, se trataron varias tem\u00e1ticas donde resaltaron la continuidad de cursos solidos, donde empresas metalmec\u00e1nicas cobran participaci\u00f3n en lo que se refiere a las capacitaciones y la Oficina de Empleo Municipal puede enviar a postulantes a incorporar estos conocimientos a sus curriculums personales, y as\u00ed perfeccionar a las personas que requieran obtener un empleo en estas \u00e1reas.<\/p>\n<p>Se expresaron sobre pr\u00e1cticas profesionalizantes, buscando el fortalecimiento de v\u00ednculos entre productores, escuelas, c\u00e1maras de comercio, etc.<\/p>\n<p>Tambi\u00e9n se cree conveniente el fortalecimiento de la Oficina de Empleo Municipal, generando que la misma sea la \u00fanica centralizadora de empleos ofrecidos o requeridos, por empresas y\/o particulares, recibiendo as\u00ed todos aquellos que recaigan en distintos establecimientos como, por ejemplo, C\u00e1mara Econ\u00f3mica y similares.<\/p>\n<p>Otros de los temas que interesaron a la mesa, fue la creaci\u00f3n de un Banco de Datos, de aquellos egresados de escuelas de formaci\u00f3n profesional y muy posiblemente se realizar\u00e1 un muestreo, en busca de n\u00fameros que muestren la realidad agro industrial de la ciudad, que estar\u00edan llevando adelante alumnos del 7mo a\u00f1o de la escuela agraria.<\/p>\n<p>Como primer encuentro del a\u00f1o, se vieron objetivos muy concretos y positivos, buscando el impulso para poder concretar cada una de las propuestas expresadas en la noche, sabiendo de la gran labor que se deber\u00e1 llevar adelante en los pr\u00f3ximos meses.<\/p>\n<p>Fuente: Prensa Municipal<\/p>\n<p>&nbsp;<\/p>\n","protected":false},"excerpt":{"rendered":"<p>La mesa directiva de nuestra ciudad del Consejo Provincial de Educaci\u00f3n y Trabajo (C.O.P.R.E.T.) desarroll\u00f3 un nuevo encuentro, en la &#8230; <a title=\"Se realiz\u00f3 reuni\u00f3n del COPRET\" class=\"read-more\" href=\"https:\/\/www.hoymercedes.com.ar\/principal\/2016\/04\/06\/se-realizo-reunion-del-copret\/\" aria-label=\"Leer m\u00e1s sobre Se realiz\u00f3 reuni\u00f3n del COPRET\">Leer m\u00e1s<\/a><\/p>\n","protected":false},"author":1,"featured_media":48591,"comment_status":"open","ping_status":"open","sticky":false,"template":"","format":"standard","meta":{"_monsterinsights_skip_tracking":false,"_monsterinsights_sitenote_active":false,"_monsterinsights_sitenote_note":"","_monsterinsights_sitenote_category":0,"jetpack_post_was_ever_published":false,"_jetpack_newsletter_access":"","_jetpack_dont_email_post_to_subs":false,"_jetpack_newsletter_tier_id":0,"_jetpack_memberships_contains_paywalled_content":false,"_jetpack_memberships_contains_paid_content":false,"footnotes":"","jetpack_publicize_message":"","jetpack_publicize_feature_enabled":true,"jetpack_social_post_already_shared":true,"jetpack_social_options":{"image_generator_settings":{"template":"highway","default_image_id":0,"font":"","enabled":false},"version":2},"_wpas_customize_per_network":false},"categories":[30],"tags":[1271,8910,47,244,8911],"class_list":["post-48590","post","type-post","status-publish","format-standard","has-post-thumbnail","hentry","category-municipio","tag-camara-economica","tag-copret","tag-educacion-2","tag-municipio-2","tag-trabajo","generate-columns","tablet-grid-50","mobile-grid-100","grid-parent","grid-50"],"jetpack_publicize_connections":[],"jetpack_featured_media_url":"https:\/\/www.hoymercedes.com.ar\/principal\/wp-content\/uploads\/2016\/04\/07-CAMARA-1.jpg","wps_subtitle":"La primera del a\u00f1o","jetpack_sharing_enabled":true,"_links":{"self":[{"href":"https:\/\/www.hoymercedes.com.ar\/principal\/wp-json\/wp\/v2\/posts\/48590","targetHints":{"allow":["GET"]}}],"collection":[{"href":"https:\/\/www.hoymercedes.com.ar\/principal\/wp-json\/wp\/v2\/posts"}],"about":[{"href":"https:\/\/www.hoymercedes.com.ar\/principal\/wp-json\/wp\/v2\/types\/post"}],"author":[{"embeddable":true,"href":"https:\/\/www.hoymercedes.com.ar\/principal\/wp-json\/wp\/v2\/users\/1"}],"replies":[{"embeddable":true,"href":"https:\/\/www.hoymercedes.com.ar\/principal\/wp-json\/wp\/v2\/comments?post=48590"}],"version-history":[{"count":0,"href":"https:\/\/www.hoymercedes.com.ar\/principal\/wp-json\/wp\/v2\/posts\/48590\/revisions"}],"wp:featuredmedia":[{"embeddable":true,"href":"https:\/\/www.hoymercedes.com.ar\/principal\/wp-json\/wp\/v2\/media\/48591"}],"wp:attachment":[{"href":"https:\/\/www.hoymercedes.com.ar\/principal\/wp-json\/wp\/v2\/media?parent=48590"}],"wp:term":[{"taxonomy":"category","embeddable":true,"href":"https:\/\/www.hoymercedes.com.ar\/principal\/wp-json\/wp\/v2\/categories?post=48590"},{"taxonomy":"post_tag","embeddable":true,"href":"https:\/\/www.hoymercedes.com.ar\/principal\/wp-json\/wp\/v2\/tags?post=48590"}],"curies":[{"name":"wp","href":"https:\/\/api.w.org\/{rel}","templated":true}]}}