{"id":4860,"date":"2011-06-09T03:21:52","date_gmt":"2011-06-09T03:21:52","guid":{"rendered":"http:\/\/www.hoymercedes.com.ar\/principal\/?p=4860"},"modified":"2011-06-09T03:21:52","modified_gmt":"2011-06-09T03:21:52","slug":"%c2%bfcomo-mercedino-que-puedo-hacer-por-la-ciudad","status":"publish","type":"post","link":"https:\/\/www.hoymercedes.com.ar\/principal\/2011\/06\/09\/%c2%bfcomo-mercedino-que-puedo-hacer-por-la-ciudad\/","title":{"rendered":"\u00bfC\u00f3mo mercedino, que puedo hacer por la ciudad?"},"content":{"rendered":"<p><span style=\"color: #003366;\"><strong>Por Alejandro Francisco Molle<\/strong><\/span><\/p>\n<p>\u00bfCu\u00e1ntas veces criticamos todo lo que se hace o deja de hacerse en el pa\u00eds, la provincia y el pago chico?. Admitamos, para la cr\u00edtica estamos mandados a ser; somos expertos e inigualables en charlas de caf\u00e9.<\/p>\n<p>Cuando all\u00e1 por el 2001 y 2002 bland\u00edan y bat\u00edan cacerolas y otros espec\u00edmenes de las cocinas hogare\u00f1as y se desga\u00f1itaban con aquello del \u201cque se vayan todos\u201d \u2013 en referencia a la dirigencia pol\u00edtica \u2013 cabe interrogarse el por qu\u00e9 en vez gritar y ofuscarse con o sin raz\u00f3n \u00bfporqu\u00e9 no allegaban propuestas para emerger de la crisis?.<\/p>\n<p>Dista ya una d\u00e9cada de aquellos instantes y como nos hallamos frente a una nueva ronda electoral cabe formularse otro pregunta: \u00bfporqu\u00e9 dejamos en manos de algunos pocos que sean los conductores del futuro?.<\/p>\n<p>Comit\u00e9s, unidades b\u00e1sicas y locales partidarios nos necesitan. Y nos necesitan no para ir a calentar sillas, tomar unos mates o engullirnos un chorip\u00e1n o empanadas, sino que nos necesitan para dialogar en torno a c\u00f3mo remediar pesares, recomponer v\u00ednculos de amistad ciudadana y aportar nuestra voz como contribuyentes al dise\u00f1o de materializaciones de esperanza.<\/p>\n<p>Nos debemos un cambio de postura. Cabe sentirnos como personas en el rol de actor central y ser parte trascendental para el cambio.<\/p>\n<p>No interesa el local o agrupaci\u00f3n que decidamos acercarnos; lo importante ser\u00e1 acercarnos, involucrarnos, porque si queremos mejorar la vida mercedina y corregir rumbos, no podemos quedarnos acariciando a la mascota de la casa o mirando televisi\u00f3n. De espectadores transform\u00e9monos en actores del porvenir colectivo.<\/p>\n<p>En los locales las puertas est\u00e1n abiertas y que m\u00e1s quieren los que los dirigen ver nuevas caras con frescas e imaginativas inquietudes. No desaprovechemos la hora.<\/p>\n","protected":false},"excerpt":{"rendered":"<p>Por Alejandro Francisco Molle \u00bfCu\u00e1ntas veces criticamos todo lo que se hace o deja de hacerse en el pa\u00eds, la &#8230; <a title=\"\u00bfC\u00f3mo mercedino, que puedo hacer por la ciudad?\" class=\"read-more\" href=\"https:\/\/www.hoymercedes.com.ar\/principal\/2011\/06\/09\/%c2%bfcomo-mercedino-que-puedo-hacer-por-la-ciudad\/\" aria-label=\"Leer m\u00e1s sobre \u00bfC\u00f3mo mercedino, que puedo hacer por la ciudad?\">Leer m\u00e1s<\/a><\/p>\n","protected":false},"author":1,"featured_media":0,"comment_status":"open","ping_status":"open","sticky":false,"template":"","format":"standard","meta":{"_monsterinsights_skip_tracking":false,"_monsterinsights_sitenote_active":false,"_monsterinsights_sitenote_note":"","_monsterinsights_sitenote_category":0,"jetpack_post_was_ever_published":false,"_jetpack_newsletter_access":"","_jetpack_dont_email_post_to_subs":false,"_jetpack_newsletter_tier_id":0,"_jetpack_memberships_contains_paywalled_content":false,"_jetpack_memberships_contains_paid_content":false,"footnotes":"","jetpack_publicize_message":"","jetpack_publicize_feature_enabled":true,"jetpack_social_post_already_shared":false,"jetpack_social_options":{"image_generator_settings":{"template":"highway","default_image_id":0,"font":"","enabled":false},"version":2},"_wpas_customize_per_network":false},"categories":[1],"tags":[566,10],"class_list":["post-4860","post","type-post","status-publish","format-standard","hentry","category-opinion","tag-alejandro-molle","tag-mercedes","generate-columns","tablet-grid-50","mobile-grid-100","grid-parent","grid-50"],"jetpack_publicize_connections":[],"jetpack_featured_media_url":"","wps_subtitle":"","jetpack_sharing_enabled":true,"_links":{"self":[{"href":"https:\/\/www.hoymercedes.com.ar\/principal\/wp-json\/wp\/v2\/posts\/4860","targetHints":{"allow":["GET"]}}],"collection":[{"href":"https:\/\/www.hoymercedes.com.ar\/principal\/wp-json\/wp\/v2\/posts"}],"about":[{"href":"https:\/\/www.hoymercedes.com.ar\/principal\/wp-json\/wp\/v2\/types\/post"}],"author":[{"embeddable":true,"href":"https:\/\/www.hoymercedes.com.ar\/principal\/wp-json\/wp\/v2\/users\/1"}],"replies":[{"embeddable":true,"href":"https:\/\/www.hoymercedes.com.ar\/principal\/wp-json\/wp\/v2\/comments?post=4860"}],"version-history":[{"count":0,"href":"https:\/\/www.hoymercedes.com.ar\/principal\/wp-json\/wp\/v2\/posts\/4860\/revisions"}],"wp:attachment":[{"href":"https:\/\/www.hoymercedes.com.ar\/principal\/wp-json\/wp\/v2\/media?parent=4860"}],"wp:term":[{"taxonomy":"category","embeddable":true,"href":"https:\/\/www.hoymercedes.com.ar\/principal\/wp-json\/wp\/v2\/categories?post=4860"},{"taxonomy":"post_tag","embeddable":true,"href":"https:\/\/www.hoymercedes.com.ar\/principal\/wp-json\/wp\/v2\/tags?post=4860"}],"curies":[{"name":"wp","href":"https:\/\/api.w.org\/{rel}","templated":true}]}}