{"id":48605,"date":"2016-04-07T14:57:50","date_gmt":"2016-04-07T17:57:50","guid":{"rendered":"http:\/\/www.hoymercedes.com.ar\/principal\/?p=48605"},"modified":"2016-04-07T14:01:49","modified_gmt":"2016-04-07T17:01:49","slug":"mercedes-ya-tiene-representante-en-handball","status":"publish","type":"post","link":"https:\/\/www.hoymercedes.com.ar\/principal\/2016\/04\/07\/mercedes-ya-tiene-representante-en-handball\/","title":{"rendered":"Mercedes ya tiene representante en Handball"},"content":{"rendered":"<figure id=\"attachment_48606\" aria-describedby=\"caption-attachment-48606\" style=\"width: 438px\" class=\"wp-caption aligncenter\"><img loading=\"lazy\" decoding=\"async\" data-attachment-id=\"48606\" data-permalink=\"https:\/\/www.hoymercedes.com.ar\/principal\/2016\/04\/07\/mercedes-ya-tiene-representante-en-handball\/07-handball-gas-pimienta\/#main\" data-orig-file=\"https:\/\/www.hoymercedes.com.ar\/principal\/wp-content\/uploads\/2016\/04\/07-handball-gas-pimienta.jpg\" data-orig-size=\"448,336\" data-comments-opened=\"1\" data-image-meta=\"{&quot;aperture&quot;:&quot;0&quot;,&quot;credit&quot;:&quot;&quot;,&quot;camera&quot;:&quot;&quot;,&quot;caption&quot;:&quot;&quot;,&quot;created_timestamp&quot;:&quot;0&quot;,&quot;copyright&quot;:&quot;&quot;,&quot;focal_length&quot;:&quot;0&quot;,&quot;iso&quot;:&quot;0&quot;,&quot;shutter_speed&quot;:&quot;0&quot;,&quot;title&quot;:&quot;&quot;,&quot;orientation&quot;:&quot;0&quot;}\" data-image-title=\"07 handball gas pimienta\" data-image-description=\"\" data-image-caption=\"&lt;p&gt;El equipo de handball Gas Pimienta&lt;\/p&gt;\n\" data-large-file=\"https:\/\/www.hoymercedes.com.ar\/principal\/wp-content\/uploads\/2016\/04\/07-handball-gas-pimienta.jpg\" class=\"size-full wp-image-48606\" src=\"https:\/\/www.hoymercedes.com.ar\/principal\/wp-content\/uploads\/2016\/04\/07-handball-gas-pimienta.jpg\" alt=\"El equipo de handball Gas Pimienta\" width=\"448\" height=\"336\" srcset=\"https:\/\/www.hoymercedes.com.ar\/principal\/wp-content\/uploads\/2016\/04\/07-handball-gas-pimienta.jpg 448w, https:\/\/www.hoymercedes.com.ar\/principal\/wp-content\/uploads\/2016\/04\/07-handball-gas-pimienta-150x113.jpg 150w\" sizes=\"auto, (max-width: 448px) 100vw, 448px\" \/><figcaption id=\"caption-attachment-48606\" class=\"wp-caption-text\">El equipo de handball Gas Pimienta<\/figcaption><\/figure>\n<p>Por Ariel Musante \/ El pasado domingo, se disputo en la cancha del Centro de Educaci\u00f3n F\u00edsica N\u00b040, el partido clasificatorio para que quede establecido el equipo que representar\u00e1 a nuestra ciudad en el handball masculino de los pr\u00f3ximos JJ.OO. de la Cuenca del Salado que se estar\u00e1 desarrollando durante el mes de abril.<\/p>\n<p>El partido comenz\u00f3 a las 11 de la ma\u00f1ana con el enfrentamiento entre los equipos del CEF N\u00b040 y Gas Pimienta en la cancha exterior del Centro de Educaci\u00f3n F\u00edsica N\u00b040. En encuentro comenz\u00f3 con un tr\u00e1mite parejo entre ambos equipos, pero sobre el final del primer tiempo, el equipo de Gas Pimienta logro sacar una diferencia de 4 puntos en el tanteador para quedar arriba en el primer parcial por 12 a 8.<\/p>\n<p>Durante el segundo tiempo, la paridad en las acciones del juego se mantuvo, incluso el equipo del CEF logro achicar a 2 goles la diferencia, pero no logro mantener la intensidad de juego y el equipo de Gas Pimienta volvi\u00f3 a escaparse en el tanteador hasta llegar al 24 a 16 definitivo.<\/p>\n<p>De esta manera, el equipo de Gas Pimienta estar\u00e1 representando al handball masculino de la ciudad de Mercedes en la pr\u00f3xima edici\u00f3n de los JJ.OO. de la cuenca del Salado que se desarrollar\u00e1n en la ciudad de Lobos los d\u00edas 16, 17, 23 y 24 de abril<\/p>\n","protected":false},"excerpt":{"rendered":"<p>Por Ariel Musante \/ El pasado domingo, se disputo en la cancha del Centro de Educaci\u00f3n F\u00edsica N\u00b040, el partido &#8230; <a title=\"Mercedes ya tiene representante en Handball\" class=\"read-more\" href=\"https:\/\/www.hoymercedes.com.ar\/principal\/2016\/04\/07\/mercedes-ya-tiene-representante-en-handball\/\" aria-label=\"Leer m\u00e1s sobre Mercedes ya tiene representante en Handball\">Leer m\u00e1s<\/a><\/p>\n","protected":false},"author":1,"featured_media":48606,"comment_status":"open","ping_status":"open","sticky":false,"template":"","format":"standard","meta":{"_monsterinsights_skip_tracking":false,"_monsterinsights_sitenote_active":false,"_monsterinsights_sitenote_note":"","_monsterinsights_sitenote_category":0,"jetpack_post_was_ever_published":false,"_jetpack_newsletter_access":"","_jetpack_dont_email_post_to_subs":false,"_jetpack_newsletter_tier_id":0,"_jetpack_memberships_contains_paywalled_content":false,"_jetpack_memberships_contains_paid_content":false,"footnotes":"","jetpack_publicize_message":"","jetpack_publicize_feature_enabled":true,"jetpack_social_post_already_shared":true,"jetpack_social_options":{"image_generator_settings":{"template":"highway","default_image_id":0,"font":"","enabled":false},"version":2},"_wpas_customize_per_network":false},"categories":[21],"tags":[8915,2060,204,8916,8487,8733],"class_list":["post-48605","post","type-post","status-publish","format-standard","has-post-thumbnail","hentry","category-deportes","tag-cef-no-40","tag-cuenca-del-salado","tag-deportes-2","tag-gas-pimienta","tag-handball","tag-musante","generate-columns","tablet-grid-50","mobile-grid-100","grid-parent","grid-50"],"jetpack_publicize_connections":[],"jetpack_featured_media_url":"https:\/\/www.hoymercedes.com.ar\/principal\/wp-content\/uploads\/2016\/04\/07-handball-gas-pimienta.jpg","wps_subtitle":"Cuenca del Salado","jetpack_sharing_enabled":true,"_links":{"self":[{"href":"https:\/\/www.hoymercedes.com.ar\/principal\/wp-json\/wp\/v2\/posts\/48605","targetHints":{"allow":["GET"]}}],"collection":[{"href":"https:\/\/www.hoymercedes.com.ar\/principal\/wp-json\/wp\/v2\/posts"}],"about":[{"href":"https:\/\/www.hoymercedes.com.ar\/principal\/wp-json\/wp\/v2\/types\/post"}],"author":[{"embeddable":true,"href":"https:\/\/www.hoymercedes.com.ar\/principal\/wp-json\/wp\/v2\/users\/1"}],"replies":[{"embeddable":true,"href":"https:\/\/www.hoymercedes.com.ar\/principal\/wp-json\/wp\/v2\/comments?post=48605"}],"version-history":[{"count":0,"href":"https:\/\/www.hoymercedes.com.ar\/principal\/wp-json\/wp\/v2\/posts\/48605\/revisions"}],"wp:featuredmedia":[{"embeddable":true,"href":"https:\/\/www.hoymercedes.com.ar\/principal\/wp-json\/wp\/v2\/media\/48606"}],"wp:attachment":[{"href":"https:\/\/www.hoymercedes.com.ar\/principal\/wp-json\/wp\/v2\/media?parent=48605"}],"wp:term":[{"taxonomy":"category","embeddable":true,"href":"https:\/\/www.hoymercedes.com.ar\/principal\/wp-json\/wp\/v2\/categories?post=48605"},{"taxonomy":"post_tag","embeddable":true,"href":"https:\/\/www.hoymercedes.com.ar\/principal\/wp-json\/wp\/v2\/tags?post=48605"}],"curies":[{"name":"wp","href":"https:\/\/api.w.org\/{rel}","templated":true}]}}