{"id":48612,"date":"2016-04-07T15:07:44","date_gmt":"2016-04-07T18:07:44","guid":{"rendered":"http:\/\/www.hoymercedes.com.ar\/principal\/?p=48612"},"modified":"2016-04-07T14:15:30","modified_gmt":"2016-04-07T17:15:30","slug":"la-policia-local-sera-puesta-en-funciones-con-la-presencia-de-ministros-provinciales","status":"publish","type":"post","link":"https:\/\/www.hoymercedes.com.ar\/principal\/2016\/04\/07\/la-policia-local-sera-puesta-en-funciones-con-la-presencia-de-ministros-provinciales\/","title":{"rendered":"La Polic\u00eda Local ser\u00e1 puesta en funciones con la presencia de Ministros Provinciales"},"content":{"rendered":"<p><img loading=\"lazy\" decoding=\"async\" data-attachment-id=\"48574\" data-permalink=\"https:\/\/www.hoymercedes.com.ar\/principal\/poliloca\/\" data-orig-file=\"https:\/\/www.hoymercedes.com.ar\/principal\/wp-content\/uploads\/2016\/04\/poliloca.jpg\" data-orig-size=\"600,400\" data-comments-opened=\"1\" data-image-meta=\"{&quot;aperture&quot;:&quot;0&quot;,&quot;credit&quot;:&quot;&quot;,&quot;camera&quot;:&quot;&quot;,&quot;caption&quot;:&quot;&quot;,&quot;created_timestamp&quot;:&quot;0&quot;,&quot;copyright&quot;:&quot;&quot;,&quot;focal_length&quot;:&quot;0&quot;,&quot;iso&quot;:&quot;0&quot;,&quot;shutter_speed&quot;:&quot;0&quot;,&quot;title&quot;:&quot;&quot;,&quot;orientation&quot;:&quot;0&quot;}\" data-image-title=\"poliloca\" data-image-description=\"\" data-image-caption=\"\" data-large-file=\"https:\/\/www.hoymercedes.com.ar\/principal\/wp-content\/uploads\/2016\/04\/poliloca.jpg\" class=\"aligncenter size-full wp-image-48574\" src=\"https:\/\/www.hoymercedes.com.ar\/principal\/wp-content\/uploads\/2016\/04\/poliloca.jpg\" alt=\"poliloca\" width=\"600\" height=\"400\" srcset=\"https:\/\/www.hoymercedes.com.ar\/principal\/wp-content\/uploads\/2016\/04\/poliloca.jpg 600w, https:\/\/www.hoymercedes.com.ar\/principal\/wp-content\/uploads\/2016\/04\/poliloca-150x100.jpg 150w, https:\/\/www.hoymercedes.com.ar\/principal\/wp-content\/uploads\/2016\/04\/poliloca-300x200.jpg 300w\" sizes=\"auto, (max-width: 600px) 100vw, 600px\" \/>Se confirm\u00f3 que este\u00a0viernes 8 de abril, 15 horas, frente al Palacio Municipal, se har\u00e1 el acto de egreso de los primeros agentes de la Polic\u00eda Local de Mercedes que comenzar\u00e1n a recorrer las cales horas m\u00e1s tardes.<\/p>\n<p>De acuerdo a la informaci\u00f3n enviada por la Municipalidad, en el acto a realizarse sobre la avenida 29, se espera la presencia de los Ministros Bonaerenses, Cristian Ritondo (Seguridad) \u00a0y Dr. Carlos Mah\u00edques (Justicia). Ambos presidir\u00e1n el acto junto al Intendente Dr. Juan Ignacio Ustarroz.<\/p>\n<p>Se pondr\u00e1 en funciones a los 157 polic\u00edas que formar\u00e1n parte de lo que se denomina Polic\u00eda Local que estar\u00e1 bajo la instituci\u00f3n del municipio. Este cuerpo est\u00e1 armado y formar\u00e1 parte de las calles mercedinas a partir del d\u00eda s\u00e1bado brindando mayor seguridad a todos los mercedinos.<\/p>\n<p>Seg\u00fan el intendente Ustarroz \u00abesta puesta en funciones es realmente importante porque vamos a poder llegar a m\u00e1s lugares con el personal de la Polic\u00eda Local y haremos sentir a los habitantes de la ciudad de Mercedes m\u00e1s seguros. En esta primera etapa son algo m\u00e1s de 150 efectivos y ya se est\u00e1 preparando otro grupo de alrededor de 75 efectivos m\u00e1s que son todas personas de Mercedes que conocen la ciudad y sus rincones y podr\u00e1n aportar sus conocimientos para que Mercedes pueda crecer en materia de seguridad urbana\u00bb.<\/p>\n<p>Asimismo, la organizaci\u00f3n confirm\u00f3 que el acto no se suspender\u00e1 por el factor clim\u00e1tico. En caso de lluvias, el evento\u00a0se trasladar\u00e1 a la misma hora en el Teatro Argentino Dr. Julio C\u00e9sar Gioscio.<\/p>\n<p>&nbsp;<\/p>\n","protected":false},"excerpt":{"rendered":"<p>Se confirm\u00f3 que este\u00a0viernes 8 de abril, 15 horas, frente al Palacio Municipal, se har\u00e1 el acto de egreso de &#8230; <a title=\"La Polic\u00eda Local ser\u00e1 puesta en funciones con la presencia de Ministros Provinciales\" class=\"read-more\" href=\"https:\/\/www.hoymercedes.com.ar\/principal\/2016\/04\/07\/la-policia-local-sera-puesta-en-funciones-con-la-presencia-de-ministros-provinciales\/\" aria-label=\"Leer m\u00e1s sobre La Polic\u00eda Local ser\u00e1 puesta en funciones con la presencia de Ministros Provinciales\">Leer m\u00e1s<\/a><\/p>\n","protected":false},"author":1,"featured_media":48574,"comment_status":"open","ping_status":"open","sticky":false,"template":"","format":"standard","meta":{"_monsterinsights_skip_tracking":false,"_monsterinsights_sitenote_active":false,"_monsterinsights_sitenote_note":"","_monsterinsights_sitenote_category":0,"jetpack_post_was_ever_published":false,"_jetpack_newsletter_access":"","_jetpack_dont_email_post_to_subs":false,"_jetpack_newsletter_tier_id":0,"_jetpack_memberships_contains_paywalled_content":false,"_jetpack_memberships_contains_paid_content":false,"footnotes":"","jetpack_publicize_message":"","jetpack_publicize_feature_enabled":true,"jetpack_social_post_already_shared":true,"jetpack_social_options":{"image_generator_settings":{"template":"highway","default_image_id":0,"font":"","enabled":false},"version":2},"_wpas_customize_per_network":false},"categories":[30],"tags":[8919,8327,244,7854,8884,424],"class_list":["post-48612","post","type-post","status-publish","format-standard","has-post-thumbnail","hentry","category-municipio","tag-egreso","tag-mahiques","tag-municipio-2","tag-policia-local","tag-ritondo","tag-ustarroz","generate-columns","tablet-grid-50","mobile-grid-100","grid-parent","grid-50"],"jetpack_publicize_connections":[],"jetpack_featured_media_url":"https:\/\/www.hoymercedes.com.ar\/principal\/wp-content\/uploads\/2016\/04\/poliloca.jpg","wps_subtitle":"El acto ser\u00e1 en la tarde del viernes 8 de abril","jetpack_sharing_enabled":true,"_links":{"self":[{"href":"https:\/\/www.hoymercedes.com.ar\/principal\/wp-json\/wp\/v2\/posts\/48612","targetHints":{"allow":["GET"]}}],"collection":[{"href":"https:\/\/www.hoymercedes.com.ar\/principal\/wp-json\/wp\/v2\/posts"}],"about":[{"href":"https:\/\/www.hoymercedes.com.ar\/principal\/wp-json\/wp\/v2\/types\/post"}],"author":[{"embeddable":true,"href":"https:\/\/www.hoymercedes.com.ar\/principal\/wp-json\/wp\/v2\/users\/1"}],"replies":[{"embeddable":true,"href":"https:\/\/www.hoymercedes.com.ar\/principal\/wp-json\/wp\/v2\/comments?post=48612"}],"version-history":[{"count":0,"href":"https:\/\/www.hoymercedes.com.ar\/principal\/wp-json\/wp\/v2\/posts\/48612\/revisions"}],"wp:featuredmedia":[{"embeddable":true,"href":"https:\/\/www.hoymercedes.com.ar\/principal\/wp-json\/wp\/v2\/media\/48574"}],"wp:attachment":[{"href":"https:\/\/www.hoymercedes.com.ar\/principal\/wp-json\/wp\/v2\/media?parent=48612"}],"wp:term":[{"taxonomy":"category","embeddable":true,"href":"https:\/\/www.hoymercedes.com.ar\/principal\/wp-json\/wp\/v2\/categories?post=48612"},{"taxonomy":"post_tag","embeddable":true,"href":"https:\/\/www.hoymercedes.com.ar\/principal\/wp-json\/wp\/v2\/tags?post=48612"}],"curies":[{"name":"wp","href":"https:\/\/api.w.org\/{rel}","templated":true}]}}