{"id":48614,"date":"2016-04-07T14:40:19","date_gmt":"2016-04-07T17:40:19","guid":{"rendered":"http:\/\/www.hoymercedes.com.ar\/principal\/?p=48614"},"modified":"2016-04-07T14:23:50","modified_gmt":"2016-04-07T17:23:50","slug":"viernes-sera-el-acto-homenaje-a-los-veteranos","status":"publish","type":"post","link":"https:\/\/www.hoymercedes.com.ar\/principal\/2016\/04\/07\/viernes-sera-el-acto-homenaje-a-los-veteranos\/","title":{"rendered":"Viernes ser\u00e1 el acto homenaje a los Veteranos"},"content":{"rendered":"<p><strong><em>El Centro de Veteranos de Malvinas y la Municipalidad anunciaron que el acto ser\u00e1 en el Teatro Argentino\u00a0Int. Julio C. Gioscio. este viernes 8 de abril a la hora 10.\u00a0<\/em><\/strong><\/p>\n<p>El Intendente Municipal, Dr. Juan Ignacio Ustarroz, juntamente con el Centro de Veteranos de Guerra \u201cIslas Malvinas\u201d de nuestra ciudad, invita a toda la poblaci\u00f3n, a ser parte de los actos que se han reprogramado por las condiciones clim\u00e1ticas que se impusieron el pasado 2 de Abril.<\/p>\n<p>El encuentro, en homenaje a los Ca\u00eddos y H\u00e9roes de Malvinas, se estar\u00e1 haciendo efectivo el pr\u00f3ximo d\u00eda viernes 8 de Abril, alas 10 hs en el Centro Cultural Teatro Int. Dr. Julio C. Gioscio.<\/p>\n<p>Se espera el acompa\u00f1amiento de numerosas representaciones de los establecimientos p\u00fablicos y privados de educaci\u00f3n, agrupaciones gauchas, cuerpos de baile, familiares y amigos que homenajearan a nuestros h\u00e9roes, a 34 a\u00f1os del conflicto armado.<\/p>\n<p>Se invita a toda la poblaci\u00f3n a acompa\u00f1ar esta fecha tan importante para toda la sociedad argentina.<\/p>\n","protected":false},"excerpt":{"rendered":"<p>El Centro de Veteranos de Malvinas y la Municipalidad anunciaron que el acto ser\u00e1 en el Teatro Argentino\u00a0Int. Julio C. &#8230; <a title=\"Viernes ser\u00e1 el acto homenaje a los Veteranos\" class=\"read-more\" href=\"https:\/\/www.hoymercedes.com.ar\/principal\/2016\/04\/07\/viernes-sera-el-acto-homenaje-a-los-veteranos\/\" aria-label=\"Leer m\u00e1s sobre Viernes ser\u00e1 el acto homenaje a los Veteranos\">Leer m\u00e1s<\/a><\/p>\n","protected":false},"author":1,"featured_media":0,"comment_status":"open","ping_status":"open","sticky":false,"template":"","format":"standard","meta":{"_monsterinsights_skip_tracking":false,"_monsterinsights_sitenote_active":false,"_monsterinsights_sitenote_note":"","_monsterinsights_sitenote_category":0,"jetpack_post_was_ever_published":false,"_jetpack_newsletter_access":"","_jetpack_dont_email_post_to_subs":false,"_jetpack_newsletter_tier_id":0,"_jetpack_memberships_contains_paywalled_content":false,"_jetpack_memberships_contains_paid_content":false,"footnotes":"","jetpack_publicize_message":"","jetpack_publicize_feature_enabled":true,"jetpack_social_post_already_shared":true,"jetpack_social_options":{"image_generator_settings":{"template":"highway","default_image_id":0,"font":"","enabled":false},"version":2},"_wpas_customize_per_network":false},"categories":[11],"tags":[8920,1734,326,8921,3147],"class_list":["post-48614","post","type-post","status-publish","format-standard","hentry","category-ciudad","tag-acto","tag-ciudad-2","tag-malvinas","tag-reprogramacion","tag-teatro-argentino","generate-columns","tablet-grid-50","mobile-grid-100","grid-parent","grid-50"],"jetpack_publicize_connections":[],"jetpack_featured_media_url":"","wps_subtitle":"","jetpack_sharing_enabled":true,"_links":{"self":[{"href":"https:\/\/www.hoymercedes.com.ar\/principal\/wp-json\/wp\/v2\/posts\/48614","targetHints":{"allow":["GET"]}}],"collection":[{"href":"https:\/\/www.hoymercedes.com.ar\/principal\/wp-json\/wp\/v2\/posts"}],"about":[{"href":"https:\/\/www.hoymercedes.com.ar\/principal\/wp-json\/wp\/v2\/types\/post"}],"author":[{"embeddable":true,"href":"https:\/\/www.hoymercedes.com.ar\/principal\/wp-json\/wp\/v2\/users\/1"}],"replies":[{"embeddable":true,"href":"https:\/\/www.hoymercedes.com.ar\/principal\/wp-json\/wp\/v2\/comments?post=48614"}],"version-history":[{"count":0,"href":"https:\/\/www.hoymercedes.com.ar\/principal\/wp-json\/wp\/v2\/posts\/48614\/revisions"}],"wp:attachment":[{"href":"https:\/\/www.hoymercedes.com.ar\/principal\/wp-json\/wp\/v2\/media?parent=48614"}],"wp:term":[{"taxonomy":"category","embeddable":true,"href":"https:\/\/www.hoymercedes.com.ar\/principal\/wp-json\/wp\/v2\/categories?post=48614"},{"taxonomy":"post_tag","embeddable":true,"href":"https:\/\/www.hoymercedes.com.ar\/principal\/wp-json\/wp\/v2\/tags?post=48614"}],"curies":[{"name":"wp","href":"https:\/\/api.w.org\/{rel}","templated":true}]}}