{"id":48686,"date":"2016-04-09T15:29:07","date_gmt":"2016-04-09T18:29:07","guid":{"rendered":"http:\/\/www.hoymercedes.com.ar\/principal\/?p=48686"},"modified":"2016-04-09T15:29:07","modified_gmt":"2016-04-09T18:29:07","slug":"el-recuerdo-para-los-caidos-en-malvinas","status":"publish","type":"post","link":"https:\/\/www.hoymercedes.com.ar\/principal\/2016\/04\/09\/el-recuerdo-para-los-caidos-en-malvinas\/","title":{"rendered":"El recuerdo para los ca\u00eddos en Malvinas"},"content":{"rendered":"<p><img loading=\"lazy\" decoding=\"async\" data-attachment-id=\"48687\" data-permalink=\"https:\/\/www.hoymercedes.com.ar\/principal\/2016\/04\/09\/el-recuerdo-para-los-caidos-en-malvinas\/09-malvinas-acto\/#main\" data-orig-file=\"https:\/\/www.hoymercedes.com.ar\/principal\/wp-content\/uploads\/2016\/04\/09-malvinas-acto.jpg\" data-orig-size=\"448,283\" data-comments-opened=\"1\" data-image-meta=\"{&quot;aperture&quot;:&quot;0&quot;,&quot;credit&quot;:&quot;&quot;,&quot;camera&quot;:&quot;&quot;,&quot;caption&quot;:&quot;&quot;,&quot;created_timestamp&quot;:&quot;0&quot;,&quot;copyright&quot;:&quot;&quot;,&quot;focal_length&quot;:&quot;0&quot;,&quot;iso&quot;:&quot;0&quot;,&quot;shutter_speed&quot;:&quot;0&quot;,&quot;title&quot;:&quot;&quot;,&quot;orientation&quot;:&quot;0&quot;}\" data-image-title=\"09 malvinas acto\" data-image-description=\"\" data-image-caption=\"\" data-large-file=\"https:\/\/www.hoymercedes.com.ar\/principal\/wp-content\/uploads\/2016\/04\/09-malvinas-acto.jpg\" class=\"aligncenter size-full wp-image-48687\" src=\"https:\/\/www.hoymercedes.com.ar\/principal\/wp-content\/uploads\/2016\/04\/09-malvinas-acto.jpg\" alt=\"09 malvinas acto\" width=\"448\" height=\"283\" srcset=\"https:\/\/www.hoymercedes.com.ar\/principal\/wp-content\/uploads\/2016\/04\/09-malvinas-acto.jpg 448w, https:\/\/www.hoymercedes.com.ar\/principal\/wp-content\/uploads\/2016\/04\/09-malvinas-acto-150x95.jpg 150w\" sizes=\"auto, (max-width: 448px) 100vw, 448px\" \/>Este viernes, la Municipalidad de Mercedes y el Centro de Veteranos de Guerra \u201cIslas Malvinas\u201d de la ciudad, conmemoraron el 2 de abril, \u00a0\u201cD\u00eda del Veterano y de los Ca\u00eddos en Malvinas\u201d, una fecha imborrable en la historia pol\u00edtica y civil de la Rep\u00fablica Argentina.<\/p>\n<p>Este acto, hab\u00eda sido postergado por las condiciones clim\u00e1ticas que se impusieron ese d\u00eda y que a\u00fan persisten, lo que ocasion\u00f3 que finalmente se realizara en las instalaciones del Teatro Municipal.<\/p>\n<p>El encuentro cont\u00f3 con el acompa\u00f1amiento de autoridades de la ciudad y representaciones de varias instituciones, junto a las Banderas de Ceremonia de las escuelas Sec. N\u00ba14, 15, E.P. N\u00ba1, E.E.Tec. N\u00ba1, Colegio Nacional, Santa Mar\u00eda, Camila Rolon y San Antonio.<\/p>\n<p>En el acto se escucharon las palabras del Pte. del Centro de Veteranos Sergio Cestari quien emocionado brindo un crudo relato de lo vivido en las Islas en el a\u00f1o 1982 por el y sus compa\u00f1eros de guerra.<\/p>\n<p>Luego\u00a0se escuch\u00f3 un audio preparado especialmente para la fecha, relatado por la reconocida locutora Graciela Medina y el final lo marc\u00f3 el Intendente Municipal Dr. Juan Ignacio Ustarroz quien resalt\u00f3 la necesidad de no olvidar la fecha \u00abjam\u00e1s\u00bb.\u00a0\u00abTenemos que tener memoria y respeto por los hombres que dieron su vida por la Patria, pero tambi\u00e9n much\u00edsimo respeto por aquellos que hoy nos acompa\u00f1an porque son el vivo recuerdo de una guerra terrible\u00bb, acot\u00f3.<\/p>\n<p>\u00abSon ellos los que d\u00eda a d\u00eda nos hacen recordar la soberan\u00eda sobre las islas Malvinas que son sin ning\u00fan lugar a dudas argentinas. De mi parte vaya a familiares, amigos y conocidos de todos estos h\u00e9roes, los que est\u00e1n y los que no est\u00e1n para mantener vivo su recuerdo todos los d\u00edas de nuestras vidas\u00bb concluy\u00f3 el Jefe Comunal.<\/p>\n<p>Fuente: Prensa Municipal<\/p>\n<p>&nbsp;<\/p>\n","protected":false},"excerpt":{"rendered":"<p>Este viernes, la Municipalidad de Mercedes y el Centro de Veteranos de Guerra \u201cIslas Malvinas\u201d de la ciudad, conmemoraron el &#8230; <a title=\"El recuerdo para los ca\u00eddos en Malvinas\" class=\"read-more\" href=\"https:\/\/www.hoymercedes.com.ar\/principal\/2016\/04\/09\/el-recuerdo-para-los-caidos-en-malvinas\/\" aria-label=\"Leer m\u00e1s sobre El recuerdo para los ca\u00eddos en Malvinas\">Leer m\u00e1s<\/a><\/p>\n","protected":false},"author":1,"featured_media":48687,"comment_status":"open","ping_status":"open","sticky":false,"template":"","format":"standard","meta":{"_monsterinsights_skip_tracking":false,"_monsterinsights_sitenote_active":false,"_monsterinsights_sitenote_note":"","_monsterinsights_sitenote_category":0,"jetpack_post_was_ever_published":false,"_jetpack_newsletter_access":"","_jetpack_dont_email_post_to_subs":false,"_jetpack_newsletter_tier_id":0,"_jetpack_memberships_contains_paywalled_content":false,"_jetpack_memberships_contains_paid_content":false,"footnotes":"","jetpack_publicize_message":"","jetpack_publicize_feature_enabled":true,"jetpack_social_post_already_shared":true,"jetpack_social_options":{"image_generator_settings":{"template":"highway","default_image_id":0,"font":"","enabled":false},"version":2},"_wpas_customize_per_network":false},"categories":[30],"tags":[8833,8941,8940],"class_list":["post-48686","post","type-post","status-publish","format-standard","has-post-thumbnail","hentry","category-municipio","tag-acto-protocolar","tag-islas-malvinas","tag-veterano","generate-columns","tablet-grid-50","mobile-grid-100","grid-parent","grid-50"],"jetpack_publicize_connections":[],"jetpack_featured_media_url":"https:\/\/www.hoymercedes.com.ar\/principal\/wp-content\/uploads\/2016\/04\/09-malvinas-acto.jpg","wps_subtitle":"Acto por el D\u00eda del Veterano","jetpack_sharing_enabled":true,"_links":{"self":[{"href":"https:\/\/www.hoymercedes.com.ar\/principal\/wp-json\/wp\/v2\/posts\/48686","targetHints":{"allow":["GET"]}}],"collection":[{"href":"https:\/\/www.hoymercedes.com.ar\/principal\/wp-json\/wp\/v2\/posts"}],"about":[{"href":"https:\/\/www.hoymercedes.com.ar\/principal\/wp-json\/wp\/v2\/types\/post"}],"author":[{"embeddable":true,"href":"https:\/\/www.hoymercedes.com.ar\/principal\/wp-json\/wp\/v2\/users\/1"}],"replies":[{"embeddable":true,"href":"https:\/\/www.hoymercedes.com.ar\/principal\/wp-json\/wp\/v2\/comments?post=48686"}],"version-history":[{"count":0,"href":"https:\/\/www.hoymercedes.com.ar\/principal\/wp-json\/wp\/v2\/posts\/48686\/revisions"}],"wp:featuredmedia":[{"embeddable":true,"href":"https:\/\/www.hoymercedes.com.ar\/principal\/wp-json\/wp\/v2\/media\/48687"}],"wp:attachment":[{"href":"https:\/\/www.hoymercedes.com.ar\/principal\/wp-json\/wp\/v2\/media?parent=48686"}],"wp:term":[{"taxonomy":"category","embeddable":true,"href":"https:\/\/www.hoymercedes.com.ar\/principal\/wp-json\/wp\/v2\/categories?post=48686"},{"taxonomy":"post_tag","embeddable":true,"href":"https:\/\/www.hoymercedes.com.ar\/principal\/wp-json\/wp\/v2\/tags?post=48686"}],"curies":[{"name":"wp","href":"https:\/\/api.w.org\/{rel}","templated":true}]}}