{"id":48701,"date":"2016-04-12T12:24:29","date_gmt":"2016-04-12T15:24:29","guid":{"rendered":"http:\/\/www.hoymercedes.com.ar\/principal\/?p=48701"},"modified":"2016-04-09T16:44:59","modified_gmt":"2016-04-09T19:44:59","slug":"corea-como-centro-de-una-muestra-en-el-mamm","status":"publish","type":"post","link":"https:\/\/www.hoymercedes.com.ar\/principal\/2016\/04\/12\/corea-como-centro-de-una-muestra-en-el-mamm\/","title":{"rendered":"Corea como centro de una muestra en el MAMM"},"content":{"rendered":"<p><img loading=\"lazy\" decoding=\"async\" data-attachment-id=\"48702\" data-permalink=\"https:\/\/www.hoymercedes.com.ar\/principal\/2016\/04\/12\/corea-como-centro-de-una-muestra-en-el-mamm\/12-muestra-corea\/#main\" data-orig-file=\"https:\/\/www.hoymercedes.com.ar\/principal\/wp-content\/uploads\/2016\/04\/12-muestra-corea.jpg\" data-orig-size=\"448,336\" data-comments-opened=\"1\" data-image-meta=\"{&quot;aperture&quot;:&quot;0&quot;,&quot;credit&quot;:&quot;&quot;,&quot;camera&quot;:&quot;&quot;,&quot;caption&quot;:&quot;&quot;,&quot;created_timestamp&quot;:&quot;0&quot;,&quot;copyright&quot;:&quot;&quot;,&quot;focal_length&quot;:&quot;0&quot;,&quot;iso&quot;:&quot;0&quot;,&quot;shutter_speed&quot;:&quot;0&quot;,&quot;title&quot;:&quot;&quot;,&quot;orientation&quot;:&quot;0&quot;}\" data-image-title=\"12 muestra corea\" data-image-description=\"\" data-image-caption=\"\" data-large-file=\"https:\/\/www.hoymercedes.com.ar\/principal\/wp-content\/uploads\/2016\/04\/12-muestra-corea.jpg\" class=\"aligncenter size-full wp-image-48702\" src=\"https:\/\/www.hoymercedes.com.ar\/principal\/wp-content\/uploads\/2016\/04\/12-muestra-corea.jpg\" alt=\"12 muestra corea\" width=\"448\" height=\"336\" srcset=\"https:\/\/www.hoymercedes.com.ar\/principal\/wp-content\/uploads\/2016\/04\/12-muestra-corea.jpg 448w, https:\/\/www.hoymercedes.com.ar\/principal\/wp-content\/uploads\/2016\/04\/12-muestra-corea-150x113.jpg 150w\" sizes=\"auto, (max-width: 448px) 100vw, 448px\" \/>El pr\u00f3ximo jueves 14, a las 19 , inaugura en el Museo de Arte Municipalidad de Mercedes (MAMM) \u00a0la exposici\u00f3n de fotograf\u00edas \u00abCorea\u00bb. Una serie de im\u00e1genes que dan cuenta de la cultura viva del pa\u00eds asi\u00e1tico, con sus tradiciones, paisajes e historia.<\/p>\n<p>En este marco, contaremos con la presencia del Director del Centro Cultural Coreano en Am\u00e9rica Latina (con sede en Buenos Aires), Jang Jinsang, reci\u00e9n llegado a la Argentina, quien ofrecer\u00e1 unas palabras para introducirnos en la cultura del pa\u00eds verde-azul (Cheong-gu, en una denominaci\u00f3n m\u00e1s po\u00e9tica que los propios coreanos utilizan para referirse a la regi\u00f3n).<\/p>\n<p>Luego, a las 20 hs, continuar\u00e1 la programaci\u00f3n del Ciclo de Cine Coreano, con el segundo encuentro en el que se proyectar\u00e1 \u00abEl Gran Chef\u00bb (2007), una comedia muy divertida que nos tentar\u00e1 con la exhibici\u00f3n de platos ex\u00f3ticos y todo el despliegue de un arte culinario que data de tiempos inmemoriales.<\/p>\n<p>Fuente: MAMM<\/p>\n","protected":false},"excerpt":{"rendered":"<p>El pr\u00f3ximo jueves 14, a las 19 , inaugura en el Museo de Arte Municipalidad de Mercedes (MAMM) \u00a0la exposici\u00f3n &#8230; <a title=\"Corea como centro de una muestra en el MAMM\" class=\"read-more\" href=\"https:\/\/www.hoymercedes.com.ar\/principal\/2016\/04\/12\/corea-como-centro-de-una-muestra-en-el-mamm\/\" aria-label=\"Leer m\u00e1s sobre Corea como centro de una muestra en el MAMM\">Leer m\u00e1s<\/a><\/p>\n","protected":false},"author":1,"featured_media":48702,"comment_status":"open","ping_status":"open","sticky":false,"template":"","format":"standard","meta":{"_monsterinsights_skip_tracking":false,"_monsterinsights_sitenote_active":false,"_monsterinsights_sitenote_note":"","_monsterinsights_sitenote_category":0,"jetpack_post_was_ever_published":false,"_jetpack_newsletter_access":"","_jetpack_dont_email_post_to_subs":false,"_jetpack_newsletter_tier_id":0,"_jetpack_memberships_contains_paywalled_content":false,"_jetpack_memberships_contains_paid_content":false,"footnotes":"","jetpack_publicize_message":"","jetpack_publicize_feature_enabled":true,"jetpack_social_post_already_shared":true,"jetpack_social_options":{"image_generator_settings":{"template":"highway","default_image_id":0,"font":"","enabled":false},"version":2},"_wpas_customize_per_network":false},"categories":[104],"tags":[5273,8889,8673,8674,8715],"class_list":["post-48701","post","type-post","status-publish","format-standard","has-post-thumbnail","hentry","category-cultura","tag-cine","tag-corea","tag-exposicion","tag-mamm","tag-muestra","generate-columns","tablet-grid-50","mobile-grid-100","grid-parent","grid-50"],"jetpack_publicize_connections":[],"jetpack_featured_media_url":"https:\/\/www.hoymercedes.com.ar\/principal\/wp-content\/uploads\/2016\/04\/12-muestra-corea.jpg","wps_subtitle":"Exposici\u00f3n inaugura el jueves 14","jetpack_sharing_enabled":true,"_links":{"self":[{"href":"https:\/\/www.hoymercedes.com.ar\/principal\/wp-json\/wp\/v2\/posts\/48701","targetHints":{"allow":["GET"]}}],"collection":[{"href":"https:\/\/www.hoymercedes.com.ar\/principal\/wp-json\/wp\/v2\/posts"}],"about":[{"href":"https:\/\/www.hoymercedes.com.ar\/principal\/wp-json\/wp\/v2\/types\/post"}],"author":[{"embeddable":true,"href":"https:\/\/www.hoymercedes.com.ar\/principal\/wp-json\/wp\/v2\/users\/1"}],"replies":[{"embeddable":true,"href":"https:\/\/www.hoymercedes.com.ar\/principal\/wp-json\/wp\/v2\/comments?post=48701"}],"version-history":[{"count":0,"href":"https:\/\/www.hoymercedes.com.ar\/principal\/wp-json\/wp\/v2\/posts\/48701\/revisions"}],"wp:featuredmedia":[{"embeddable":true,"href":"https:\/\/www.hoymercedes.com.ar\/principal\/wp-json\/wp\/v2\/media\/48702"}],"wp:attachment":[{"href":"https:\/\/www.hoymercedes.com.ar\/principal\/wp-json\/wp\/v2\/media?parent=48701"}],"wp:term":[{"taxonomy":"category","embeddable":true,"href":"https:\/\/www.hoymercedes.com.ar\/principal\/wp-json\/wp\/v2\/categories?post=48701"},{"taxonomy":"post_tag","embeddable":true,"href":"https:\/\/www.hoymercedes.com.ar\/principal\/wp-json\/wp\/v2\/tags?post=48701"}],"curies":[{"name":"wp","href":"https:\/\/api.w.org\/{rel}","templated":true}]}}