{"id":48723,"date":"2016-04-10T10:45:16","date_gmt":"2016-04-10T13:45:16","guid":{"rendered":"http:\/\/www.hoymercedes.com.ar\/principal\/?p=48723"},"modified":"2016-04-10T11:37:33","modified_gmt":"2016-04-10T14:37:33","slug":"el-regimiento-no-6-evoco-su-llegada-a-malvinas","status":"publish","type":"post","link":"https:\/\/www.hoymercedes.com.ar\/principal\/2016\/04\/10\/el-regimiento-no-6-evoco-su-llegada-a-malvinas\/","title":{"rendered":"El Regimiento N\u00ba 6 evoc\u00f3 su llegada a Malvinas"},"content":{"rendered":"<figure id=\"attachment_48726\" aria-describedby=\"caption-attachment-48726\" style=\"width: 438px\" class=\"wp-caption aligncenter\"><img loading=\"lazy\" decoding=\"async\" data-attachment-id=\"48726\" data-permalink=\"https:\/\/www.hoymercedes.com.ar\/principal\/2016\/04\/10\/el-regimiento-no-6-evoco-su-llegada-a-malvinas\/10-ri6-malvinas-1-1\/#main\" data-orig-file=\"https:\/\/www.hoymercedes.com.ar\/principal\/wp-content\/uploads\/2016\/04\/10-RI6-Malvinas-1-1.jpg\" data-orig-size=\"448,269\" data-comments-opened=\"1\" data-image-meta=\"{&quot;aperture&quot;:&quot;0&quot;,&quot;credit&quot;:&quot;&quot;,&quot;camera&quot;:&quot;&quot;,&quot;caption&quot;:&quot;&quot;,&quot;created_timestamp&quot;:&quot;0&quot;,&quot;copyright&quot;:&quot;&quot;,&quot;focal_length&quot;:&quot;0&quot;,&quot;iso&quot;:&quot;0&quot;,&quot;shutter_speed&quot;:&quot;0&quot;,&quot;title&quot;:&quot;&quot;,&quot;orientation&quot;:&quot;0&quot;}\" data-image-title=\"10 RI6 Malvinas 1 (1)\" data-image-description=\"\" data-image-caption=\"&lt;p&gt;Fotos Graciela Medina&lt;\/p&gt;\n\" data-large-file=\"https:\/\/www.hoymercedes.com.ar\/principal\/wp-content\/uploads\/2016\/04\/10-RI6-Malvinas-1-1.jpg\" class=\"size-full wp-image-48726\" src=\"https:\/\/www.hoymercedes.com.ar\/principal\/wp-content\/uploads\/2016\/04\/10-RI6-Malvinas-1-1.jpg\" alt=\"Fotos Graciela Medina\" width=\"448\" height=\"269\" srcset=\"https:\/\/www.hoymercedes.com.ar\/principal\/wp-content\/uploads\/2016\/04\/10-RI6-Malvinas-1-1.jpg 448w, https:\/\/www.hoymercedes.com.ar\/principal\/wp-content\/uploads\/2016\/04\/10-RI6-Malvinas-1-1-150x90.jpg 150w\" sizes=\"auto, (max-width: 448px) 100vw, 448px\" \/><figcaption id=\"caption-attachment-48726\" class=\"wp-caption-text\">Fotos Graciela Medina<\/figcaption><\/figure>\n<p>Los Veteranos del Regimiento de Infanter\u00eda Mecanizada N\u00b0 6, que estuvo en Mercedes hasta el a\u00f1o 1992, hoy con asiento en la localidad de Toay, La Pampa, llev\u00f3 adelante el acto tradicional en homenaje a los h\u00e9roes y ca\u00eddos en Malvinas, cumpli\u00e9ndose el 34\u00ba aniversario de la partida del Regimiento hacia las islas.<\/p>\n<p>Luego del Himno Nacional, interpretado por la banda de m\u00fasica \u201cCapit\u00e1n Tocani\u201d del regimiento N\u00ba 6, se presenci\u00f3 la recepci\u00f3n de la Posta Mariana, e izamiento de las mismas en los respectivos m\u00e1stiles que se colocaron ahora, para tal fin.\u00a0 Fueron J\u00f3venes Arribe\u00f1os que vienen desde Toay la Pampa a Luj\u00e1n corriendo altern\u00e1ndose formando la Posta Mariana ofreciendo su sacrificio lleno de esperanzas, cada integrante de la posta personifica a uno de nuestros H\u00e9roes que quedaron de custodios en Nuestras Islas Malvinas portando la correspondiente bandera que a continuaci\u00f3n ser\u00e1 izada en los m\u00e1stiles que hoy tenemos el orgullo de poder inaugurar, para dejar m\u00e1s en alto la presencia de nuestros ca\u00eddos en defensa de la soberan\u00eda Nacional.<\/p>\n<figure id=\"attachment_48725\" aria-describedby=\"caption-attachment-48725\" style=\"width: 438px\" class=\"wp-caption aligncenter\"><img loading=\"lazy\" decoding=\"async\" data-attachment-id=\"48725\" data-permalink=\"https:\/\/www.hoymercedes.com.ar\/principal\/2016\/04\/10\/el-regimiento-no-6-evoco-su-llegada-a-malvinas\/10-ri6-malvinas-1\/#main\" data-orig-file=\"https:\/\/www.hoymercedes.com.ar\/principal\/wp-content\/uploads\/2016\/04\/10-RI6-Malvinas-1.jpg\" data-orig-size=\"448,269\" data-comments-opened=\"1\" data-image-meta=\"{&quot;aperture&quot;:&quot;0&quot;,&quot;credit&quot;:&quot;&quot;,&quot;camera&quot;:&quot;&quot;,&quot;caption&quot;:&quot;&quot;,&quot;created_timestamp&quot;:&quot;0&quot;,&quot;copyright&quot;:&quot;&quot;,&quot;focal_length&quot;:&quot;0&quot;,&quot;iso&quot;:&quot;0&quot;,&quot;shutter_speed&quot;:&quot;0&quot;,&quot;title&quot;:&quot;&quot;,&quot;orientation&quot;:&quot;0&quot;}\" data-image-title=\"10 RI6 Malvinas 1\" data-image-description=\"\" data-image-caption=\"&lt;p&gt;Fotos Graciela Medina&lt;\/p&gt;\n\" data-large-file=\"https:\/\/www.hoymercedes.com.ar\/principal\/wp-content\/uploads\/2016\/04\/10-RI6-Malvinas-1.jpg\" class=\"size-full wp-image-48725\" src=\"https:\/\/www.hoymercedes.com.ar\/principal\/wp-content\/uploads\/2016\/04\/10-RI6-Malvinas-1.jpg\" alt=\"Fotos Graciela Medina\" width=\"448\" height=\"269\" srcset=\"https:\/\/www.hoymercedes.com.ar\/principal\/wp-content\/uploads\/2016\/04\/10-RI6-Malvinas-1.jpg 448w, https:\/\/www.hoymercedes.com.ar\/principal\/wp-content\/uploads\/2016\/04\/10-RI6-Malvinas-1-150x90.jpg 150w\" sizes=\"auto, (max-width: 448px) 100vw, 448px\" \/><figcaption id=\"caption-attachment-48725\" class=\"wp-caption-text\">Fotos Graciela Medina<\/figcaption><\/figure>\n<p>Un gran n\u00famero de concurrentes acompa\u00f1aron los homenajes, destac\u00e1ndose la presencia del Intendente Municipal Dr. Juan Ignacio Ustarroz, acompa\u00f1ado de otras autoridades municipales y el Intendente de la vecina ciudad de Navarro, Lic. Santiago Maggiotti.<\/p>\n<p>Despu\u00e9s del descubrimiento de las nuevas once placas que poseen los m\u00e1stiles, se entregaron pergaminos como recuerdos, replicas de los estandartes a los familiares de los ca\u00eddos en combate, estatuillas y otros presentes a veteranos y representantes de entidades y escuelas que se hicieron presentes.<\/p>\n<p>El Intendente de Navarro Santiago Maggiotti junto a un veterano de su ciudad, y representantes de la ciudad de Lobos, descubrieron las placas respectivas que cada municipio sumo, a esta plazoleta que hoy se carga con todos los homenajes para aquellos que dieron su vida en defensa de la soberan\u00eda nacional.<\/p>\n<p>Si bien el acto es una sumatoria de recuerdos, homenajes y una gran emoci\u00f3n, otro de los momentos que se destacaron fue la lectura de un texto enviado Cnl. VGM Esteban Augusto Vilgre La Madrid, quien no pudo estar presente en el encuentro.<\/p>\n<p>El Jefe Honorario del Regimiento de Infanter\u00eda Mecanizada N\u00ba \u00a06 \u201cGral. Viamonte\u201d, Gral. de Divisi\u00f3n Veterano de Guerra de Malvinas Jorge Halperin y el Intendente Municipal de Mercedes, Dr. Juan Ignacio Ustarroz, fueron los \u00fanicos oradores en el acto desarrollado en la plazoleta, ya que luego en el interior del predio que hoy ocupa Gendarmer\u00eda Nacional, se comparti\u00f3 con los presentes un locro, con una entrega de presentes y brindis final.<\/p>\n<p>&nbsp;<\/p>\n<p>Fuente: Prensa Municipal<\/p>\n","protected":false},"excerpt":{"rendered":"<p>Los Veteranos del Regimiento de Infanter\u00eda Mecanizada N\u00b0 6, que estuvo en Mercedes hasta el a\u00f1o 1992, hoy con asiento &#8230; <a title=\"El Regimiento N\u00ba 6 evoc\u00f3 su llegada a Malvinas\" class=\"read-more\" href=\"https:\/\/www.hoymercedes.com.ar\/principal\/2016\/04\/10\/el-regimiento-no-6-evoco-su-llegada-a-malvinas\/\" aria-label=\"Leer m\u00e1s sobre El Regimiento N\u00ba 6 evoc\u00f3 su llegada a Malvinas\">Leer m\u00e1s<\/a><\/p>\n","protected":false},"author":1,"featured_media":48724,"comment_status":"open","ping_status":"open","sticky":false,"template":"","format":"standard","meta":{"_monsterinsights_skip_tracking":false,"_monsterinsights_sitenote_active":false,"_monsterinsights_sitenote_note":"","_monsterinsights_sitenote_category":0,"jetpack_post_was_ever_published":false,"_jetpack_newsletter_access":"","_jetpack_dont_email_post_to_subs":false,"_jetpack_newsletter_tier_id":0,"_jetpack_memberships_contains_paywalled_content":false,"_jetpack_memberships_contains_paid_content":false,"footnotes":"","jetpack_publicize_message":"","jetpack_publicize_feature_enabled":true,"jetpack_social_post_already_shared":true,"jetpack_social_options":{"image_generator_settings":{"template":"highway","default_image_id":0,"font":"","enabled":false},"version":2},"_wpas_customize_per_network":false},"categories":[8],"tags":[8833,8960,8962,8961],"class_list":["post-48723","post","type-post","status-publish","format-standard","has-post-thumbnail","hentry","category-sociedad","tag-acto-protocolar","tag-guerra-malvinas","tag-homenaje-a-caidos","tag-regimineto-no-6","generate-columns","tablet-grid-50","mobile-grid-100","grid-parent","grid-50"],"jetpack_publicize_connections":[],"jetpack_featured_media_url":"https:\/\/www.hoymercedes.com.ar\/principal\/wp-content\/uploads\/2016\/04\/10-RI6-Malvinas.jpg","wps_subtitle":"A 34 a\u00f1os de la Guerra","jetpack_sharing_enabled":true,"_links":{"self":[{"href":"https:\/\/www.hoymercedes.com.ar\/principal\/wp-json\/wp\/v2\/posts\/48723","targetHints":{"allow":["GET"]}}],"collection":[{"href":"https:\/\/www.hoymercedes.com.ar\/principal\/wp-json\/wp\/v2\/posts"}],"about":[{"href":"https:\/\/www.hoymercedes.com.ar\/principal\/wp-json\/wp\/v2\/types\/post"}],"author":[{"embeddable":true,"href":"https:\/\/www.hoymercedes.com.ar\/principal\/wp-json\/wp\/v2\/users\/1"}],"replies":[{"embeddable":true,"href":"https:\/\/www.hoymercedes.com.ar\/principal\/wp-json\/wp\/v2\/comments?post=48723"}],"version-history":[{"count":0,"href":"https:\/\/www.hoymercedes.com.ar\/principal\/wp-json\/wp\/v2\/posts\/48723\/revisions"}],"wp:featuredmedia":[{"embeddable":true,"href":"https:\/\/www.hoymercedes.com.ar\/principal\/wp-json\/wp\/v2\/media\/48724"}],"wp:attachment":[{"href":"https:\/\/www.hoymercedes.com.ar\/principal\/wp-json\/wp\/v2\/media?parent=48723"}],"wp:term":[{"taxonomy":"category","embeddable":true,"href":"https:\/\/www.hoymercedes.com.ar\/principal\/wp-json\/wp\/v2\/categories?post=48723"},{"taxonomy":"post_tag","embeddable":true,"href":"https:\/\/www.hoymercedes.com.ar\/principal\/wp-json\/wp\/v2\/tags?post=48723"}],"curies":[{"name":"wp","href":"https:\/\/api.w.org\/{rel}","templated":true}]}}