{"id":4873,"date":"2011-06-10T00:12:16","date_gmt":"2011-06-10T00:12:16","guid":{"rendered":"http:\/\/www.hoymercedes.com.ar\/principal\/?p=4873"},"modified":"2011-06-10T00:12:16","modified_gmt":"2011-06-10T00:12:16","slug":"se-entregaron-casi-500-netbooks-del-programa-nacional-%e2%80%9cconectar-igualdad%e2%80%9d","status":"publish","type":"post","link":"https:\/\/www.hoymercedes.com.ar\/principal\/2011\/06\/10\/se-entregaron-casi-500-netbooks-del-programa-nacional-%e2%80%9cconectar-igualdad%e2%80%9d\/","title":{"rendered":"Se entregaron casi 500 netbooks del Programa Nacional \u201cConectar Igualdad\u201d"},"content":{"rendered":"<p>Estudiantes de nuestra ciudad sigue recibiendo beneficios del programa Conectar Igualdad. En esta ocasi\u00f3n se\u00a0distribuyeron\u00a0casi 500 netbooks. Prensa municipal difundi\u00f3 la noticia de la siguiente manera:<\/p>\n<p><em>En primera instancia la entrega se realiz\u00f3 en la Secundaria N\u00ba 7 que funciona en el edificio de la Escuela N\u00ba 30, de calle 55 entre 10 y 12. All\u00ed se entregaron 170 netbooks y ante la presencia de diferentes autoridades Municipales, la Directora del establecimiento, la Profesora Alejandra D`Andreiz, agradeci\u00f3 el apoyo del Intendente Carlos Selva y del Consejo Escolar y habl\u00f3 de la importancia que el programa tiene para los alumnos, y la utilizaci\u00f3n de la computadora como herramienta de estudio.<\/em><\/p>\n<p><em>M\u00e1s tarde se continu\u00f3 con la entrega pero esta vez en la Escuela Secundaria B\u00e1sica N 3, de calle 26 entre 31 y 29. La instituci\u00f3n recibi\u00f3 322 netbooks que fueron distribuidas entre los alumnos y los docentes.<\/em><\/p>\n<p>&nbsp;<\/p>\n","protected":false},"excerpt":{"rendered":"<p>Estudiantes de nuestra ciudad sigue recibiendo beneficios del programa Conectar Igualdad. En esta ocasi\u00f3n se\u00a0distribuyeron\u00a0casi 500 netbooks. Prensa municipal difundi\u00f3 &#8230; <a title=\"Se entregaron casi 500 netbooks del Programa Nacional \u201cConectar Igualdad\u201d\" class=\"read-more\" href=\"https:\/\/www.hoymercedes.com.ar\/principal\/2011\/06\/10\/se-entregaron-casi-500-netbooks-del-programa-nacional-%e2%80%9cconectar-igualdad%e2%80%9d\/\" aria-label=\"Leer m\u00e1s sobre Se entregaron casi 500 netbooks del Programa Nacional \u201cConectar Igualdad\u201d\">Leer m\u00e1s<\/a><\/p>\n","protected":false},"author":1,"featured_media":0,"comment_status":"open","ping_status":"open","sticky":false,"template":"","format":"standard","meta":{"_monsterinsights_skip_tracking":false,"_monsterinsights_sitenote_active":false,"_monsterinsights_sitenote_note":"","_monsterinsights_sitenote_category":0,"jetpack_post_was_ever_published":false,"_jetpack_newsletter_access":"","_jetpack_dont_email_post_to_subs":false,"_jetpack_newsletter_tier_id":0,"_jetpack_memberships_contains_paywalled_content":false,"_jetpack_memberships_contains_paid_content":false,"footnotes":"","jetpack_publicize_message":"","jetpack_publicize_feature_enabled":true,"jetpack_social_post_already_shared":false,"jetpack_social_options":{"image_generator_settings":{"template":"highway","default_image_id":0,"font":"","enabled":false},"version":2},"_wpas_customize_per_network":false},"categories":[23],"tags":[888],"class_list":["post-4873","post","type-post","status-publish","format-standard","hentry","category-educacion","tag-conectar-igualdad-mercedes","generate-columns","tablet-grid-50","mobile-grid-100","grid-parent","grid-50"],"jetpack_publicize_connections":[],"jetpack_featured_media_url":"","wps_subtitle":"","jetpack_sharing_enabled":true,"_links":{"self":[{"href":"https:\/\/www.hoymercedes.com.ar\/principal\/wp-json\/wp\/v2\/posts\/4873","targetHints":{"allow":["GET"]}}],"collection":[{"href":"https:\/\/www.hoymercedes.com.ar\/principal\/wp-json\/wp\/v2\/posts"}],"about":[{"href":"https:\/\/www.hoymercedes.com.ar\/principal\/wp-json\/wp\/v2\/types\/post"}],"author":[{"embeddable":true,"href":"https:\/\/www.hoymercedes.com.ar\/principal\/wp-json\/wp\/v2\/users\/1"}],"replies":[{"embeddable":true,"href":"https:\/\/www.hoymercedes.com.ar\/principal\/wp-json\/wp\/v2\/comments?post=4873"}],"version-history":[{"count":0,"href":"https:\/\/www.hoymercedes.com.ar\/principal\/wp-json\/wp\/v2\/posts\/4873\/revisions"}],"wp:attachment":[{"href":"https:\/\/www.hoymercedes.com.ar\/principal\/wp-json\/wp\/v2\/media?parent=4873"}],"wp:term":[{"taxonomy":"category","embeddable":true,"href":"https:\/\/www.hoymercedes.com.ar\/principal\/wp-json\/wp\/v2\/categories?post=4873"},{"taxonomy":"post_tag","embeddable":true,"href":"https:\/\/www.hoymercedes.com.ar\/principal\/wp-json\/wp\/v2\/tags?post=4873"}],"curies":[{"name":"wp","href":"https:\/\/api.w.org\/{rel}","templated":true}]}}