{"id":4877,"date":"2011-06-10T01:52:13","date_gmt":"2011-06-10T01:52:13","guid":{"rendered":"http:\/\/www.hoymercedes.com.ar\/principal\/?p=4877"},"modified":"2011-06-10T01:52:13","modified_gmt":"2011-06-10T01:52:13","slug":"asaltaron-la-inmobiliaria-perteneciente-al-ex-concejal-luis-colao","status":"publish","type":"post","link":"https:\/\/www.hoymercedes.com.ar\/principal\/2011\/06\/10\/asaltaron-la-inmobiliaria-perteneciente-al-ex-concejal-luis-colao\/","title":{"rendered":"Asaltaron la Inmobiliaria perteneciente al ex concejal Luis Colao"},"content":{"rendered":"<figure id=\"attachment_4879\" aria-describedby=\"caption-attachment-4879\" style=\"width: 290px\" class=\"wp-caption alignleft\"><a href=\"https:\/\/www.hoymercedes.com.ar\/principal\/wp-content\/uploads\/2011\/06\/ABC-Inmobiliaria.jpg\"><img loading=\"lazy\" decoding=\"async\" data-attachment-id=\"4879\" data-permalink=\"https:\/\/www.hoymercedes.com.ar\/principal\/2011\/06\/10\/asaltaron-la-inmobiliaria-perteneciente-al-ex-concejal-luis-colao\/abc-inmobiliaria\/#main\" data-orig-file=\"https:\/\/www.hoymercedes.com.ar\/principal\/wp-content\/uploads\/2011\/06\/ABC-Inmobiliaria.jpg\" data-orig-size=\"328,259\" data-comments-opened=\"1\" data-image-meta=\"{&quot;aperture&quot;:&quot;2.8&quot;,&quot;credit&quot;:&quot;&quot;,&quot;camera&quot;:&quot;COOLPIX L10&quot;,&quot;caption&quot;:&quot;&quot;,&quot;created_timestamp&quot;:&quot;1307431944&quot;,&quot;copyright&quot;:&quot;Copyright 2006&quot;,&quot;focal_length&quot;:&quot;6.2&quot;,&quot;iso&quot;:&quot;64&quot;,&quot;shutter_speed&quot;:&quot;0.0038314176245211&quot;,&quot;title&quot;:&quot;&quot;}\" data-image-title=\"ABC-Inmobiliaria\" data-image-description=\"\" data-image-caption=\"&lt;p&gt;ABC-Inmobiliaria&lt;\/p&gt;\n\" data-large-file=\"https:\/\/www.hoymercedes.com.ar\/principal\/wp-content\/uploads\/2011\/06\/ABC-Inmobiliaria.jpg\" class=\"size-medium wp-image-4879\" title=\"ABC-Inmobiliaria\" src=\"https:\/\/www.hoymercedes.com.ar\/principal\/wp-content\/uploads\/2011\/06\/ABC-Inmobiliaria-300x236.jpg\" alt=\"\" width=\"300\" height=\"236\" srcset=\"https:\/\/www.hoymercedes.com.ar\/principal\/wp-content\/uploads\/2011\/06\/ABC-Inmobiliaria-300x236.jpg 300w, https:\/\/www.hoymercedes.com.ar\/principal\/wp-content\/uploads\/2011\/06\/ABC-Inmobiliaria.jpg 328w\" sizes=\"auto, (max-width: 300px) 100vw, 300px\" \/><\/a><figcaption id=\"caption-attachment-4879\" class=\"wp-caption-text\">ABC-Inmobiliaria<\/figcaption><\/figure>\n<p>Dos hombre empu\u00f1ando pistolas de nueve mil\u00edmetros  y con sus rostros sin tapar asaltaron la Inmobiliaria ABC ubicada en la Avenida 17 entre 16 y 18 propiedad del concejal mandato cumplido y en la actualidad candidato a intendente por el GEN Mercedes Luis Colao logrando apoderarse de una significativa suma de dinero que seg\u00fan se inform\u00f3 era producto de la cobranza de viviendas alquiladas a trav\u00e9s de la misma.<\/p>\n<p>Luis Colao explic\u00f3 lo ocurrido explicando \u201cen realidad yo me di cuenta cuando llegaba a la inmobiliaria, por cierto  un poco  m\u00e1s tarde del horario de apertura de la misma y al hacerlo me encuentro con que estaban saliendo desde el interior de la misma dos hombre, bien vestidos caminando por la 17 se dirigieron en direcci\u00f3n de la calle 18.<\/p>\n<p>La verdad es que en ning\u00fan momento se me ocurri\u00f3 pensar que eran los autores de un robo que reci\u00e9n hab\u00edan terminado de realizar justamente en mi local.<\/p>\n<p>Cuando entro tomo conocimiento a trav\u00e9s de mi empleado Jos\u00e9 Bonamino de los que hab\u00eda pasado qui\u00e9n por cierto no sal\u00eda del asombro por lo ocurrido.<\/p>\n<p>Sint\u00e9ticamente cuento que alrededor de las 9.00 mientras Jos\u00e9 (Bonamino) se encontraba abriendo llega a la inmobiliaria un cliente, Mario Sirch que iba por un tr\u00e1mite personal y mientras lo estaba realizando entras dos personas con armas en sus manos, concretamente seg\u00fan la informaci\u00f3n que me dieron pistolas 9mm y los amenazan a los dos llev\u00e1ndolos a empujones  hasta una de las dependencias del fondo del local at\u00e1ndolos con precintos para luego encerrarlos en una de las oficinas que tenemos.<\/p>\n<p>Pero justo en esos momentos ingreso un joven que por estar en fecha de vencimiento se aprestaba a pagar el alquiler se la vivienda que ocupa, tambi\u00e9n fue atado y trasladado a la misma oficina, donde por cierto los delincuentes les sacaron la totalidad de las pertenec\u00edas como dinero, relojes, anillos, etc., menos los celulares.<\/p>\n<p>Ya sin ning\u00fan inconvenientes revisan y revuelven toso apoder\u00e1ndose de la recaudaci\u00f3n que hab\u00eda en la caja que era fundamentalmente producto del pago de los alquileres de las diferentes casa que nosotros manejamos, una suma por cierto importante m\u00e1s all\u00e1 que en estos momentos cualquier suma de dinero lo sea.<\/p>\n<p>Puedo establecer que una vez que encontraron ese dinero que buscaban se retiraron del lugar a pi\u00e9, insisto que cuando yo llegaba ellos se iban por la 17 hacia la calle 18 pero como entre a la inmobiliaria ya al salir nuevamente no pude ver mas nada.<\/p>\n<p>Por suerte a nadie le ocurri\u00f3  absolutamente nada m\u00e1s all\u00e1 del hecho violento de tener que sentirse con una arma apoyada en sus cabezas, lamentablemente parecer\u00eda ser que ya estamos acostumbrados a la falta de seguridad y a los robos y ahora nos ponemos contentos  cuando vemos que no le hacen nada a las personas que toman como moment\u00e1neos rehenes, que es lo importante porque lo del dinero se arregla pero la vida de un humano no\u201d.<\/p>\n<p>Posteriormente Colao agreg\u00f3   \u201c ya formalice la denuncia y tengo que decir que personalmente concurri\u00f3 a este domicilio el Comisario V\u00e1zquez junto con personal de Polic\u00eda Cient\u00edfica que procedieron relevar todo el interior buscando posibles huellas digitales as\u00ed que espero que puedan llegar a obtener alg\u00fan dato positivo.<\/p>\n<p>Yo creo que por las caracter\u00edsticas de las personas seguramente el objetivo era robar en la inmobiliaria, no se mostraron como personas que vieron el lugar y en el momento decidieron ingresar, creo que esto fue analizado antes e incluso se muy bien que lo que nos ocurri\u00f3 le puede pasar a cualquier inmobiliaria de la ciudad porque todos saben que estamos dentro delos plazos habituales de cobro de los alquileres pertenecientes a las viviendas que administramos por lo tanto siempre algo de dinero hay\u00bb<\/p>\n","protected":false},"excerpt":{"rendered":"<p>Dos hombre empu\u00f1ando pistolas de nueve mil\u00edmetros y con sus rostros sin tapar asaltaron la Inmobiliaria ABC ubicada en la &#8230; <a title=\"Asaltaron la Inmobiliaria perteneciente al ex concejal Luis Colao\" class=\"read-more\" href=\"https:\/\/www.hoymercedes.com.ar\/principal\/2011\/06\/10\/asaltaron-la-inmobiliaria-perteneciente-al-ex-concejal-luis-colao\/\" aria-label=\"Leer m\u00e1s sobre Asaltaron la Inmobiliaria perteneciente al ex concejal Luis Colao\">Leer m\u00e1s<\/a><\/p>\n","protected":false},"author":1,"featured_media":0,"comment_status":"open","ping_status":"open","sticky":false,"template":"","format":"standard","meta":{"_monsterinsights_skip_tracking":false,"_monsterinsights_sitenote_active":false,"_monsterinsights_sitenote_note":"","_monsterinsights_sitenote_category":0,"jetpack_post_was_ever_published":false,"_jetpack_newsletter_access":"","_jetpack_dont_email_post_to_subs":false,"_jetpack_newsletter_tier_id":0,"_jetpack_memberships_contains_paywalled_content":false,"_jetpack_memberships_contains_paid_content":false,"footnotes":"","jetpack_publicize_message":"","jetpack_publicize_feature_enabled":true,"jetpack_social_post_already_shared":false,"jetpack_social_options":{"image_generator_settings":{"template":"highway","default_image_id":0,"font":"","enabled":false},"version":2},"_wpas_customize_per_network":false},"categories":[8],"tags":[890,318,10,889],"class_list":["post-4877","post","type-post","status-publish","format-standard","hentry","category-sociedad","tag-abc-inmobiliaria","tag-colao","tag-mercedes","tag-robo","generate-columns","tablet-grid-50","mobile-grid-100","grid-parent","grid-50"],"jetpack_publicize_connections":[],"jetpack_featured_media_url":"","wps_subtitle":"","jetpack_sharing_enabled":true,"_links":{"self":[{"href":"https:\/\/www.hoymercedes.com.ar\/principal\/wp-json\/wp\/v2\/posts\/4877","targetHints":{"allow":["GET"]}}],"collection":[{"href":"https:\/\/www.hoymercedes.com.ar\/principal\/wp-json\/wp\/v2\/posts"}],"about":[{"href":"https:\/\/www.hoymercedes.com.ar\/principal\/wp-json\/wp\/v2\/types\/post"}],"author":[{"embeddable":true,"href":"https:\/\/www.hoymercedes.com.ar\/principal\/wp-json\/wp\/v2\/users\/1"}],"replies":[{"embeddable":true,"href":"https:\/\/www.hoymercedes.com.ar\/principal\/wp-json\/wp\/v2\/comments?post=4877"}],"version-history":[{"count":0,"href":"https:\/\/www.hoymercedes.com.ar\/principal\/wp-json\/wp\/v2\/posts\/4877\/revisions"}],"wp:attachment":[{"href":"https:\/\/www.hoymercedes.com.ar\/principal\/wp-json\/wp\/v2\/media?parent=4877"}],"wp:term":[{"taxonomy":"category","embeddable":true,"href":"https:\/\/www.hoymercedes.com.ar\/principal\/wp-json\/wp\/v2\/categories?post=4877"},{"taxonomy":"post_tag","embeddable":true,"href":"https:\/\/www.hoymercedes.com.ar\/principal\/wp-json\/wp\/v2\/tags?post=4877"}],"curies":[{"name":"wp","href":"https:\/\/api.w.org\/{rel}","templated":true}]}}