{"id":48806,"date":"2016-04-11T20:28:56","date_gmt":"2016-04-11T23:28:56","guid":{"rendered":"http:\/\/www.hoymercedes.com.ar\/principal\/?p=48806"},"modified":"2016-04-11T18:35:51","modified_gmt":"2016-04-11T21:35:51","slug":"limpieza-y-arreglos-en-el-barrio-esperanza","status":"publish","type":"post","link":"https:\/\/www.hoymercedes.com.ar\/principal\/2016\/04\/11\/limpieza-y-arreglos-en-el-barrio-esperanza\/","title":{"rendered":"Limpieza y arreglos en el Barrio Esperanza"},"content":{"rendered":"<figure id=\"attachment_48807\" aria-describedby=\"caption-attachment-48807\" style=\"width: 438px\" class=\"wp-caption aligncenter\"><img loading=\"lazy\" decoding=\"async\" data-attachment-id=\"48807\" data-permalink=\"https:\/\/www.hoymercedes.com.ar\/principal\/2016\/04\/11\/limpieza-y-arreglos-en-el-barrio-esperanza\/11-esperanza-3\/#main\" data-orig-file=\"https:\/\/www.hoymercedes.com.ar\/principal\/wp-content\/uploads\/2016\/04\/11-ESPERANZA-3.jpg\" data-orig-size=\"448,298\" data-comments-opened=\"1\" data-image-meta=\"{&quot;aperture&quot;:&quot;0&quot;,&quot;credit&quot;:&quot;&quot;,&quot;camera&quot;:&quot;&quot;,&quot;caption&quot;:&quot;&quot;,&quot;created_timestamp&quot;:&quot;0&quot;,&quot;copyright&quot;:&quot;&quot;,&quot;focal_length&quot;:&quot;0&quot;,&quot;iso&quot;:&quot;0&quot;,&quot;shutter_speed&quot;:&quot;0&quot;,&quot;title&quot;:&quot;&quot;,&quot;orientation&quot;:&quot;0&quot;}\" data-image-title=\"11 ESPERANZA 3\" data-image-description=\"\" data-image-caption=\"&lt;p&gt;Foto: Prensa Municipal&lt;\/p&gt;\n\" data-large-file=\"https:\/\/www.hoymercedes.com.ar\/principal\/wp-content\/uploads\/2016\/04\/11-ESPERANZA-3.jpg\" class=\"size-full wp-image-48807\" src=\"https:\/\/www.hoymercedes.com.ar\/principal\/wp-content\/uploads\/2016\/04\/11-ESPERANZA-3.jpg\" alt=\"Foto: Prensa Municipal\" width=\"448\" height=\"298\" srcset=\"https:\/\/www.hoymercedes.com.ar\/principal\/wp-content\/uploads\/2016\/04\/11-ESPERANZA-3.jpg 448w, https:\/\/www.hoymercedes.com.ar\/principal\/wp-content\/uploads\/2016\/04\/11-ESPERANZA-3-150x100.jpg 150w, https:\/\/www.hoymercedes.com.ar\/principal\/wp-content\/uploads\/2016\/04\/11-ESPERANZA-3-300x200.jpg 300w\" sizes=\"auto, (max-width: 448px) 100vw, 448px\" \/><figcaption id=\"caption-attachment-48807\" class=\"wp-caption-text\">Foto: Prensa Municipal<\/figcaption><\/figure>\n<p>Desde la Municipalidad de Mercedes informaron que\u00a0la Secretaria de Obras y Servicios P\u00fablicos, respondi\u00f3 a los reclamos del atendidos por el 147 de acuerdo al cronograma de tareas en\u00a0distintos barrios de la ciudad.<\/p>\n<p>Las cuadrillas de trabajadores municipales, y cooperativas contratadas por la Municipalidad, est\u00e1n haciendo zanjeo, poda y limpieza en general. Tal es el caso de lo hecho en Barrio Esperanza, donde desde hace aproximadamente un mes se vienen cumpliendo diferentes trabajos, los que se vieron interrumpidos varias veces por las condiciones clim\u00e1ticas que han acompa\u00f1ado en estos d\u00edas.<\/p>\n<p>En el Barrio Esperanza se hizo efectiva la\u00a0limpieza en calles, zanjas, plaza, y otros sectores que componen la barriada.\u00a0En varias calles de la barriada, se procedi\u00f3 a la colocaci\u00f3n de tosca, y en otras se volcaron piedras, acondicionando y mejorando las calles internas y las de ingreso y egreso al barrio.\u00a0Adem\u00e1s se repararon \u00a0diferentes elementos y juegos de la plaza del lugar.<\/p>\n","protected":false},"excerpt":{"rendered":"<p>Desde la Municipalidad de Mercedes informaron que\u00a0la Secretaria de Obras y Servicios P\u00fablicos, respondi\u00f3 a los reclamos del atendidos por &#8230; <a title=\"Limpieza y arreglos en el Barrio Esperanza\" class=\"read-more\" href=\"https:\/\/www.hoymercedes.com.ar\/principal\/2016\/04\/11\/limpieza-y-arreglos-en-el-barrio-esperanza\/\" aria-label=\"Leer m\u00e1s sobre Limpieza y arreglos en el Barrio Esperanza\">Leer m\u00e1s<\/a><\/p>\n","protected":false},"author":1,"featured_media":48807,"comment_status":"open","ping_status":"open","sticky":false,"template":"","format":"standard","meta":{"_monsterinsights_skip_tracking":false,"_monsterinsights_sitenote_active":false,"_monsterinsights_sitenote_note":"","_monsterinsights_sitenote_category":0,"jetpack_post_was_ever_published":false,"_jetpack_newsletter_access":"","_jetpack_dont_email_post_to_subs":false,"_jetpack_newsletter_tier_id":0,"_jetpack_memberships_contains_paywalled_content":false,"_jetpack_memberships_contains_paid_content":false,"footnotes":"","jetpack_publicize_message":"","jetpack_publicize_feature_enabled":true,"jetpack_social_post_already_shared":true,"jetpack_social_options":{"image_generator_settings":{"template":"highway","default_image_id":0,"font":"","enabled":false},"version":2},"_wpas_customize_per_network":false},"categories":[30],"tags":[3391,244,8628],"class_list":["post-48806","post","type-post","status-publish","format-standard","has-post-thumbnail","hentry","category-municipio","tag-barrio-esperanza","tag-municipio-2","tag-servicios-publicos","generate-columns","tablet-grid-50","mobile-grid-100","grid-parent","grid-50"],"jetpack_publicize_connections":[],"jetpack_featured_media_url":"https:\/\/www.hoymercedes.com.ar\/principal\/wp-content\/uploads\/2016\/04\/11-ESPERANZA-3.jpg","wps_subtitle":"Servicios P\u00fablicos en los Barrios","jetpack_sharing_enabled":true,"_links":{"self":[{"href":"https:\/\/www.hoymercedes.com.ar\/principal\/wp-json\/wp\/v2\/posts\/48806","targetHints":{"allow":["GET"]}}],"collection":[{"href":"https:\/\/www.hoymercedes.com.ar\/principal\/wp-json\/wp\/v2\/posts"}],"about":[{"href":"https:\/\/www.hoymercedes.com.ar\/principal\/wp-json\/wp\/v2\/types\/post"}],"author":[{"embeddable":true,"href":"https:\/\/www.hoymercedes.com.ar\/principal\/wp-json\/wp\/v2\/users\/1"}],"replies":[{"embeddable":true,"href":"https:\/\/www.hoymercedes.com.ar\/principal\/wp-json\/wp\/v2\/comments?post=48806"}],"version-history":[{"count":0,"href":"https:\/\/www.hoymercedes.com.ar\/principal\/wp-json\/wp\/v2\/posts\/48806\/revisions"}],"wp:featuredmedia":[{"embeddable":true,"href":"https:\/\/www.hoymercedes.com.ar\/principal\/wp-json\/wp\/v2\/media\/48807"}],"wp:attachment":[{"href":"https:\/\/www.hoymercedes.com.ar\/principal\/wp-json\/wp\/v2\/media?parent=48806"}],"wp:term":[{"taxonomy":"category","embeddable":true,"href":"https:\/\/www.hoymercedes.com.ar\/principal\/wp-json\/wp\/v2\/categories?post=48806"},{"taxonomy":"post_tag","embeddable":true,"href":"https:\/\/www.hoymercedes.com.ar\/principal\/wp-json\/wp\/v2\/tags?post=48806"}],"curies":[{"name":"wp","href":"https:\/\/api.w.org\/{rel}","templated":true}]}}