{"id":4882,"date":"2011-06-10T14:51:23","date_gmt":"2011-06-10T14:51:23","guid":{"rendered":"http:\/\/www.hoymercedes.com.ar\/principal\/?p=4882"},"modified":"2011-06-10T14:51:23","modified_gmt":"2011-06-10T14:51:23","slug":"visito-nuestra-ciudad-el-titular-de-la-union-industrial-argentina-invitado-por-el-fmpv","status":"publish","type":"post","link":"https:\/\/www.hoymercedes.com.ar\/principal\/2011\/06\/10\/visito-nuestra-ciudad-el-titular-de-la-union-industrial-argentina-invitado-por-el-fmpv\/","title":{"rendered":"Visito nuestra ciudad el titular de la Uni\u00f3n Industrial Argentina invitado por el FMpV"},"content":{"rendered":"<p>Especialmente invitado por el Frente Mercedino para la Victoria visit\u00f3 nuestra ciudad el presidente de la Uni\u00f3n Industrial Argentina, Jos\u00e9 Ignacio de Mendiguren qui\u00e9n concurri\u00f3 a las instalaciones de la C\u00e1mara Econ\u00f3mica de nuestra ciudad para compartir una reuni\u00f3n con directivos de dicha entidad, empresarios nucleados por la C\u00e1mara, dirigentes del Frente Mercedino y adem\u00e1s invitados especiales.<\/p>\n<p>Adem\u00e1s del presidente de la UIA se hicieron presentes otros directivos de la mencionada entidad que agrupa a las diferentes c\u00e1maras de industriales del pa\u00eds  como ser Juan Carlos Lascurain de una de las c\u00e1maras Metal\u00fargicas del pa\u00eds, y el economista Miguel Antonio Peirano quienes fueron recibidas con palabras de bienvenida de parte del presidente de la CEM Cesar Sanmart\u00edn y el candidato a intendente por el Frente Dr. Juan Ignacio Ustarroz.<\/p>\n<p><a href=\"https:\/\/www.hoymercedes.com.ar\/principal\/wp-content\/uploads\/2011\/06\/Mendiguren-Ustarr\u00f3z.jpg\"><img loading=\"lazy\" decoding=\"async\" data-attachment-id=\"4884\" data-permalink=\"https:\/\/www.hoymercedes.com.ar\/principal\/2011\/06\/10\/visito-nuestra-ciudad-el-titular-de-la-union-industrial-argentina-invitado-por-el-fmpv\/mendiguren-ustarroz\/#main\" data-orig-file=\"https:\/\/www.hoymercedes.com.ar\/principal\/wp-content\/uploads\/2011\/06\/Mendiguren-Ustarr\u00f3z.jpg\" data-orig-size=\"600,450\" data-comments-opened=\"1\" data-image-meta=\"{&quot;aperture&quot;:&quot;2.8&quot;,&quot;credit&quot;:&quot;&quot;,&quot;camera&quot;:&quot;COOLPIX L10&quot;,&quot;caption&quot;:&quot;&quot;,&quot;created_timestamp&quot;:&quot;1307455195&quot;,&quot;copyright&quot;:&quot;Copyright 2006&quot;,&quot;focal_length&quot;:&quot;6.2&quot;,&quot;iso&quot;:&quot;400&quot;,&quot;shutter_speed&quot;:&quot;0.016666666666667&quot;,&quot;title&quot;:&quot;&quot;}\" data-image-title=\"Mendiguren-Ustarr\u00f3z\" data-image-description=\"\" data-image-caption=\"\" data-large-file=\"https:\/\/www.hoymercedes.com.ar\/principal\/wp-content\/uploads\/2011\/06\/Mendiguren-Ustarr\u00f3z.jpg\" class=\"aligncenter size-full wp-image-4884\" title=\"Mendiguren-Ustarr\u00f3z\" src=\"https:\/\/www.hoymercedes.com.ar\/principal\/wp-content\/uploads\/2011\/06\/Mendiguren-Ustarr\u00f3z.jpg\" alt=\"\" width=\"600\" height=\"450\" \/><\/a><\/p>\n<p>El titular de la UIA tras pedir disculpas por la demora que tuvo al seguir de largo en Luj\u00e1n equivocando la ruta agradeci\u00f3 la invitaci\u00f3n formulada sosteniendo que hab\u00eda tenido a Juan Ustarroz como la primera visita oficial luego de haber asumido hace pocas semanas su segundo mandato al frente de la entidad para luego comenzar a aportar una serie de datos que hicieron realmente amena y desde ya muy interesante su exposici\u00f3n con relaci\u00f3n a los problemas y la situaci\u00f3n actual de la Argentina vistos desde el punto de an\u00e1lisis de los principales dirigentes industriales de la rep\u00fablica Argentina<\/p>\n<p>Sostuvo entre otros conceptos \u201cmuchos se preguntan el porque  para nosotros la importancia de apoyar con mucha convicci\u00f3n la necesidad de que las ciudades y sus conjuntos cuando demuestran una vocaci\u00f3n a no solo conformarse con el entorno sino a transformarla en una ciudad con una ciudad que yo llamo industrial porque para mi todo lo que tiene que ver con la industria tiene que ver con el proyecto de desarrollo y con darnos algo cualitativo, con permitir la soluci\u00f3n de fondo a ese problema end\u00e9mico de la argentina que es la emigraci\u00f3n de su gente hacia los centros urbanos aspirando una posibilidad de vida diferente.<\/p>\n<p>Y la verdadera soluci\u00f3n, la de fondo, no se agota en como se soluciona la seguridad si con la Gendarmer\u00eda o la Polic\u00eda,  sino que se soluciona  cuando uno logra que el desarrollo del pa\u00eds se haga realidad en el interior\u201d<\/p>\n<p><a href=\"https:\/\/www.hoymercedes.com.ar\/principal\/wp-content\/uploads\/2011\/06\/DeMendiguren.jpg\"><img loading=\"lazy\" decoding=\"async\" data-attachment-id=\"4885\" data-permalink=\"https:\/\/www.hoymercedes.com.ar\/principal\/2011\/06\/10\/visito-nuestra-ciudad-el-titular-de-la-union-industrial-argentina-invitado-por-el-fmpv\/demendiguren\/#main\" data-orig-file=\"https:\/\/www.hoymercedes.com.ar\/principal\/wp-content\/uploads\/2011\/06\/DeMendiguren.jpg\" data-orig-size=\"600,450\" data-comments-opened=\"1\" data-image-meta=\"{&quot;aperture&quot;:&quot;5.2&quot;,&quot;credit&quot;:&quot;&quot;,&quot;camera&quot;:&quot;COOLPIX L10&quot;,&quot;caption&quot;:&quot;&quot;,&quot;created_timestamp&quot;:&quot;1307455091&quot;,&quot;copyright&quot;:&quot;Copyright 2006&quot;,&quot;focal_length&quot;:&quot;18.6&quot;,&quot;iso&quot;:&quot;400&quot;,&quot;shutter_speed&quot;:&quot;0.016666666666667&quot;,&quot;title&quot;:&quot;&quot;}\" data-image-title=\"DeMendiguren\" data-image-description=\"\" data-image-caption=\"\" data-large-file=\"https:\/\/www.hoymercedes.com.ar\/principal\/wp-content\/uploads\/2011\/06\/DeMendiguren.jpg\" class=\"aligncenter size-full wp-image-4885\" title=\"DeMendiguren\" src=\"https:\/\/www.hoymercedes.com.ar\/principal\/wp-content\/uploads\/2011\/06\/DeMendiguren.jpg\" alt=\"\" width=\"600\" height=\"450\" srcset=\"https:\/\/www.hoymercedes.com.ar\/principal\/wp-content\/uploads\/2011\/06\/DeMendiguren.jpg 600w, https:\/\/www.hoymercedes.com.ar\/principal\/wp-content\/uploads\/2011\/06\/DeMendiguren-300x225.jpg 300w\" sizes=\"auto, (max-width: 600px) 100vw, 600px\" \/><\/a><\/p>\n<p>Luego se refiri\u00f3 a la diferencia en que se encontraba el pa\u00eds en el 2001 cuando asum\u00eda su cargo por primera vez, una pa\u00eds con un verdadero vac\u00edo de poder y todas las variables maroecon\u00f3micas descontroladas sin un manejo serio y real, \u201cy con que me encuentro ahora, tal vez si hay algo que no podemos discutir m\u00e1s all\u00e1 de que a algunos les puede gustar m\u00e1s y  a otros menos es que no hay vac\u00edo de poder, no podemos discutir si alguien puede negar que las variables macroecon\u00f3micas tienen gobernabilidad, es decir hoy tenemos gobernabilidad pol\u00edtica y gobernabilidad econ\u00f3mica, lo cual sin lugar a dudas tengo que por supuesto decir  que estoy ante una situaci\u00f3n totalmente diferente\u201d para luego concluir expresando \u201cac\u00e1 lo importante es que todo lo que se pretende visualizar e implementar en el pa\u00eds es imposible si no hay una macroeconom\u00eda que acompa\u00f1e y sostenga en el tiempo estos proyectos que estamos discutiendo para nosotros\u201d<\/p>\n<p>&nbsp;<\/p>\n","protected":false},"excerpt":{"rendered":"<p>Especialmente invitado por el Frente Mercedino para la Victoria visit\u00f3 nuestra ciudad el presidente de la Uni\u00f3n Industrial Argentina, Jos\u00e9 &#8230; <a title=\"Visito nuestra ciudad el titular de la Uni\u00f3n Industrial Argentina invitado por el FMpV\" class=\"read-more\" href=\"https:\/\/www.hoymercedes.com.ar\/principal\/2011\/06\/10\/visito-nuestra-ciudad-el-titular-de-la-union-industrial-argentina-invitado-por-el-fmpv\/\" aria-label=\"Leer m\u00e1s sobre Visito nuestra ciudad el titular de la Uni\u00f3n Industrial Argentina invitado por el FMpV\">Leer m\u00e1s<\/a><\/p>\n","protected":false},"author":1,"featured_media":0,"comment_status":"open","ping_status":"open","sticky":false,"template":"","format":"standard","meta":{"_monsterinsights_skip_tracking":false,"_monsterinsights_sitenote_active":false,"_monsterinsights_sitenote_note":"","_monsterinsights_sitenote_category":0,"jetpack_post_was_ever_published":false,"_jetpack_newsletter_access":"","_jetpack_dont_email_post_to_subs":false,"_jetpack_newsletter_tier_id":0,"_jetpack_memberships_contains_paywalled_content":false,"_jetpack_memberships_contains_paid_content":false,"footnotes":"","jetpack_publicize_message":"","jetpack_publicize_feature_enabled":true,"jetpack_social_post_already_shared":false,"jetpack_social_options":{"image_generator_settings":{"template":"highway","default_image_id":0,"font":"","enabled":false},"version":2},"_wpas_customize_per_network":false},"categories":[5],"tags":[884,424],"class_list":["post-4882","post","type-post","status-publish","format-standard","hentry","category-politica","tag-de-mendiguren","tag-ustarroz","generate-columns","tablet-grid-50","mobile-grid-100","grid-parent","grid-50"],"jetpack_publicize_connections":[],"jetpack_featured_media_url":"","wps_subtitle":"","jetpack_sharing_enabled":true,"_links":{"self":[{"href":"https:\/\/www.hoymercedes.com.ar\/principal\/wp-json\/wp\/v2\/posts\/4882","targetHints":{"allow":["GET"]}}],"collection":[{"href":"https:\/\/www.hoymercedes.com.ar\/principal\/wp-json\/wp\/v2\/posts"}],"about":[{"href":"https:\/\/www.hoymercedes.com.ar\/principal\/wp-json\/wp\/v2\/types\/post"}],"author":[{"embeddable":true,"href":"https:\/\/www.hoymercedes.com.ar\/principal\/wp-json\/wp\/v2\/users\/1"}],"replies":[{"embeddable":true,"href":"https:\/\/www.hoymercedes.com.ar\/principal\/wp-json\/wp\/v2\/comments?post=4882"}],"version-history":[{"count":0,"href":"https:\/\/www.hoymercedes.com.ar\/principal\/wp-json\/wp\/v2\/posts\/4882\/revisions"}],"wp:attachment":[{"href":"https:\/\/www.hoymercedes.com.ar\/principal\/wp-json\/wp\/v2\/media?parent=4882"}],"wp:term":[{"taxonomy":"category","embeddable":true,"href":"https:\/\/www.hoymercedes.com.ar\/principal\/wp-json\/wp\/v2\/categories?post=4882"},{"taxonomy":"post_tag","embeddable":true,"href":"https:\/\/www.hoymercedes.com.ar\/principal\/wp-json\/wp\/v2\/tags?post=4882"}],"curies":[{"name":"wp","href":"https:\/\/api.w.org\/{rel}","templated":true}]}}