{"id":48858,"date":"2016-04-13T13:46:58","date_gmt":"2016-04-13T16:46:58","guid":{"rendered":"http:\/\/www.hoymercedes.com.ar\/principal\/?p=48858"},"modified":"2016-04-13T13:49:38","modified_gmt":"2016-04-13T16:49:38","slug":"cientos-de-mercedinos-esperan-para-rendir-el-examen-de-idoneidad","status":"publish","type":"post","link":"https:\/\/www.hoymercedes.com.ar\/principal\/2016\/04\/13\/cientos-de-mercedinos-esperan-para-rendir-el-examen-de-idoneidad\/","title":{"rendered":"Cientos de mercedinos rinden el examen de idoneidad"},"content":{"rendered":"<p>Este 13 de abril, en horas de la ma\u00f1ana un grupo, y otro por la tarde, cientos de mercedins realizar\u00e1n\u00a0el examen de idoneidad que pide la Suprema Corte de Justicia de la provincia de Buenos Aires como requisito b\u00e1sico para ingresar a trabajar como auxiliar en el sistema judicial bonaerense.<\/p>\n<p>Cerca de las 9.30 horas comenz\u00f3 el examen multiple choice para el grupo convocado a la ma\u00f1ana, mientras que el de la tarde comenz\u00f3 pasadas las 13:30. El examen de 108 preguntas abarca cuatro grandes \u00e1reas: conocimiento del Poder Judicial y Derechos, Inform\u00e1tica, L\u00f3gico Matem\u00e1tica y Comprensi\u00f3n lectora y escritura.<\/p>\n<p>Los cientos de inscriptos en Mercedes m\u00e1s los miles de anotados en la provincia en los distintos departamento judiciales tuvieron\u00a0dos horas y media para resolver el examen de idoneidad 2016. Los resultados estar\u00e1n en el mes de junio.<\/p>\n","protected":false},"excerpt":{"rendered":"<p>Este 13 de abril, en horas de la ma\u00f1ana un grupo, y otro por la tarde, cientos de mercedins realizar\u00e1n\u00a0el &#8230; <a title=\"Cientos de mercedinos rinden el examen de idoneidad\" class=\"read-more\" href=\"https:\/\/www.hoymercedes.com.ar\/principal\/2016\/04\/13\/cientos-de-mercedinos-esperan-para-rendir-el-examen-de-idoneidad\/\" aria-label=\"Leer m\u00e1s sobre Cientos de mercedinos rinden el examen de idoneidad\">Leer m\u00e1s<\/a><\/p>\n","protected":false},"author":1,"featured_media":48864,"comment_status":"open","ping_status":"open","sticky":false,"template":"","format":"standard","meta":{"_monsterinsights_skip_tracking":false,"_monsterinsights_sitenote_active":false,"_monsterinsights_sitenote_note":"","_monsterinsights_sitenote_category":0,"jetpack_post_was_ever_published":false,"_jetpack_newsletter_access":"","_jetpack_dont_email_post_to_subs":false,"_jetpack_newsletter_tier_id":0,"_jetpack_memberships_contains_paywalled_content":false,"_jetpack_memberships_contains_paid_content":false,"footnotes":"","jetpack_publicize_message":"","jetpack_publicize_feature_enabled":true,"jetpack_social_post_already_shared":true,"jetpack_social_options":{"image_generator_settings":{"template":"highway","default_image_id":0,"font":"","enabled":false},"version":2},"_wpas_customize_per_network":false},"categories":[8],"tags":[8986,8985],"class_list":["post-48858","post","type-post","status-publish","format-standard","has-post-thumbnail","hentry","category-sociedad","tag-examen-de-idoneidad","tag-sistema-judicial","generate-columns","tablet-grid-50","mobile-grid-100","grid-parent","grid-50"],"jetpack_publicize_connections":[],"jetpack_featured_media_url":"https:\/\/www.hoymercedes.com.ar\/principal\/wp-content\/uploads\/2016\/04\/13-examen-de-idoneidad.jpg","wps_subtitle":"Para ingresar al Poder Judicial Bonaerense","jetpack_sharing_enabled":true,"_links":{"self":[{"href":"https:\/\/www.hoymercedes.com.ar\/principal\/wp-json\/wp\/v2\/posts\/48858","targetHints":{"allow":["GET"]}}],"collection":[{"href":"https:\/\/www.hoymercedes.com.ar\/principal\/wp-json\/wp\/v2\/posts"}],"about":[{"href":"https:\/\/www.hoymercedes.com.ar\/principal\/wp-json\/wp\/v2\/types\/post"}],"author":[{"embeddable":true,"href":"https:\/\/www.hoymercedes.com.ar\/principal\/wp-json\/wp\/v2\/users\/1"}],"replies":[{"embeddable":true,"href":"https:\/\/www.hoymercedes.com.ar\/principal\/wp-json\/wp\/v2\/comments?post=48858"}],"version-history":[{"count":0,"href":"https:\/\/www.hoymercedes.com.ar\/principal\/wp-json\/wp\/v2\/posts\/48858\/revisions"}],"wp:featuredmedia":[{"embeddable":true,"href":"https:\/\/www.hoymercedes.com.ar\/principal\/wp-json\/wp\/v2\/media\/48864"}],"wp:attachment":[{"href":"https:\/\/www.hoymercedes.com.ar\/principal\/wp-json\/wp\/v2\/media?parent=48858"}],"wp:term":[{"taxonomy":"category","embeddable":true,"href":"https:\/\/www.hoymercedes.com.ar\/principal\/wp-json\/wp\/v2\/categories?post=48858"},{"taxonomy":"post_tag","embeddable":true,"href":"https:\/\/www.hoymercedes.com.ar\/principal\/wp-json\/wp\/v2\/tags?post=48858"}],"curies":[{"name":"wp","href":"https:\/\/api.w.org\/{rel}","templated":true}]}}