{"id":4888,"date":"2011-06-11T03:02:10","date_gmt":"2011-06-11T03:02:10","guid":{"rendered":"http:\/\/www.hoymercedes.com.ar\/principal\/?p=4888"},"modified":"2011-06-11T03:24:38","modified_gmt":"2011-06-11T03:24:38","slug":"carlos-selva-se-reunio-con-los-profesionales-de-la-salud","status":"publish","type":"post","link":"https:\/\/www.hoymercedes.com.ar\/principal\/2011\/06\/11\/carlos-selva-se-reunio-con-los-profesionales-de-la-salud\/","title":{"rendered":"Carlos Selva se reuni\u00f3 con los profesionales de la salud"},"content":{"rendered":"<p>El encuentro que aun continuaba al cierre de nuestra edici\u00f3n, tuvo como objeto hacer un balance de los siete a\u00f1os de gesti\u00f3n y debatir los principales temas relacionados con la salud en nuestra ciudad<\/p>\n<p>Ante un sal\u00f3n virtualmente colmado al que hubo que agregar sillas,  el precandidato a intendente por el Frente para la Victoria y actual jefe comunal Carlos Am\u00e9rico Selva se reuni\u00f3n con los profesionales del sector de la salud de nuestro Partido incluyendo a m\u00e9dicos, personal de enfermer\u00eda, camilleros, personal especializado y auxiliar.<\/p>\n<p><a href=\"https:\/\/www.hoymercedes.com.ar\/principal\/wp-content\/uploads\/2011\/06\/medicos-selva-anus.jpg\"><img loading=\"lazy\" decoding=\"async\" data-attachment-id=\"4894\" data-permalink=\"https:\/\/www.hoymercedes.com.ar\/principal\/2011\/06\/11\/carlos-selva-se-reunio-con-los-profesionales-de-la-salud\/medicos-selva-anus\/#main\" data-orig-file=\"https:\/\/www.hoymercedes.com.ar\/principal\/wp-content\/uploads\/2011\/06\/medicos-selva-anus.jpg\" data-orig-size=\"600,450\" data-comments-opened=\"1\" data-image-meta=\"{&quot;aperture&quot;:&quot;2.8&quot;,&quot;credit&quot;:&quot;&quot;,&quot;camera&quot;:&quot;COOLPIX L10&quot;,&quot;caption&quot;:&quot;&quot;,&quot;created_timestamp&quot;:&quot;1307548721&quot;,&quot;copyright&quot;:&quot;Copyright 2006&quot;,&quot;focal_length&quot;:&quot;6.2&quot;,&quot;iso&quot;:&quot;400&quot;,&quot;shutter_speed&quot;:&quot;0.016666666666667&quot;,&quot;title&quot;:&quot;&quot;}\" data-image-title=\"medicos-selva-anus\" data-image-description=\"\" data-image-caption=\"\" data-large-file=\"https:\/\/www.hoymercedes.com.ar\/principal\/wp-content\/uploads\/2011\/06\/medicos-selva-anus.jpg\" class=\"aligncenter size-full wp-image-4894\" title=\"medicos-selva-anus\" src=\"https:\/\/www.hoymercedes.com.ar\/principal\/wp-content\/uploads\/2011\/06\/medicos-selva-anus.jpg\" alt=\"\" width=\"600\" height=\"450\" \/><\/a><\/p>\n<p>En encuentro efectuado en las instalaciones de Casa An\u00fas cont\u00f3 tambi\u00e9n con la participaci\u00f3n junto al Intendente de la Directora de Salud Municipal, Dra, Liliana Masserio y del Director del Hospital Dr. Rodolfo Principi.<\/p>\n<p>En primer t\u00e9rmino taras las palabras de bienvenida y agradecimiento pronunciadas por el jefe comunal, se procedi\u00f3 a la proyecci\u00f3n de un video institucional con un raconto de las principales acciones de gobierno ejecutadas durante los siete a\u00f1os de gesti\u00f3n de Carlos Selva al frente del gobierno comunal.<\/p>\n<p>La serie de oradores comenz\u00f3  con las palabras de la Directora de Salud Liliana Masserio quien hizo referencia a la situaci\u00f3n planteada en nuestra ciudad en materia de salud luego de que tras haber asumido su cargo se produc\u00eda el cierre definitivo de la Cl\u00ednica Cruz Azul lo cual oblig\u00f3 al Municipio a redoblar sus esfuerzos en las salas de atenci\u00f3n primarias de Salud ubicadas en los diferentes barrios de la ciudad y en la zona rural del Partido.<\/p>\n<p><a href=\"https:\/\/www.hoymercedes.com.ar\/principal\/wp-content\/uploads\/2011\/06\/selva-medidos-anusII.jpg\"><img loading=\"lazy\" decoding=\"async\" data-attachment-id=\"4895\" data-permalink=\"https:\/\/www.hoymercedes.com.ar\/principal\/2011\/06\/11\/carlos-selva-se-reunio-con-los-profesionales-de-la-salud\/selva-medidos-anusii\/#main\" data-orig-file=\"https:\/\/www.hoymercedes.com.ar\/principal\/wp-content\/uploads\/2011\/06\/selva-medidos-anusII.jpg\" data-orig-size=\"600,450\" data-comments-opened=\"1\" data-image-meta=\"{&quot;aperture&quot;:&quot;4.2&quot;,&quot;credit&quot;:&quot;&quot;,&quot;camera&quot;:&quot;COOLPIX L10&quot;,&quot;caption&quot;:&quot;&quot;,&quot;created_timestamp&quot;:&quot;1307548900&quot;,&quot;copyright&quot;:&quot;Copyright 2006&quot;,&quot;focal_length&quot;:&quot;12.8&quot;,&quot;iso&quot;:&quot;400&quot;,&quot;shutter_speed&quot;:&quot;0.016666666666667&quot;,&quot;title&quot;:&quot;&quot;}\" data-image-title=\"selva-medidos-anusII\" data-image-description=\"\" data-image-caption=\"\" data-large-file=\"https:\/\/www.hoymercedes.com.ar\/principal\/wp-content\/uploads\/2011\/06\/selva-medidos-anusII.jpg\" class=\"aligncenter size-full wp-image-4895\" title=\"selva-medidos-anusII\" src=\"https:\/\/www.hoymercedes.com.ar\/principal\/wp-content\/uploads\/2011\/06\/selva-medidos-anusII.jpg\" alt=\"\" width=\"600\" height=\"450\" srcset=\"https:\/\/www.hoymercedes.com.ar\/principal\/wp-content\/uploads\/2011\/06\/selva-medidos-anusII.jpg 600w, https:\/\/www.hoymercedes.com.ar\/principal\/wp-content\/uploads\/2011\/06\/selva-medidos-anusII-300x225.jpg 300w\" sizes=\"auto, (max-width: 600px) 100vw, 600px\" \/><\/a><\/p>\n<p>Posteriormente el Dr Rodolfo Principi se refiri\u00f3 al funcionamiento del Hospital Blas L Dubarry marcando los logros que se obtuvieron en materia de incorporaci\u00f3n de nuevos servicios, nueva aparatolog\u00eda y una cantidad mayor de peronal ya sea profesionales de la medicina como as\u00ed tambi\u00e9n quienes integran el Cuerpo de Enfermeras profesionales y auxiliares del mismo.<\/p>\n<p>Luego CarlosSelva se refiri\u00f3  a los inicios de sus gesti\u00f3n cuando tuvo en primer t\u00f1ermino que garantizar elpago de sueldo y medio aguinaldo a los trabajadores municiplales en tiempo y forma descartando tdo indicio relacionado con la imposibilidad de poder hacerlo como se escucha decir por entonces.<\/p>\n<p>Tambi\u00e9n se refiri\u00f3 a los perjuicios econ\u00f3micos causados por el cierre de la Planta textil de la empresa DUPONT y posteriormente el de la cl\u00ednica Cruz Azul que no solo fue muy traumatizante para los empleados de la misma y sus familias sino tambi\u00e9n para el Hospital que tuvo que soportar todo el peso de la atenci\u00f3n de la salud en el primer y segundo nivel de prestaci\u00f3n.<\/p>\n<p>Al cierre de nuestra edici\u00f3n, Selva y su equipo de colaboradores continuaba dialogando con los representantes de los diferentes sectores de la salud en nuestra ciudad dando a conoce cual ser\u00e1 la planificaci\u00f3n pensando en la pr\u00f3xima gesti\u00f3n de gobierno a partir de diciembre de este a\u00f1o.<\/p>\n<p>&nbsp;<\/p>\n","protected":false},"excerpt":{"rendered":"<p>El encuentro que aun continuaba al cierre de nuestra edici\u00f3n, tuvo como objeto hacer un balance de los siete a\u00f1os &#8230; <a title=\"Carlos Selva se reuni\u00f3 con los profesionales de la salud\" class=\"read-more\" href=\"https:\/\/www.hoymercedes.com.ar\/principal\/2011\/06\/11\/carlos-selva-se-reunio-con-los-profesionales-de-la-salud\/\" aria-label=\"Leer m\u00e1s sobre Carlos Selva se reuni\u00f3 con los profesionales de la salud\">Leer m\u00e1s<\/a><\/p>\n","protected":false},"author":1,"featured_media":0,"comment_status":"open","ping_status":"open","sticky":false,"template":"","format":"standard","meta":{"_monsterinsights_skip_tracking":false,"_monsterinsights_sitenote_active":false,"_monsterinsights_sitenote_note":"","_monsterinsights_sitenote_category":0,"jetpack_post_was_ever_published":false,"_jetpack_newsletter_access":"","_jetpack_dont_email_post_to_subs":false,"_jetpack_newsletter_tier_id":0,"_jetpack_memberships_contains_paywalled_content":false,"_jetpack_memberships_contains_paid_content":false,"footnotes":"","jetpack_publicize_message":"","jetpack_publicize_feature_enabled":true,"jetpack_social_post_already_shared":false,"jetpack_social_options":{"image_generator_settings":{"template":"highway","default_image_id":0,"font":"","enabled":false},"version":2},"_wpas_customize_per_network":false},"categories":[5],"tags":[10,18],"class_list":["post-4888","post","type-post","status-publish","format-standard","hentry","category-politica","tag-mercedes","tag-selva","generate-columns","tablet-grid-50","mobile-grid-100","grid-parent","grid-50"],"jetpack_publicize_connections":[],"jetpack_featured_media_url":"","wps_subtitle":"","jetpack_sharing_enabled":true,"_links":{"self":[{"href":"https:\/\/www.hoymercedes.com.ar\/principal\/wp-json\/wp\/v2\/posts\/4888","targetHints":{"allow":["GET"]}}],"collection":[{"href":"https:\/\/www.hoymercedes.com.ar\/principal\/wp-json\/wp\/v2\/posts"}],"about":[{"href":"https:\/\/www.hoymercedes.com.ar\/principal\/wp-json\/wp\/v2\/types\/post"}],"author":[{"embeddable":true,"href":"https:\/\/www.hoymercedes.com.ar\/principal\/wp-json\/wp\/v2\/users\/1"}],"replies":[{"embeddable":true,"href":"https:\/\/www.hoymercedes.com.ar\/principal\/wp-json\/wp\/v2\/comments?post=4888"}],"version-history":[{"count":0,"href":"https:\/\/www.hoymercedes.com.ar\/principal\/wp-json\/wp\/v2\/posts\/4888\/revisions"}],"wp:attachment":[{"href":"https:\/\/www.hoymercedes.com.ar\/principal\/wp-json\/wp\/v2\/media?parent=4888"}],"wp:term":[{"taxonomy":"category","embeddable":true,"href":"https:\/\/www.hoymercedes.com.ar\/principal\/wp-json\/wp\/v2\/categories?post=4888"},{"taxonomy":"post_tag","embeddable":true,"href":"https:\/\/www.hoymercedes.com.ar\/principal\/wp-json\/wp\/v2\/tags?post=4888"}],"curies":[{"name":"wp","href":"https:\/\/api.w.org\/{rel}","templated":true}]}}