{"id":48894,"date":"2016-04-14T13:59:42","date_gmt":"2016-04-14T16:59:42","guid":{"rendered":"http:\/\/www.hoymercedes.com.ar\/principal\/?p=48894"},"modified":"2016-04-14T13:59:42","modified_gmt":"2016-04-14T16:59:42","slug":"quilmes-vencio-en-su-debut-a-ateneo","status":"publish","type":"post","link":"https:\/\/www.hoymercedes.com.ar\/principal\/2016\/04\/14\/quilmes-vencio-en-su-debut-a-ateneo\/","title":{"rendered":"Quilmes venci\u00f3 en su debut a Ateneo"},"content":{"rendered":"<div><img loading=\"lazy\" decoding=\"async\" data-attachment-id=\"46317\" data-permalink=\"https:\/\/www.hoymercedes.com.ar\/principal\/2015\/12\/08\/por-penales-trocha-gano-el-clausura\/musante-ariel-2\/#main\" data-orig-file=\"https:\/\/www.hoymercedes.com.ar\/principal\/wp-content\/uploads\/2015\/12\/musante-ariel.png\" data-orig-size=\"630,100\" data-comments-opened=\"1\" data-image-meta=\"{&quot;aperture&quot;:&quot;0&quot;,&quot;credit&quot;:&quot;&quot;,&quot;camera&quot;:&quot;&quot;,&quot;caption&quot;:&quot;&quot;,&quot;created_timestamp&quot;:&quot;0&quot;,&quot;copyright&quot;:&quot;&quot;,&quot;focal_length&quot;:&quot;0&quot;,&quot;iso&quot;:&quot;0&quot;,&quot;shutter_speed&quot;:&quot;0&quot;,&quot;title&quot;:&quot;&quot;,&quot;orientation&quot;:&quot;0&quot;}\" data-image-title=\"musante-ariel\" data-image-description=\"\" data-image-caption=\"\" data-large-file=\"https:\/\/www.hoymercedes.com.ar\/principal\/wp-content\/uploads\/2015\/12\/musante-ariel.png\" class=\"aligncenter size-medium wp-image-46317\" src=\"https:\/\/www.hoymercedes.com.ar\/principal\/wp-content\/uploads\/2015\/12\/musante-ariel-630x100.png\" alt=\"musante-ariel\" width=\"630\" height=\"100\" srcset=\"https:\/\/www.hoymercedes.com.ar\/principal\/wp-content\/uploads\/2015\/12\/musante-ariel.png 630w, https:\/\/www.hoymercedes.com.ar\/principal\/wp-content\/uploads\/2015\/12\/musante-ariel-150x24.png 150w\" sizes=\"auto, (max-width: 630px) 100vw, 630px\" \/><\/div>\n<div><strong>Por Ariel Musante \/ El equipo de Juan Ignacio Menendez derrot\u00f3 3 a 1 al de Ariel Pilia en un encuentro v\u00e1lido por la primera fecha del campeonato Apertura de la Liga Mercedina de F\u00fatbol. Antes de los 10 minutos abri\u00f3 el marcador Lucas Montero y en su debut con la casaca cervecera Federico Blanco marc\u00f3 a la media hora de juego el 2 a 0 con el que finaliz\u00f3 el primer tiempo.<\/strong><\/div>\n<div><\/div>\n<div>Luego, en el segundo, Quilmes sigui\u00f3 con el predominio del juego y a 15 del final otro que debutaba, Diego Ludue\u00f1a, puso el 3 a 0 a los 30, mientras que \u00c1ngel Puchetta cinco minutos despu\u00e9s descont\u00f3 para un Ateneo que parec\u00eda encontrar la recuperaci\u00f3n al vencer hace algunas semanas a San Marcos y luego no pudo volver a ganar.<\/div>\n<div>El certamen se sigue poniendo al d\u00eda esta noche con dos partidos. En cancha de la Liga, Costa Brava y Tim\u00f3n jugar\u00e1n desde las 20.45 en Reserva y luego en Primera, mientras que en San Andr\u00e9s de Giles lo har\u00e1n El Front\u00f3n ante Trocha en ambas divisionales.<\/div>\n<div><\/div>\n<h3>Posiciones<\/h3>\n<div><\/div>\n<div>1 &#8211; Club Mercedes 9<\/div>\n<div>2 &#8211; Trocha 9<\/div>\n<div>3 &#8211; Estudiantes 9<\/div>\n<div>4 &#8211; V\u00e9lez 7<\/div>\n<div>5 &#8211; San Marcos 4<\/div>\n<div>6 &#8211; Juventud 4<\/div>\n<div>7 &#8211; Ateneo 4<\/div>\n<div>8 &#8211; Comunicaciones 3<\/div>\n<div>9 &#8211; Quilmes 3<\/div>\n<div>10 &#8211; Palometas 1<\/div>\n<div>11 &#8211; Costa Brava 1<\/div>\n<div>12 &#8211; Pabell\u00f3n 0<\/div>\n<div>13 &#8211; El Tim\u00f3n 0<\/div>\n<div>14 &#8211; El Front\u00f3n 0<\/div>\n","protected":false},"excerpt":{"rendered":"<p>Por Ariel Musante \/ El equipo de Juan Ignacio Menendez derrot\u00f3 3 a 1 al de Ariel Pilia en un &#8230; <a title=\"Quilmes venci\u00f3 en su debut a Ateneo\" class=\"read-more\" href=\"https:\/\/www.hoymercedes.com.ar\/principal\/2016\/04\/14\/quilmes-vencio-en-su-debut-a-ateneo\/\" aria-label=\"Leer m\u00e1s sobre Quilmes venci\u00f3 en su debut a Ateneo\">Leer m\u00e1s<\/a><\/p>\n","protected":false},"author":1,"featured_media":21252,"comment_status":"open","ping_status":"open","sticky":false,"template":"","format":"standard","meta":{"_monsterinsights_skip_tracking":false,"_monsterinsights_sitenote_active":false,"_monsterinsights_sitenote_note":"","_monsterinsights_sitenote_category":0,"jetpack_post_was_ever_published":false,"_jetpack_newsletter_access":"","_jetpack_dont_email_post_to_subs":false,"_jetpack_newsletter_tier_id":0,"_jetpack_memberships_contains_paywalled_content":false,"_jetpack_memberships_contains_paid_content":false,"footnotes":"","jetpack_publicize_message":"","jetpack_publicize_feature_enabled":true,"jetpack_social_post_already_shared":true,"jetpack_social_options":{"image_generator_settings":{"template":"highway","default_image_id":0,"font":"","enabled":false},"version":2},"_wpas_customize_per_network":false},"categories":[21],"tags":[8997,8996,1413],"class_list":["post-48894","post","type-post","status-publish","format-standard","has-post-thumbnail","hentry","category-deportes","tag-futbol-de-primera","tag-primera-division","tag-quilmes","generate-columns","tablet-grid-50","mobile-grid-100","grid-parent","grid-50"],"jetpack_publicize_connections":[],"jetpack_featured_media_url":"https:\/\/www.hoymercedes.com.ar\/principal\/wp-content\/uploads\/2013\/04\/MenendezJuanito.jpg","wps_subtitle":"Empez\u00f3 a ponerse al d\u00eda","jetpack_sharing_enabled":true,"_links":{"self":[{"href":"https:\/\/www.hoymercedes.com.ar\/principal\/wp-json\/wp\/v2\/posts\/48894","targetHints":{"allow":["GET"]}}],"collection":[{"href":"https:\/\/www.hoymercedes.com.ar\/principal\/wp-json\/wp\/v2\/posts"}],"about":[{"href":"https:\/\/www.hoymercedes.com.ar\/principal\/wp-json\/wp\/v2\/types\/post"}],"author":[{"embeddable":true,"href":"https:\/\/www.hoymercedes.com.ar\/principal\/wp-json\/wp\/v2\/users\/1"}],"replies":[{"embeddable":true,"href":"https:\/\/www.hoymercedes.com.ar\/principal\/wp-json\/wp\/v2\/comments?post=48894"}],"version-history":[{"count":0,"href":"https:\/\/www.hoymercedes.com.ar\/principal\/wp-json\/wp\/v2\/posts\/48894\/revisions"}],"wp:featuredmedia":[{"embeddable":true,"href":"https:\/\/www.hoymercedes.com.ar\/principal\/wp-json\/wp\/v2\/media\/21252"}],"wp:attachment":[{"href":"https:\/\/www.hoymercedes.com.ar\/principal\/wp-json\/wp\/v2\/media?parent=48894"}],"wp:term":[{"taxonomy":"category","embeddable":true,"href":"https:\/\/www.hoymercedes.com.ar\/principal\/wp-json\/wp\/v2\/categories?post=48894"},{"taxonomy":"post_tag","embeddable":true,"href":"https:\/\/www.hoymercedes.com.ar\/principal\/wp-json\/wp\/v2\/tags?post=48894"}],"curies":[{"name":"wp","href":"https:\/\/api.w.org\/{rel}","templated":true}]}}