{"id":48900,"date":"2016-04-14T17:30:29","date_gmt":"2016-04-14T20:30:29","guid":{"rendered":"http:\/\/www.hoymercedes.com.ar\/principal\/?p=48900"},"modified":"2016-04-14T17:07:51","modified_gmt":"2016-04-14T20:07:51","slug":"bancos-cerrados-en-la-toda-la-ciudad","status":"publish","type":"post","link":"https:\/\/www.hoymercedes.com.ar\/principal\/2016\/04\/14\/bancos-cerrados-en-la-toda-la-ciudad\/","title":{"rendered":"Bancos cerrados en la toda la ciudad"},"content":{"rendered":"<p><img loading=\"lazy\" decoding=\"async\" data-attachment-id=\"48902\" data-permalink=\"https:\/\/www.hoymercedes.com.ar\/principal\/2016\/04\/14\/bancos-cerrados-en-la-toda-la-ciudad\/14-bancarios-2\/#main\" data-orig-file=\"https:\/\/www.hoymercedes.com.ar\/principal\/wp-content\/uploads\/2016\/04\/14-bancarios-2.jpg\" data-orig-size=\"448,299\" data-comments-opened=\"1\" data-image-meta=\"{&quot;aperture&quot;:&quot;0&quot;,&quot;credit&quot;:&quot;&quot;,&quot;camera&quot;:&quot;&quot;,&quot;caption&quot;:&quot;&quot;,&quot;created_timestamp&quot;:&quot;0&quot;,&quot;copyright&quot;:&quot;&quot;,&quot;focal_length&quot;:&quot;0&quot;,&quot;iso&quot;:&quot;0&quot;,&quot;shutter_speed&quot;:&quot;0&quot;,&quot;title&quot;:&quot;&quot;,&quot;orientation&quot;:&quot;0&quot;}\" data-image-title=\"14 bancarios 2\" data-image-description=\"\" data-image-caption=\"\" data-large-file=\"https:\/\/www.hoymercedes.com.ar\/principal\/wp-content\/uploads\/2016\/04\/14-bancarios-2.jpg\" class=\"aligncenter size-full wp-image-48902\" src=\"https:\/\/www.hoymercedes.com.ar\/principal\/wp-content\/uploads\/2016\/04\/14-bancarios-2.jpg\" alt=\"14 bancarios 2\" width=\"448\" height=\"299\" srcset=\"https:\/\/www.hoymercedes.com.ar\/principal\/wp-content\/uploads\/2016\/04\/14-bancarios-2.jpg 448w, https:\/\/www.hoymercedes.com.ar\/principal\/wp-content\/uploads\/2016\/04\/14-bancarios-2-150x100.jpg 150w, https:\/\/www.hoymercedes.com.ar\/principal\/wp-content\/uploads\/2016\/04\/14-bancarios-2-300x200.jpg 300w\" sizes=\"auto, (max-width: 448px) 100vw, 448px\" \/>Tal como sucedi\u00f3 en todo el pa\u00eds, los bancarios de Mercedes fueron parte del paro de actividades convocado para el jueves 14 de abril. Mantuvieron asamblea dentro de las sucursales. Los trabajadores del Banco Provincia continuar\u00edan con la medida con paro de actividades para este viernes.<\/p>\n<p>El silencio de las calles de la ciudad \u2013 ya que tambi\u00e9n pararon los Judiciales y los m\u00e9dicos del sistema de salud p\u00fablico \u2013 era interrumpido con los bombos y la sirena que un grupo de bancarios hac\u00edan sonar a medida que marchaban por el radio c\u00e9ntrico.<\/p>\n<p>Los reclamos: Reincorporaci\u00f3n de los despidos, estabilidad de los bancarios del City y el Hipotecario, el aumento que nos deben, derogaci\u00f3n del impuesto al salario y en contra de los bancos sin tercerizaciones.<\/p>\n<p>&nbsp;<\/p>\n","protected":false},"excerpt":{"rendered":"<p>Tal como sucedi\u00f3 en todo el pa\u00eds, los bancarios de Mercedes fueron parte del paro de actividades convocado para el &#8230; <a title=\"Bancos cerrados en la toda la ciudad\" class=\"read-more\" href=\"https:\/\/www.hoymercedes.com.ar\/principal\/2016\/04\/14\/bancos-cerrados-en-la-toda-la-ciudad\/\" aria-label=\"Leer m\u00e1s sobre Bancos cerrados en la toda la ciudad\">Leer m\u00e1s<\/a><\/p>\n","protected":false},"author":1,"featured_media":48901,"comment_status":"open","ping_status":"open","sticky":false,"template":"","format":"standard","meta":{"_monsterinsights_skip_tracking":false,"_monsterinsights_sitenote_active":false,"_monsterinsights_sitenote_note":"","_monsterinsights_sitenote_category":0,"jetpack_post_was_ever_published":false,"_jetpack_newsletter_access":"","_jetpack_dont_email_post_to_subs":false,"_jetpack_newsletter_tier_id":0,"_jetpack_memberships_contains_paywalled_content":false,"_jetpack_memberships_contains_paid_content":false,"footnotes":"","jetpack_publicize_message":"","jetpack_publicize_feature_enabled":true,"jetpack_social_post_already_shared":true,"jetpack_social_options":{"image_generator_settings":{"template":"highway","default_image_id":0,"font":"","enabled":false},"version":2},"_wpas_customize_per_network":false},"categories":[5608],"tags":[8999,524,1099],"class_list":["post-48900","post","type-post","status-publish","format-standard","has-post-thumbnail","hentry","category-sin-categoria","tag-bancarios","tag-paro","tag-reclamos","generate-columns","tablet-grid-50","mobile-grid-100","grid-parent","grid-50"],"jetpack_publicize_connections":[],"jetpack_featured_media_url":"https:\/\/www.hoymercedes.com.ar\/principal\/wp-content\/uploads\/2016\/04\/14-bancarios-1.jpg","wps_subtitle":"Paro de Bancarios","jetpack_sharing_enabled":true,"_links":{"self":[{"href":"https:\/\/www.hoymercedes.com.ar\/principal\/wp-json\/wp\/v2\/posts\/48900","targetHints":{"allow":["GET"]}}],"collection":[{"href":"https:\/\/www.hoymercedes.com.ar\/principal\/wp-json\/wp\/v2\/posts"}],"about":[{"href":"https:\/\/www.hoymercedes.com.ar\/principal\/wp-json\/wp\/v2\/types\/post"}],"author":[{"embeddable":true,"href":"https:\/\/www.hoymercedes.com.ar\/principal\/wp-json\/wp\/v2\/users\/1"}],"replies":[{"embeddable":true,"href":"https:\/\/www.hoymercedes.com.ar\/principal\/wp-json\/wp\/v2\/comments?post=48900"}],"version-history":[{"count":0,"href":"https:\/\/www.hoymercedes.com.ar\/principal\/wp-json\/wp\/v2\/posts\/48900\/revisions"}],"wp:featuredmedia":[{"embeddable":true,"href":"https:\/\/www.hoymercedes.com.ar\/principal\/wp-json\/wp\/v2\/media\/48901"}],"wp:attachment":[{"href":"https:\/\/www.hoymercedes.com.ar\/principal\/wp-json\/wp\/v2\/media?parent=48900"}],"wp:term":[{"taxonomy":"category","embeddable":true,"href":"https:\/\/www.hoymercedes.com.ar\/principal\/wp-json\/wp\/v2\/categories?post=48900"},{"taxonomy":"post_tag","embeddable":true,"href":"https:\/\/www.hoymercedes.com.ar\/principal\/wp-json\/wp\/v2\/tags?post=48900"}],"curies":[{"name":"wp","href":"https:\/\/api.w.org\/{rel}","templated":true}]}}