{"id":48911,"date":"2016-04-14T21:15:43","date_gmt":"2016-04-15T00:15:43","guid":{"rendered":"http:\/\/www.hoymercedes.com.ar\/principal\/?p=48911"},"modified":"2016-04-14T18:18:39","modified_gmt":"2016-04-14T21:18:39","slug":"distinguieron-al-basquetbolista-francisco-dinova","status":"publish","type":"post","link":"https:\/\/www.hoymercedes.com.ar\/principal\/2016\/04\/14\/distinguieron-al-basquetbolista-francisco-dinova\/","title":{"rendered":"Distinguieron al basquetbolista Francisco Dinova"},"content":{"rendered":"<p><img loading=\"lazy\" decoding=\"async\" data-attachment-id=\"48912\" data-permalink=\"https:\/\/www.hoymercedes.com.ar\/principal\/2016\/04\/14\/distinguieron-al-basquetbolista-francisco-dinova\/14-fran-dinova\/#main\" data-orig-file=\"https:\/\/www.hoymercedes.com.ar\/principal\/wp-content\/uploads\/2016\/04\/14-Fran-Dinova.jpg\" data-orig-size=\"448,336\" data-comments-opened=\"1\" data-image-meta=\"{&quot;aperture&quot;:&quot;0&quot;,&quot;credit&quot;:&quot;&quot;,&quot;camera&quot;:&quot;&quot;,&quot;caption&quot;:&quot;&quot;,&quot;created_timestamp&quot;:&quot;0&quot;,&quot;copyright&quot;:&quot;&quot;,&quot;focal_length&quot;:&quot;0&quot;,&quot;iso&quot;:&quot;0&quot;,&quot;shutter_speed&quot;:&quot;0&quot;,&quot;title&quot;:&quot;&quot;,&quot;orientation&quot;:&quot;0&quot;}\" data-image-title=\"14 Fran Dinova\" data-image-description=\"\" data-image-caption=\"\" data-large-file=\"https:\/\/www.hoymercedes.com.ar\/principal\/wp-content\/uploads\/2016\/04\/14-Fran-Dinova.jpg\" class=\"aligncenter size-full wp-image-48912\" src=\"https:\/\/www.hoymercedes.com.ar\/principal\/wp-content\/uploads\/2016\/04\/14-Fran-Dinova.jpg\" alt=\"14 Fran Dinova\" width=\"448\" height=\"336\" srcset=\"https:\/\/www.hoymercedes.com.ar\/principal\/wp-content\/uploads\/2016\/04\/14-Fran-Dinova.jpg 448w, https:\/\/www.hoymercedes.com.ar\/principal\/wp-content\/uploads\/2016\/04\/14-Fran-Dinova-150x113.jpg 150w\" sizes=\"auto, (max-width: 448px) 100vw, 448px\" \/>Despu\u00e9s de su participaci\u00f3n en el torneo Federal como parte del equipo de Racing de Chvilcoy, el joven mercedino, Francisco Dinova fue reconocido por la comunidad como \u201cVecino destacado del deporte de Mercedes\u201d. El reconocimiento es \u201cpor su amplia y reconocida trayectoria en el deporte\u201d, al haberse consagrado campe\u00f3n con el equipo Racing Club de Chivilcoy en el Torneo de B\u00e1squet Provincial. Es as\u00ed que el Intendente Juan Ignacio Ustarroz, junto a la Directora de Cultura, Luc\u00eda Capaccio, le entregaron un plato y el decreto que lo destaca como tal.<\/p>\n<p>En di\u00e1logo con los medios, \u201cFran\u201d, se reconoci\u00f3 sorprendido por la distinci\u00f3n aunque algo intu\u00eda cuando recibi\u00f3 un mensaje de su hermano y vio a su abuela sentada en la vereda de su lugar de trabajo. \u201cAgradezco much\u00edsimo a las autoridades por destacarme. No lo esperaba. Es lindo pasarlo en familia. Ahora estoy un poco m\u00e1s relajado. Tener el ascenso y el t\u00edtulo encima, me pone muy contento\u201d, expres\u00f3 Dinova.<\/p>\n<p>A la hora de contar c\u00f3mo fue el torneo y su participaci\u00f3n, Francisco se demostr\u00f3 contento por el trabajo en equipo del club y la capacidad humana de sus integrantes. \u201cUna mezcla de jugadores con distintas jerarqu\u00edas en edad y experiencia, el cuerpo t\u00e9cnico estuvo muy atenta a la parte deportiva y t\u00e9cnica. Fue muy dif\u00edcil sostenernos por la presi\u00f3n. Nos ten\u00edan como favoritos, y el objetivo nuestro era ascender. Estuvimos primero gran parte del torneo, fuimos los mejores clasificados, eso es una responsabilidad y presi\u00f3n que fue dif\u00edcil sostenerlo. Pero logramos el objetivo. En deportes no es f\u00e1cil esto\u201d, cont\u00f3 el basquetbolista.<\/p>\n<p>Por otra parte, Dinova cont\u00f3 que el mi\u00e9rcoles pasado al equipo le dio una distinci\u00f3n el Viceministro del Interior, que es de Chivilcoy, y que le dar\u00e1n al club un par de subsidios para continuar con el nuevo campeonato.<\/p>\n","protected":false},"excerpt":{"rendered":"<p>Despu\u00e9s de su participaci\u00f3n en el torneo Federal como parte del equipo de Racing de Chvilcoy, el joven mercedino, Francisco &#8230; <a title=\"Distinguieron al basquetbolista Francisco Dinova\" class=\"read-more\" href=\"https:\/\/www.hoymercedes.com.ar\/principal\/2016\/04\/14\/distinguieron-al-basquetbolista-francisco-dinova\/\" aria-label=\"Leer m\u00e1s sobre Distinguieron al basquetbolista Francisco Dinova\">Leer m\u00e1s<\/a><\/p>\n","protected":false},"author":1,"featured_media":48912,"comment_status":"open","ping_status":"open","sticky":false,"template":"","format":"standard","meta":{"_monsterinsights_skip_tracking":false,"_monsterinsights_sitenote_active":false,"_monsterinsights_sitenote_note":"","_monsterinsights_sitenote_category":0,"jetpack_post_was_ever_published":false,"_jetpack_newsletter_access":"","_jetpack_dont_email_post_to_subs":false,"_jetpack_newsletter_tier_id":0,"_jetpack_memberships_contains_paywalled_content":false,"_jetpack_memberships_contains_paid_content":false,"footnotes":"","jetpack_publicize_message":"","jetpack_publicize_feature_enabled":true,"jetpack_social_post_already_shared":true,"jetpack_social_options":{"image_generator_settings":{"template":"highway","default_image_id":0,"font":"","enabled":false},"version":2},"_wpas_customize_per_network":false},"categories":[21],"tags":[1058,204,8789,9003],"class_list":["post-48911","post","type-post","status-publish","format-standard","has-post-thumbnail","hentry","category-deportes","tag-basquet","tag-deportes-2","tag-francisco-dinova","tag-vecino-destacado","generate-columns","tablet-grid-50","mobile-grid-100","grid-parent","grid-50"],"jetpack_publicize_connections":[],"jetpack_featured_media_url":"https:\/\/www.hoymercedes.com.ar\/principal\/wp-content\/uploads\/2016\/04\/14-Fran-Dinova.jpg","wps_subtitle":"Por su triunfo con Racing de Chivilcoy","jetpack_sharing_enabled":true,"_links":{"self":[{"href":"https:\/\/www.hoymercedes.com.ar\/principal\/wp-json\/wp\/v2\/posts\/48911","targetHints":{"allow":["GET"]}}],"collection":[{"href":"https:\/\/www.hoymercedes.com.ar\/principal\/wp-json\/wp\/v2\/posts"}],"about":[{"href":"https:\/\/www.hoymercedes.com.ar\/principal\/wp-json\/wp\/v2\/types\/post"}],"author":[{"embeddable":true,"href":"https:\/\/www.hoymercedes.com.ar\/principal\/wp-json\/wp\/v2\/users\/1"}],"replies":[{"embeddable":true,"href":"https:\/\/www.hoymercedes.com.ar\/principal\/wp-json\/wp\/v2\/comments?post=48911"}],"version-history":[{"count":0,"href":"https:\/\/www.hoymercedes.com.ar\/principal\/wp-json\/wp\/v2\/posts\/48911\/revisions"}],"wp:featuredmedia":[{"embeddable":true,"href":"https:\/\/www.hoymercedes.com.ar\/principal\/wp-json\/wp\/v2\/media\/48912"}],"wp:attachment":[{"href":"https:\/\/www.hoymercedes.com.ar\/principal\/wp-json\/wp\/v2\/media?parent=48911"}],"wp:term":[{"taxonomy":"category","embeddable":true,"href":"https:\/\/www.hoymercedes.com.ar\/principal\/wp-json\/wp\/v2\/categories?post=48911"},{"taxonomy":"post_tag","embeddable":true,"href":"https:\/\/www.hoymercedes.com.ar\/principal\/wp-json\/wp\/v2\/tags?post=48911"}],"curies":[{"name":"wp","href":"https:\/\/api.w.org\/{rel}","templated":true}]}}