{"id":48920,"date":"2016-04-15T10:03:32","date_gmt":"2016-04-15T13:03:32","guid":{"rendered":"http:\/\/www.hoymercedes.com.ar\/principal\/?p=48920"},"modified":"2016-04-15T10:03:32","modified_gmt":"2016-04-15T13:03:32","slug":"capacitacion-a-los-servicios-locales-que-integran-el-zonal","status":"publish","type":"post","link":"https:\/\/www.hoymercedes.com.ar\/principal\/2016\/04\/15\/capacitacion-a-los-servicios-locales-que-integran-el-zonal\/","title":{"rendered":"Capacitaci\u00f3n a los Servicios Locales que integran el Zonal"},"content":{"rendered":"<p><img loading=\"lazy\" decoding=\"async\" data-attachment-id=\"48921\" data-permalink=\"https:\/\/www.hoymercedes.com.ar\/principal\/2016\/04\/15\/capacitacion-a-los-servicios-locales-que-integran-el-zonal\/15-ipap\/#main\" data-orig-file=\"https:\/\/www.hoymercedes.com.ar\/principal\/wp-content\/uploads\/2016\/04\/15-IPAP.jpg\" data-orig-size=\"448,299\" data-comments-opened=\"1\" data-image-meta=\"{&quot;aperture&quot;:&quot;0&quot;,&quot;credit&quot;:&quot;&quot;,&quot;camera&quot;:&quot;&quot;,&quot;caption&quot;:&quot;&quot;,&quot;created_timestamp&quot;:&quot;0&quot;,&quot;copyright&quot;:&quot;&quot;,&quot;focal_length&quot;:&quot;0&quot;,&quot;iso&quot;:&quot;0&quot;,&quot;shutter_speed&quot;:&quot;0&quot;,&quot;title&quot;:&quot;&quot;,&quot;orientation&quot;:&quot;0&quot;}\" data-image-title=\"15 IPAP\" data-image-description=\"\" data-image-caption=\"\" data-large-file=\"https:\/\/www.hoymercedes.com.ar\/principal\/wp-content\/uploads\/2016\/04\/15-IPAP.jpg\" class=\"aligncenter size-full wp-image-48921\" src=\"https:\/\/www.hoymercedes.com.ar\/principal\/wp-content\/uploads\/2016\/04\/15-IPAP.jpg\" alt=\"15 IPAP\" width=\"448\" height=\"299\" srcset=\"https:\/\/www.hoymercedes.com.ar\/principal\/wp-content\/uploads\/2016\/04\/15-IPAP.jpg 448w, https:\/\/www.hoymercedes.com.ar\/principal\/wp-content\/uploads\/2016\/04\/15-IPAP-150x100.jpg 150w, https:\/\/www.hoymercedes.com.ar\/principal\/wp-content\/uploads\/2016\/04\/15-IPAP-300x200.jpg 300w\" sizes=\"auto, (max-width: 448px) 100vw, 448px\" \/>La ciudad de Mercedes fue sede de una capacitaci\u00f3n regional\u00a0organizada por el Instituto Provincial de Administraci\u00f3n P\u00fablica (IPAP), una asistencia a los Servicios Locales de protecci\u00f3n de Derechos que integran los Servicios Zonales.<\/p>\n<p>Precisamente fueron sus integrantes las que participaron de la capacitaci\u00f3n realizada en la planta baja del Teatro Argentino de Mercedes con la modalidad taller-exposici\u00f3n. La tem\u00e1tica central de la capacitaci\u00f3n fue \u201cMaltrato y abuso sexual infantil\u201d y ser\u00e1 la primera parte del taller que continuar\u00e1 el venidero jueves 21 de abril en el mismo lugar.<\/p>\n<p>De la capacitaci\u00f3n\u00a0participaron integrantes de\u00a0los Servicios Locales de Protecci\u00f3n de Derechos del Servicio Zonal, agentes de la justicia, agentes de la Polic\u00eda de la Provincia de Buenos Aires, docentes, equipos t\u00e9cnicos de los servicios educativos, operadores y profesionales de la salud de diferentes municipios como Mercedes, Navarro, Suipacha, Chivilcoy, Bragado, Marcos Paz y otros.<\/p>\n<p>Cabe destacar que los servicios locales de Promoci\u00f3n y Protecci\u00f3n de Derechos, son una instancia municipal donde se reciben y abordan situaciones de vulnerabilidad de derechos en personas menores de 18 a\u00f1os como son la violencia intrafamiliar, abuso sexual, abandono, situaci\u00f3n de calle, adicciones y otras patolog\u00edas vinculadas a situaciones de riesgo social de origen.<\/p>\n<p>Los Servicios Locales, atienden las situaciones de amenaza o vulnerabilidad de derechos de ni\u00f1os o adolescentes, buscando los modos de restituir esos derechos. En los casos de mayor conflictividad, toma intervenci\u00f3n el Servicio Zonal de Promoci\u00f3n y Protecci\u00f3n de Derechos, que dispone de recursos propios. Los servicios, tanto a nivel local como provincial, cuentan con personal calificado para la escucha, el abordaje y la elaboraci\u00f3n de estrategias adecuadas pero, peri\u00f3dicamente, se llevan adelante diferentes capacitaciones necesarias para seguir avanzando en distintas tem\u00e1ticas.<\/p>\n<p>Fuente: Prensa Municipio<\/p>\n","protected":false},"excerpt":{"rendered":"<p>La ciudad de Mercedes fue sede de una capacitaci\u00f3n regional\u00a0organizada por el Instituto Provincial de Administraci\u00f3n P\u00fablica (IPAP), una asistencia &#8230; <a title=\"Capacitaci\u00f3n a los Servicios Locales que integran el Zonal\" class=\"read-more\" href=\"https:\/\/www.hoymercedes.com.ar\/principal\/2016\/04\/15\/capacitacion-a-los-servicios-locales-que-integran-el-zonal\/\" aria-label=\"Leer m\u00e1s sobre Capacitaci\u00f3n a los Servicios Locales que integran el Zonal\">Leer m\u00e1s<\/a><\/p>\n","protected":false},"author":1,"featured_media":48921,"comment_status":"open","ping_status":"open","sticky":false,"template":"","format":"standard","meta":{"_monsterinsights_skip_tracking":false,"_monsterinsights_sitenote_active":false,"_monsterinsights_sitenote_note":"","_monsterinsights_sitenote_category":0,"jetpack_post_was_ever_published":false,"_jetpack_newsletter_access":"","_jetpack_dont_email_post_to_subs":false,"_jetpack_newsletter_tier_id":0,"_jetpack_memberships_contains_paywalled_content":false,"_jetpack_memberships_contains_paid_content":false,"footnotes":"","jetpack_publicize_message":"","jetpack_publicize_feature_enabled":true,"jetpack_social_post_already_shared":true,"jetpack_social_options":{"image_generator_settings":{"template":"highway","default_image_id":0,"font":"","enabled":false},"version":2},"_wpas_customize_per_network":false},"categories":[8],"tags":[8656,3032,9005,9004,5956],"class_list":["post-48920","post","type-post","status-publish","format-standard","has-post-thumbnail","hentry","category-sociedad","tag-capacitacion","tag-ipap","tag-proteccion-derechos-del-nino-y-el-adolescente","tag-servicio-local","tag-servicio-zonal","generate-columns","tablet-grid-50","mobile-grid-100","grid-parent","grid-50"],"jetpack_publicize_connections":[],"jetpack_featured_media_url":"https:\/\/www.hoymercedes.com.ar\/principal\/wp-content\/uploads\/2016\/04\/15-IPAP.jpg","wps_subtitle":"A cargo del Instituto Provincial de Administraci\u00f3n P\u00fablica","jetpack_sharing_enabled":true,"_links":{"self":[{"href":"https:\/\/www.hoymercedes.com.ar\/principal\/wp-json\/wp\/v2\/posts\/48920","targetHints":{"allow":["GET"]}}],"collection":[{"href":"https:\/\/www.hoymercedes.com.ar\/principal\/wp-json\/wp\/v2\/posts"}],"about":[{"href":"https:\/\/www.hoymercedes.com.ar\/principal\/wp-json\/wp\/v2\/types\/post"}],"author":[{"embeddable":true,"href":"https:\/\/www.hoymercedes.com.ar\/principal\/wp-json\/wp\/v2\/users\/1"}],"replies":[{"embeddable":true,"href":"https:\/\/www.hoymercedes.com.ar\/principal\/wp-json\/wp\/v2\/comments?post=48920"}],"version-history":[{"count":0,"href":"https:\/\/www.hoymercedes.com.ar\/principal\/wp-json\/wp\/v2\/posts\/48920\/revisions"}],"wp:featuredmedia":[{"embeddable":true,"href":"https:\/\/www.hoymercedes.com.ar\/principal\/wp-json\/wp\/v2\/media\/48921"}],"wp:attachment":[{"href":"https:\/\/www.hoymercedes.com.ar\/principal\/wp-json\/wp\/v2\/media?parent=48920"}],"wp:term":[{"taxonomy":"category","embeddable":true,"href":"https:\/\/www.hoymercedes.com.ar\/principal\/wp-json\/wp\/v2\/categories?post=48920"},{"taxonomy":"post_tag","embeddable":true,"href":"https:\/\/www.hoymercedes.com.ar\/principal\/wp-json\/wp\/v2\/tags?post=48920"}],"curies":[{"name":"wp","href":"https:\/\/api.w.org\/{rel}","templated":true}]}}