{"id":48935,"date":"2016-04-15T14:11:37","date_gmt":"2016-04-15T17:11:37","guid":{"rendered":"http:\/\/www.hoymercedes.com.ar\/principal\/?p=48935"},"modified":"2016-04-15T14:11:37","modified_gmt":"2016-04-15T17:11:37","slug":"primera-division-el-fronton-bajo-a-trocha","status":"publish","type":"post","link":"https:\/\/www.hoymercedes.com.ar\/principal\/2016\/04\/15\/primera-division-el-fronton-bajo-a-trocha\/","title":{"rendered":"Primera Divisi\u00f3n: El Front\u00f3n baj\u00f3 a Trocha"},"content":{"rendered":"<p><em><strong>Por Ariel Musante \/ El equipo de Germ\u00e1n Stopiello, que comenz\u00f3 a ponerse al d\u00eda tras su paso por el Federal C, jug\u00f3 el partido pendiente de la primera fecha ante uno de los l\u00edderes, Trocha, y lo derrot\u00f3 3 a 2. Adem\u00e1s, en Mercedes, Costa Brava gole\u00f3 4 a 1 a El Tim\u00f3n y con estos dos encuentros m\u00e1s la victoria de Quilmes ante Ateneo por 3 a 1, qued\u00f3 saldada la primera jornada.<\/strong><\/em><\/p>\n<p>A pesar del mal clima, entre mi\u00e9rcoles y jueves se pudo poner al d\u00eda la primera jornada del torneo Apertura de Primera Divisi\u00f3n, con la victoria de Quilmes por 3 a 1 ante Ateneo, con goles de Lucas Montero, Federico Blanco y Diego Ludue\u00f1a (descont\u00f3 sobre el final \u00c1ngel Puchetta para los de Ariel Pil\u00eda) y en la noche del jueves se jugaron los otros dos partidos que se adeudaban.<br \/>\nEn San Andr\u00e9s de Giles, El Front\u00f3n ganaba por 3 a 0 a Trocha, con goles de Daniel Busca en el primer tiempo y de Mart\u00edn Bonetti, ambos antes de los 15 minutos de cada tiempo. Jos\u00e9 Mansilla pon\u00eda a los 40 un 3 a 0 que sorprend\u00eda a toda la Carbonilla, que mostr\u00f3 recuperaci\u00f3n y a los 42 y 45, Javier Graieb y Marcelo Gonz\u00e1lez lograron descontar, pero no alcanz\u00f3 para evitar la ca\u00edda del invicto.<br \/>\nEn Mercedes, la cancha de la Liga tuvo el encuentro entre Costa Brava y El Tim\u00f3n, con victoria para los de Suipacha por 4 a 1, mostrando una mejor\u00eda en este certamen respecto al a\u00f1o pasado, ya que vienen de levantar un 0 &#8211; 2 ante Ateneo y en su presentaci\u00f3n ante Estudiantes, estuvieron muy cerca de empatar. Los goles de la victoria los hicieron Esteban Garc\u00eda, Nicol\u00e1s Padula y Jorge Melo en dos ocasiones. Descont\u00f3 Sebasti\u00e1n Mosca.<br \/>\nCon estos encuentros ya saldados, ahora lo que se debe en la Liga son Quilmes Vs. Costa Brava y Juventud Vs. El Front\u00f3n (fecha 2), Comunicaciones Vs. Quilmes (fecha 3), San Marcos Vs. Costa Brava, El Tim\u00f3n Vs. El Front\u00f3n (fecha 4) y si el clima lo permite, cosa que parece que no va a ocurrir, este domingo se jugar\u00e1n cinco partidos de la quinta jornada con el siguiente cronograma:<br \/>\nCancha de la Liga Mercedina<br \/>\n11.00 &#8211; Comunicaciones Vs. San Marcos<br \/>\n13.00 &#8211; V\u00e9lez Vs. Trocha<br \/>\n15.00 &#8211; Palometas Vs. Tim\u00f3n<br \/>\n17.00 &#8211; Mercedes Vs. Juventud (Transmite FM La Tribuna 103.5)<br \/>\nCancha \u00abTito\u00bb Crosetti &#8211; San Andr\u00e9s de Giles<br \/>\n16.00 &#8211; El Front\u00f3n Vs. Quilmes<\/p>\n<p><img loading=\"lazy\" decoding=\"async\" data-attachment-id=\"48937\" data-permalink=\"https:\/\/www.hoymercedes.com.ar\/principal\/2016\/04\/15\/primera-division-el-fronton-bajo-a-trocha\/15-goleadores-primera-1\/#main\" data-orig-file=\"https:\/\/www.hoymercedes.com.ar\/principal\/wp-content\/uploads\/2016\/04\/15-Goleadores-Primera-1.png\" data-orig-size=\"312,317\" data-comments-opened=\"1\" data-image-meta=\"{&quot;aperture&quot;:&quot;0&quot;,&quot;credit&quot;:&quot;&quot;,&quot;camera&quot;:&quot;&quot;,&quot;caption&quot;:&quot;&quot;,&quot;created_timestamp&quot;:&quot;0&quot;,&quot;copyright&quot;:&quot;&quot;,&quot;focal_length&quot;:&quot;0&quot;,&quot;iso&quot;:&quot;0&quot;,&quot;shutter_speed&quot;:&quot;0&quot;,&quot;title&quot;:&quot;&quot;,&quot;orientation&quot;:&quot;0&quot;}\" data-image-title=\"15 Goleadores Primera (1)\" data-image-description=\"\" data-image-caption=\"\" data-large-file=\"https:\/\/www.hoymercedes.com.ar\/principal\/wp-content\/uploads\/2016\/04\/15-Goleadores-Primera-1.png\" class=\"aligncenter size-full wp-image-48937\" src=\"https:\/\/www.hoymercedes.com.ar\/principal\/wp-content\/uploads\/2016\/04\/15-Goleadores-Primera-1.png\" alt=\"15 Goleadores Primera (1)\" width=\"312\" height=\"317\" srcset=\"https:\/\/www.hoymercedes.com.ar\/principal\/wp-content\/uploads\/2016\/04\/15-Goleadores-Primera-1.png 312w, https:\/\/www.hoymercedes.com.ar\/principal\/wp-content\/uploads\/2016\/04\/15-Goleadores-Primera-1-148x150.png 148w\" sizes=\"auto, (max-width: 312px) 100vw, 312px\" \/><br \/>\n<strong>La Reserva tambi\u00e9n se jug\u00f3<\/strong><\/p>\n<p>Otros dos partidos se llevaron a cabo este jueves y tambi\u00e9n de la fecha 1. Trocha gole\u00f3 a El Front\u00f3n por 5 a 2, con tres goles de Mauro Sigona y los otros dos de Jos\u00e9 Mansilla y Pablo D\u00edaz. En la Liga, Comunicaciones venci\u00f3 2 a 1 a El Tim\u00f3n. De jugarse la quinta fecha, ser\u00e1 de la siguiente manera:<\/p>\n<p>&nbsp;<\/p>\n<p>S\u00e1bado 16 de abril, cancha V\u00e9lez Sarsfield<\/p>\n<p>15:45 hs. V\u00e9lez Vs. Trocha<\/p>\n<p>&nbsp;<\/p>\n<p>S\u00e1bado 16 de abril, cancha Juventud de Suipacha<\/p>\n<p>16:15 hs. Pabell\u00f3n Argentino Vs. Uni\u00f3n<\/p>\n<p>&nbsp;<\/p>\n<p>Domingo 17 de abril, cancha Club Mercedes<\/p>\n<p>13:00 hs. Los Palometas Vs. El Tim\u00f3n<\/p>\n<p>14:45 hs. Mercedes Vs. Juventud<\/p>\n<p>&nbsp;<\/p>\n<p>Domingo 17 de abril, cancha V\u00e9lez<\/p>\n<p>14:00 hs. Comunicaciones Vs. San Marcos<\/p>\n<p>&nbsp;<\/p>\n<p>Domingo 17 de abril, cancha El Front\u00f3n<\/p>\n<p>14:00 hs. El Front\u00f3n Vs. Quilmes<\/p>\n","protected":false},"excerpt":{"rendered":"<p>Por Ariel Musante \/ El equipo de Germ\u00e1n Stopiello, que comenz\u00f3 a ponerse al d\u00eda tras su paso por el &#8230; <a title=\"Primera Divisi\u00f3n: El Front\u00f3n baj\u00f3 a Trocha\" class=\"read-more\" href=\"https:\/\/www.hoymercedes.com.ar\/principal\/2016\/04\/15\/primera-division-el-fronton-bajo-a-trocha\/\" aria-label=\"Leer m\u00e1s sobre Primera Divisi\u00f3n: El Front\u00f3n baj\u00f3 a Trocha\">Leer m\u00e1s<\/a><\/p>\n","protected":false},"author":1,"featured_media":48936,"comment_status":"open","ping_status":"open","sticky":false,"template":"","format":"standard","meta":{"_monsterinsights_skip_tracking":false,"_monsterinsights_sitenote_active":false,"_monsterinsights_sitenote_note":"","_monsterinsights_sitenote_category":0,"jetpack_post_was_ever_published":false,"_jetpack_newsletter_access":"","_jetpack_dont_email_post_to_subs":false,"_jetpack_newsletter_tier_id":0,"_jetpack_memberships_contains_paywalled_content":false,"_jetpack_memberships_contains_paid_content":false,"footnotes":"","jetpack_publicize_message":"","jetpack_publicize_feature_enabled":true,"jetpack_social_post_already_shared":true,"jetpack_social_options":{"image_generator_settings":{"template":"highway","default_image_id":0,"font":"","enabled":false},"version":2},"_wpas_customize_per_network":false},"categories":[21],"tags":[204,1003,8733,8982,9008],"class_list":["post-48935","post","type-post","status-publish","format-standard","has-post-thumbnail","hentry","category-deportes","tag-deportes-2","tag-futbol","tag-musante","tag-primera","tag-resumen-fecha-1","generate-columns","tablet-grid-50","mobile-grid-100","grid-parent","grid-50"],"jetpack_publicize_connections":[],"jetpack_featured_media_url":"https:\/\/www.hoymercedes.com.ar\/principal\/wp-content\/uploads\/2016\/04\/15-Primera-1.png","wps_subtitle":"Se puso al d\u00eda la fecha 1","jetpack_sharing_enabled":true,"_links":{"self":[{"href":"https:\/\/www.hoymercedes.com.ar\/principal\/wp-json\/wp\/v2\/posts\/48935","targetHints":{"allow":["GET"]}}],"collection":[{"href":"https:\/\/www.hoymercedes.com.ar\/principal\/wp-json\/wp\/v2\/posts"}],"about":[{"href":"https:\/\/www.hoymercedes.com.ar\/principal\/wp-json\/wp\/v2\/types\/post"}],"author":[{"embeddable":true,"href":"https:\/\/www.hoymercedes.com.ar\/principal\/wp-json\/wp\/v2\/users\/1"}],"replies":[{"embeddable":true,"href":"https:\/\/www.hoymercedes.com.ar\/principal\/wp-json\/wp\/v2\/comments?post=48935"}],"version-history":[{"count":0,"href":"https:\/\/www.hoymercedes.com.ar\/principal\/wp-json\/wp\/v2\/posts\/48935\/revisions"}],"wp:featuredmedia":[{"embeddable":true,"href":"https:\/\/www.hoymercedes.com.ar\/principal\/wp-json\/wp\/v2\/media\/48936"}],"wp:attachment":[{"href":"https:\/\/www.hoymercedes.com.ar\/principal\/wp-json\/wp\/v2\/media?parent=48935"}],"wp:term":[{"taxonomy":"category","embeddable":true,"href":"https:\/\/www.hoymercedes.com.ar\/principal\/wp-json\/wp\/v2\/categories?post=48935"},{"taxonomy":"post_tag","embeddable":true,"href":"https:\/\/www.hoymercedes.com.ar\/principal\/wp-json\/wp\/v2\/tags?post=48935"}],"curies":[{"name":"wp","href":"https:\/\/api.w.org\/{rel}","templated":true}]}}