{"id":48939,"date":"2016-04-15T17:06:02","date_gmt":"2016-04-15T20:06:02","guid":{"rendered":"http:\/\/www.hoymercedes.com.ar\/principal\/?p=48939"},"modified":"2016-04-15T17:06:02","modified_gmt":"2016-04-15T20:06:02","slug":"confirmaron-al-arquitecto-miguel-brady-como-director-de-planificacion","status":"publish","type":"post","link":"https:\/\/www.hoymercedes.com.ar\/principal\/2016\/04\/15\/confirmaron-al-arquitecto-miguel-brady-como-director-de-planificacion\/","title":{"rendered":"Confirmaron al Arquitecto Miguel Brady como Director de Planificaci\u00f3n"},"content":{"rendered":"<p>El anuncio el Jefe Comunal lo hab\u00eda hecho en el discurso del inicio de las sesiones ordinarias del Concejo Deliberante, sin embargo, reci\u00e9n hoy la comuna lo inform\u00f3 p\u00fablicamente confirmando entonces que\u00a0la Direcci\u00f3n de Planificaci\u00f3n Territorial Estrat\u00e9gica (ex Direcci\u00f3n de Planeamiento) qued\u00f3 a cargo del Arquitecto Miguel Brady.<\/p>\n<p>\u201cLa idea es llegar a objetivos concretos, acotados, para poder desarrollar r\u00e1pidamente, aunque con una mirada estrat\u00e9gica hacia el futuro, el nivel productivo y el de desarrollo de la ciudad de Mercedes\u201d. Para implementar esas cosas, se deber\u00e1 hacer hincapi\u00e9 fundamentalmente en la modificaci\u00f3n de la ordenanza de zonificaci\u00f3n y uso del suelo\u201d, dijo el Arquitecto<\/p>\n<p>Brady es proveniente del sector privado, y con una experiencia de poco m\u00e1s de 40 a\u00f1os en su profesi\u00f3n, lo que le permite, desde sus palabras \u201csaber lo que es estar de ambos lados del mostrador\u201d.<img loading=\"lazy\" decoding=\"async\" data-attachment-id=\"48940\" data-permalink=\"https:\/\/www.hoymercedes.com.ar\/principal\/2016\/04\/15\/confirmaron-al-arquitecto-miguel-brady-como-director-de-planificacion\/15-brady-2\/#main\" data-orig-file=\"https:\/\/www.hoymercedes.com.ar\/principal\/wp-content\/uploads\/2016\/04\/15-BRADY-2.jpg\" data-orig-size=\"448,299\" data-comments-opened=\"1\" data-image-meta=\"{&quot;aperture&quot;:&quot;0&quot;,&quot;credit&quot;:&quot;&quot;,&quot;camera&quot;:&quot;&quot;,&quot;caption&quot;:&quot;&quot;,&quot;created_timestamp&quot;:&quot;0&quot;,&quot;copyright&quot;:&quot;&quot;,&quot;focal_length&quot;:&quot;0&quot;,&quot;iso&quot;:&quot;0&quot;,&quot;shutter_speed&quot;:&quot;0&quot;,&quot;title&quot;:&quot;&quot;,&quot;orientation&quot;:&quot;0&quot;}\" data-image-title=\"15 BRADY 2\" data-image-description=\"\" data-image-caption=\"&lt;p&gt;Imagen de Archivo&lt;\/p&gt;\n\" data-large-file=\"https:\/\/www.hoymercedes.com.ar\/principal\/wp-content\/uploads\/2016\/04\/15-BRADY-2.jpg\" class=\"aligncenter size-full wp-image-48940\" src=\"https:\/\/www.hoymercedes.com.ar\/principal\/wp-content\/uploads\/2016\/04\/15-BRADY-2.jpg\" alt=\"15 BRADY 2\" width=\"448\" height=\"299\" srcset=\"https:\/\/www.hoymercedes.com.ar\/principal\/wp-content\/uploads\/2016\/04\/15-BRADY-2.jpg 448w, https:\/\/www.hoymercedes.com.ar\/principal\/wp-content\/uploads\/2016\/04\/15-BRADY-2-150x100.jpg 150w, https:\/\/www.hoymercedes.com.ar\/principal\/wp-content\/uploads\/2016\/04\/15-BRADY-2-300x200.jpg 300w\" sizes=\"auto, (max-width: 448px) 100vw, 448px\" \/><\/p>\n<p>&nbsp;<\/p>\n","protected":false},"excerpt":{"rendered":"<p>El anuncio el Jefe Comunal lo hab\u00eda hecho en el discurso del inicio de las sesiones ordinarias del Concejo Deliberante, &#8230; <a title=\"Confirmaron al Arquitecto Miguel Brady como Director de Planificaci\u00f3n\" class=\"read-more\" href=\"https:\/\/www.hoymercedes.com.ar\/principal\/2016\/04\/15\/confirmaron-al-arquitecto-miguel-brady-como-director-de-planificacion\/\" aria-label=\"Leer m\u00e1s sobre Confirmaron al Arquitecto Miguel Brady como Director de Planificaci\u00f3n\">Leer m\u00e1s<\/a><\/p>\n","protected":false},"author":1,"featured_media":48940,"comment_status":"open","ping_status":"open","sticky":false,"template":"","format":"standard","meta":{"_monsterinsights_skip_tracking":false,"_monsterinsights_sitenote_active":false,"_monsterinsights_sitenote_note":"","_monsterinsights_sitenote_category":0,"jetpack_post_was_ever_published":false,"_jetpack_newsletter_access":"","_jetpack_dont_email_post_to_subs":false,"_jetpack_newsletter_tier_id":0,"_jetpack_memberships_contains_paywalled_content":false,"_jetpack_memberships_contains_paid_content":false,"footnotes":"","jetpack_publicize_message":"","jetpack_publicize_feature_enabled":true,"jetpack_social_post_already_shared":true,"jetpack_social_options":{"image_generator_settings":{"template":"highway","default_image_id":0,"font":"","enabled":false},"version":2},"_wpas_customize_per_network":false},"categories":[30],"tags":[9010,9011,244,9009],"class_list":["post-48939","post","type-post","status-publish","format-standard","has-post-thumbnail","hentry","category-municipio","tag-brady","tag-funcionario","tag-municipio-2","tag-planeamiento","generate-columns","tablet-grid-50","mobile-grid-100","grid-parent","grid-50"],"jetpack_publicize_connections":[],"jetpack_featured_media_url":"https:\/\/www.hoymercedes.com.ar\/principal\/wp-content\/uploads\/2016\/04\/15-BRADY-2.jpg","wps_subtitle":"Nuevo funcionario ","jetpack_sharing_enabled":true,"_links":{"self":[{"href":"https:\/\/www.hoymercedes.com.ar\/principal\/wp-json\/wp\/v2\/posts\/48939","targetHints":{"allow":["GET"]}}],"collection":[{"href":"https:\/\/www.hoymercedes.com.ar\/principal\/wp-json\/wp\/v2\/posts"}],"about":[{"href":"https:\/\/www.hoymercedes.com.ar\/principal\/wp-json\/wp\/v2\/types\/post"}],"author":[{"embeddable":true,"href":"https:\/\/www.hoymercedes.com.ar\/principal\/wp-json\/wp\/v2\/users\/1"}],"replies":[{"embeddable":true,"href":"https:\/\/www.hoymercedes.com.ar\/principal\/wp-json\/wp\/v2\/comments?post=48939"}],"version-history":[{"count":0,"href":"https:\/\/www.hoymercedes.com.ar\/principal\/wp-json\/wp\/v2\/posts\/48939\/revisions"}],"wp:featuredmedia":[{"embeddable":true,"href":"https:\/\/www.hoymercedes.com.ar\/principal\/wp-json\/wp\/v2\/media\/48940"}],"wp:attachment":[{"href":"https:\/\/www.hoymercedes.com.ar\/principal\/wp-json\/wp\/v2\/media?parent=48939"}],"wp:term":[{"taxonomy":"category","embeddable":true,"href":"https:\/\/www.hoymercedes.com.ar\/principal\/wp-json\/wp\/v2\/categories?post=48939"},{"taxonomy":"post_tag","embeddable":true,"href":"https:\/\/www.hoymercedes.com.ar\/principal\/wp-json\/wp\/v2\/tags?post=48939"}],"curies":[{"name":"wp","href":"https:\/\/api.w.org\/{rel}","templated":true}]}}