{"id":4897,"date":"2011-06-11T03:41:13","date_gmt":"2011-06-11T03:41:13","guid":{"rendered":"http:\/\/www.hoymercedes.com.ar\/principal\/?p=4897"},"modified":"2011-06-11T03:41:13","modified_gmt":"2011-06-11T03:41:13","slug":"mercedes-sede-del-turismo-social-para-jubilados-y-pensionados-del-gran-buenos-aires","status":"publish","type":"post","link":"https:\/\/www.hoymercedes.com.ar\/principal\/2011\/06\/11\/mercedes-sede-del-turismo-social-para-jubilados-y-pensionados-del-gran-buenos-aires\/","title":{"rendered":"Mercedes: Sede del Turismo Social para jubilados y pensionados del Gran Buenos Aires"},"content":{"rendered":"<p>Cada quince d\u00eda legan a nuestra ciudad dos unidades del municipio de San Mart\u00edn con alrededor de cuarenta y cinco jubilados y pensionados de dicha localidad que pasan el d\u00eda recorriendo diferentes lugares de Mercedes<\/p>\n<p>Desde hace varias semanas se pueden ver especialmente en el sector del centro mercedinos dos combis pertenecientes a la Municipalidad de San Mart\u00edn perfectamente identificadas con la leyenda Turismo Social.<\/p>\n<p>Se trata de una iniciativa del municipio del Gran Buenos Aires destinada a la recreaci\u00f3n y esparcimiento de jubilados y pensionados de dicha localidad que han elegido a la ciudad de Mercedes como uno de los destinos fijos para dichas salidas.<\/p>\n<p><a href=\"https:\/\/www.hoymercedes.com.ar\/principal\/wp-content\/uploads\/2011\/06\/TurismoSocial.jpg\"><img loading=\"lazy\" decoding=\"async\" data-attachment-id=\"4899\" data-permalink=\"https:\/\/www.hoymercedes.com.ar\/principal\/2011\/06\/11\/mercedes-sede-del-turismo-social-para-jubilados-y-pensionados-del-gran-buenos-aires\/turismosocial\/#main\" data-orig-file=\"https:\/\/www.hoymercedes.com.ar\/principal\/wp-content\/uploads\/2011\/06\/TurismoSocial.jpg\" data-orig-size=\"600,450\" data-comments-opened=\"1\" data-image-meta=\"{&quot;aperture&quot;:&quot;2.8&quot;,&quot;credit&quot;:&quot;&quot;,&quot;camera&quot;:&quot;COOLPIX L10&quot;,&quot;caption&quot;:&quot;&quot;,&quot;created_timestamp&quot;:&quot;1307432844&quot;,&quot;copyright&quot;:&quot;Copyright 2006&quot;,&quot;focal_length&quot;:&quot;6.2&quot;,&quot;iso&quot;:&quot;64&quot;,&quot;shutter_speed&quot;:&quot;0.0027085590465872&quot;,&quot;title&quot;:&quot;&quot;}\" data-image-title=\"TurismoSocial\" data-image-description=\"\" data-image-caption=\"\" data-large-file=\"https:\/\/www.hoymercedes.com.ar\/principal\/wp-content\/uploads\/2011\/06\/TurismoSocial.jpg\" class=\"aligncenter size-full wp-image-4899\" title=\"TurismoSocial\" src=\"https:\/\/www.hoymercedes.com.ar\/principal\/wp-content\/uploads\/2011\/06\/TurismoSocial.jpg\" alt=\"\" width=\"600\" height=\"450\" \/><\/a><\/p>\n<p>Uno de los responsables del grupo que en las ultimas horas estuvo en Mercedes precis\u00f3 \u201cesta es una iniciativa que comenz\u00f3 a implementarse desde la Secretar\u00eda de Desarrollo Social de nuestra Municipalidad tendiente a establecer un programa recreativo y de esparcimiento para los jubilados y pensionados de nuestra ciudad que tengan relaci\u00f3n con los diferentes Clubes, Asociaciones  y Centros que son los que tradicionalmente los agrupa pero sin dejar de tener en cuenta a quienes por diferentes motivos no concurren a ninguno de los mismos<\/p>\n<p>Nos dedicamos a realizar salidas cortas, es decir no m\u00e1s all\u00e1 de cien o ciento veinte kil\u00f3metros, por eso entre los diferentes lugares que se han elegido figura Mercedes, pero adem\u00e1s tenemos para este sector de la provincia otro destino que es San Antonio de Areco.<\/p>\n<p>Tambi\u00e9n vamos con los contingentes a Capital Federal, algo que gusta mucho es el Barrio de la Boca y tambi\u00e9n a la ciudad de La Plata, concret\u00e1ndose dichas salidas de martes a domingos porque los d\u00edas lunes las dos camionetas que pueden ver son llevadas a taller para que las revisen y soluciones cualquier tipo de problemas que se haya presentado o hacer los cambios de elementos necesarios debido a los desgates propios de todo elemento de trabajo.<\/p>\n<p>Este programa se financia en su totalidad con el aporte del Municipio, para ello se compraron las dos combis y se le asigno personal especializado como por ejemplo un gu\u00eda de turismo que antes de comenzar con su trabajo concurre a cada una del as localidades que se visitan para interiorizarse muy bien de la historia de los lugares a los cuales concurrir\u00e1n nuestros jubilados y pensionados que para poder participar deben inscribirse con anterioridad en las oficinas de la Secretar\u00eda de Desarrollo Social.<\/p>\n<p>Mercedes es uno delos distritos elegidos para estas excusiones de un d\u00eda, por la ma\u00f1ana recorremos en centro, las Iglesias, visitamos los Museos y vamos a los principales lugares hist\u00f3ricos, al medio d\u00eda se lleva al contingente a almorzar y por la tarde nos vamos a pasar la tarde al Parque municipal donde son muy festejadas las tradicionales mateadas que se llevan a cabo, luego recorremos la Pulper\u00eda y ya finalmente  comenzamos el viaje de retorno especialmente en estos d\u00edas del a\u00f1o que todos sabemos ya no hace el calor de otros meses y adem\u00e1s oscurece mucho antes.<\/p>\n<p>La idea es venir a Mercedes al menos dos veces por mes, es decir cada quince d\u00edas con diferentes grupos teniendo en cuenta que por viaje vienen alrededor de cuarenta a cuarenta y cinco personas aunque hoy solo hayan concurrido 32\u201d.<\/p>\n<p>&nbsp;<\/p>\n","protected":false},"excerpt":{"rendered":"<p>Cada quince d\u00eda legan a nuestra ciudad dos unidades del municipio de San Mart\u00edn con alrededor de cuarenta y cinco &#8230; <a title=\"Mercedes: Sede del Turismo Social para jubilados y pensionados del Gran Buenos Aires\" class=\"read-more\" href=\"https:\/\/www.hoymercedes.com.ar\/principal\/2011\/06\/11\/mercedes-sede-del-turismo-social-para-jubilados-y-pensionados-del-gran-buenos-aires\/\" aria-label=\"Leer m\u00e1s sobre Mercedes: Sede del Turismo Social para jubilados y pensionados del Gran Buenos Aires\">Leer m\u00e1s<\/a><\/p>\n","protected":false},"author":1,"featured_media":0,"comment_status":"open","ping_status":"open","sticky":false,"template":"","format":"standard","meta":{"_monsterinsights_skip_tracking":false,"_monsterinsights_sitenote_active":false,"_monsterinsights_sitenote_note":"","_monsterinsights_sitenote_category":0,"jetpack_post_was_ever_published":false,"_jetpack_newsletter_access":"","_jetpack_dont_email_post_to_subs":false,"_jetpack_newsletter_tier_id":0,"_jetpack_memberships_contains_paywalled_content":false,"_jetpack_memberships_contains_paid_content":false,"footnotes":"","jetpack_publicize_message":"","jetpack_publicize_feature_enabled":true,"jetpack_social_post_already_shared":false,"jetpack_social_options":{"image_generator_settings":{"template":"highway","default_image_id":0,"font":"","enabled":false},"version":2},"_wpas_customize_per_network":false},"categories":[8],"tags":[892,891],"class_list":["post-4897","post","type-post","status-publish","format-standard","hentry","category-sociedad","tag-direccion-de-turismo-mercedes","tag-turismo-social","generate-columns","tablet-grid-50","mobile-grid-100","grid-parent","grid-50"],"jetpack_publicize_connections":[],"jetpack_featured_media_url":"","wps_subtitle":"","jetpack_sharing_enabled":true,"_links":{"self":[{"href":"https:\/\/www.hoymercedes.com.ar\/principal\/wp-json\/wp\/v2\/posts\/4897","targetHints":{"allow":["GET"]}}],"collection":[{"href":"https:\/\/www.hoymercedes.com.ar\/principal\/wp-json\/wp\/v2\/posts"}],"about":[{"href":"https:\/\/www.hoymercedes.com.ar\/principal\/wp-json\/wp\/v2\/types\/post"}],"author":[{"embeddable":true,"href":"https:\/\/www.hoymercedes.com.ar\/principal\/wp-json\/wp\/v2\/users\/1"}],"replies":[{"embeddable":true,"href":"https:\/\/www.hoymercedes.com.ar\/principal\/wp-json\/wp\/v2\/comments?post=4897"}],"version-history":[{"count":0,"href":"https:\/\/www.hoymercedes.com.ar\/principal\/wp-json\/wp\/v2\/posts\/4897\/revisions"}],"wp:attachment":[{"href":"https:\/\/www.hoymercedes.com.ar\/principal\/wp-json\/wp\/v2\/media?parent=4897"}],"wp:term":[{"taxonomy":"category","embeddable":true,"href":"https:\/\/www.hoymercedes.com.ar\/principal\/wp-json\/wp\/v2\/categories?post=4897"},{"taxonomy":"post_tag","embeddable":true,"href":"https:\/\/www.hoymercedes.com.ar\/principal\/wp-json\/wp\/v2\/tags?post=4897"}],"curies":[{"name":"wp","href":"https:\/\/api.w.org\/{rel}","templated":true}]}}