{"id":48979,"date":"2016-04-18T09:56:38","date_gmt":"2016-04-18T12:56:38","guid":{"rendered":"http:\/\/www.hoymercedes.com.ar\/principal\/?p=48979"},"modified":"2016-04-18T09:56:38","modified_gmt":"2016-04-18T12:56:38","slug":"piano-y-chelo-en-el-colegio-nacinal","status":"publish","type":"post","link":"https:\/\/www.hoymercedes.com.ar\/principal\/2016\/04\/18\/piano-y-chelo-en-el-colegio-nacinal\/","title":{"rendered":"Piano y Chelo en el Colegio Nacinal"},"content":{"rendered":"<p><img loading=\"lazy\" decoding=\"async\" data-attachment-id=\"48983\" data-permalink=\"https:\/\/www.hoymercedes.com.ar\/principal\/2016\/04\/18\/piano-y-chelo-en-el-colegio-nacinal\/18-proarte\/#main\" data-orig-file=\"https:\/\/www.hoymercedes.com.ar\/principal\/wp-content\/uploads\/2016\/04\/18-proarte.png\" data-orig-size=\"538,358\" data-comments-opened=\"1\" data-image-meta=\"{&quot;aperture&quot;:&quot;0&quot;,&quot;credit&quot;:&quot;&quot;,&quot;camera&quot;:&quot;&quot;,&quot;caption&quot;:&quot;&quot;,&quot;created_timestamp&quot;:&quot;0&quot;,&quot;copyright&quot;:&quot;&quot;,&quot;focal_length&quot;:&quot;0&quot;,&quot;iso&quot;:&quot;0&quot;,&quot;shutter_speed&quot;:&quot;0&quot;,&quot;title&quot;:&quot;&quot;,&quot;orientation&quot;:&quot;0&quot;}\" data-image-title=\"18 proarte\" data-image-description=\"\" data-image-caption=\"\" data-large-file=\"https:\/\/www.hoymercedes.com.ar\/principal\/wp-content\/uploads\/2016\/04\/18-proarte.png\" class=\"aligncenter size-full wp-image-48983\" src=\"https:\/\/www.hoymercedes.com.ar\/principal\/wp-content\/uploads\/2016\/04\/18-proarte.png\" alt=\"18 proarte\" width=\"538\" height=\"358\" srcset=\"https:\/\/www.hoymercedes.com.ar\/principal\/wp-content\/uploads\/2016\/04\/18-proarte.png 538w, https:\/\/www.hoymercedes.com.ar\/principal\/wp-content\/uploads\/2016\/04\/18-proarte-150x100.png 150w, https:\/\/www.hoymercedes.com.ar\/principal\/wp-content\/uploads\/2016\/04\/18-proarte-300x200.png 300w\" sizes=\"auto, (max-width: 538px) 100vw, 538px\" \/>La temporada 66 del ciclo Pro Arte Mercedes que lleva adelante el Centro de Egresados del Colegio Nacional contin\u00faa el venidero s\u00e1bado 23 de abril con un concierto de piano y chelo.<\/p>\n<p>A\u00a0partir de la hora 20.30, Fernanda Morello -prestigiosa pianista frecuentemente invitada a tocar en las mejores salas del pa\u00eds &#8211; y el chelista Jos\u00e9 Araujo -solista de la Orquesta Sinf\u00f3nica Nacional &#8211; estar\u00e1n presentes en el sal\u00f3n del Colegio de avenida 17 para ejecutar sonatas de Brahams y Rachmaninov.<\/p>\n<p>Los bonos contribuci\u00f3n para el ingreso al espect\u00e1culo est\u00e1n a la venta en \u00abJ\u00f3ser Boutique\u00bb.\u00bbJ\u00f3ser casa y dise\u00f1o.\u00bb \u00abTiempos de papel\u00bb y\u00a0Talabarter\u00eda \u00abLas Mar\u00edas\u00bb.<\/p>\n","protected":false},"excerpt":{"rendered":"<p>La temporada 66 del ciclo Pro Arte Mercedes que lleva adelante el Centro de Egresados del Colegio Nacional contin\u00faa el &#8230; <a title=\"Piano y Chelo en el Colegio Nacinal\" class=\"read-more\" href=\"https:\/\/www.hoymercedes.com.ar\/principal\/2016\/04\/18\/piano-y-chelo-en-el-colegio-nacinal\/\" aria-label=\"Leer m\u00e1s sobre Piano y Chelo en el Colegio Nacinal\">Leer m\u00e1s<\/a><\/p>\n","protected":false},"author":1,"featured_media":48983,"comment_status":"open","ping_status":"open","sticky":false,"template":"","format":"standard","meta":{"_monsterinsights_skip_tracking":false,"_monsterinsights_sitenote_active":false,"_monsterinsights_sitenote_note":"","_monsterinsights_sitenote_category":0,"jetpack_post_was_ever_published":false,"_jetpack_newsletter_access":"","_jetpack_dont_email_post_to_subs":false,"_jetpack_newsletter_tier_id":0,"_jetpack_memberships_contains_paywalled_content":false,"_jetpack_memberships_contains_paid_content":false,"footnotes":"","jetpack_publicize_message":"","jetpack_publicize_feature_enabled":true,"jetpack_social_post_already_shared":true,"jetpack_social_options":{"image_generator_settings":{"template":"highway","default_image_id":0,"font":"","enabled":false},"version":2},"_wpas_customize_per_network":false},"categories":[104],"tags":[465,9018,7805,9017],"class_list":["post-48979","post","type-post","status-publish","format-standard","has-post-thumbnail","hentry","category-cultura","tag-colegio-nacional","tag-concierto","tag-cultura","tag-proarte","generate-columns","tablet-grid-50","mobile-grid-100","grid-parent","grid-50"],"jetpack_publicize_connections":[],"jetpack_featured_media_url":"https:\/\/www.hoymercedes.com.ar\/principal\/wp-content\/uploads\/2016\/04\/18-proarte.png","wps_subtitle":"S\u00e1bado de concierto","jetpack_sharing_enabled":true,"_links":{"self":[{"href":"https:\/\/www.hoymercedes.com.ar\/principal\/wp-json\/wp\/v2\/posts\/48979","targetHints":{"allow":["GET"]}}],"collection":[{"href":"https:\/\/www.hoymercedes.com.ar\/principal\/wp-json\/wp\/v2\/posts"}],"about":[{"href":"https:\/\/www.hoymercedes.com.ar\/principal\/wp-json\/wp\/v2\/types\/post"}],"author":[{"embeddable":true,"href":"https:\/\/www.hoymercedes.com.ar\/principal\/wp-json\/wp\/v2\/users\/1"}],"replies":[{"embeddable":true,"href":"https:\/\/www.hoymercedes.com.ar\/principal\/wp-json\/wp\/v2\/comments?post=48979"}],"version-history":[{"count":0,"href":"https:\/\/www.hoymercedes.com.ar\/principal\/wp-json\/wp\/v2\/posts\/48979\/revisions"}],"wp:featuredmedia":[{"embeddable":true,"href":"https:\/\/www.hoymercedes.com.ar\/principal\/wp-json\/wp\/v2\/media\/48983"}],"wp:attachment":[{"href":"https:\/\/www.hoymercedes.com.ar\/principal\/wp-json\/wp\/v2\/media?parent=48979"}],"wp:term":[{"taxonomy":"category","embeddable":true,"href":"https:\/\/www.hoymercedes.com.ar\/principal\/wp-json\/wp\/v2\/categories?post=48979"},{"taxonomy":"post_tag","embeddable":true,"href":"https:\/\/www.hoymercedes.com.ar\/principal\/wp-json\/wp\/v2\/tags?post=48979"}],"curies":[{"name":"wp","href":"https:\/\/api.w.org\/{rel}","templated":true}]}}