{"id":49005,"date":"2016-04-18T20:00:19","date_gmt":"2016-04-18T23:00:19","guid":{"rendered":"http:\/\/www.hoymercedes.com.ar\/principal\/?p=49005"},"modified":"2016-04-18T19:26:50","modified_gmt":"2016-04-18T22:26:50","slug":"instructores-de-brasil-y-mexico-capacitaron-a-los-agentes-mercedinos","status":"publish","type":"post","link":"https:\/\/www.hoymercedes.com.ar\/principal\/2016\/04\/18\/instructores-de-brasil-y-mexico-capacitaron-a-los-agentes-mercedinos\/","title":{"rendered":"Instructores de Brasil y M\u00e9xico capacitaron a los agentes mercedinos"},"content":{"rendered":"<p><img loading=\"lazy\" decoding=\"async\" data-attachment-id=\"49007\" data-permalink=\"https:\/\/www.hoymercedes.com.ar\/principal\/2016\/04\/18\/instructores-de-brasil-y-mexico-capacitaron-a-los-agentes-mercedinos\/18-capacitacion\/#main\" data-orig-file=\"https:\/\/www.hoymercedes.com.ar\/principal\/wp-content\/uploads\/2016\/04\/18-capacitaci\u00f3n.jpg\" data-orig-size=\"448,299\" data-comments-opened=\"1\" data-image-meta=\"{&quot;aperture&quot;:&quot;0&quot;,&quot;credit&quot;:&quot;&quot;,&quot;camera&quot;:&quot;&quot;,&quot;caption&quot;:&quot;&quot;,&quot;created_timestamp&quot;:&quot;0&quot;,&quot;copyright&quot;:&quot;&quot;,&quot;focal_length&quot;:&quot;0&quot;,&quot;iso&quot;:&quot;0&quot;,&quot;shutter_speed&quot;:&quot;0&quot;,&quot;title&quot;:&quot;&quot;,&quot;orientation&quot;:&quot;0&quot;}\" data-image-title=\"18 capacitaci\u00f3n\" data-image-description=\"\" data-image-caption=\"\" data-large-file=\"https:\/\/www.hoymercedes.com.ar\/principal\/wp-content\/uploads\/2016\/04\/18-capacitaci\u00f3n.jpg\" class=\"aligncenter size-full wp-image-49007\" src=\"https:\/\/www.hoymercedes.com.ar\/principal\/wp-content\/uploads\/2016\/04\/18-capacitaci\u00f3n.jpg\" alt=\"18 capacitaci\u00f3n\" width=\"448\" height=\"299\" srcset=\"https:\/\/www.hoymercedes.com.ar\/principal\/wp-content\/uploads\/2016\/04\/18-capacitaci\u00f3n.jpg 448w, https:\/\/www.hoymercedes.com.ar\/principal\/wp-content\/uploads\/2016\/04\/18-capacitaci\u00f3n-150x100.jpg 150w, https:\/\/www.hoymercedes.com.ar\/principal\/wp-content\/uploads\/2016\/04\/18-capacitaci\u00f3n-300x200.jpg 300w\" sizes=\"auto, (max-width: 448px) 100vw, 448px\" \/>En la jornada de este lunes, los aspirantes de la Polic\u00eda Local recibieron una charla capacitaci\u00f3n de la mano de referentes de las fuerzas de seguridad de M\u00e9xico y Brasil. La capacitaci\u00f3n se realiz\u00f3 en horas de la tarde en el Teatro Argentino aunque originalmente se hab\u00eda comunicado que ser\u00eda en el Sal\u00f3n Dorado del Instituto Unzu\u00e9.<\/p>\n<p>A la salida del encuentro que mantuvieron con el Jefe Comunal, los representantes policiales de ambos pa\u00edses dialogaron con los medios que se enteraron de casualidad de esta capacitaci\u00f3n ya que la informaci\u00f3n comunal no lleg\u00f3 hasta seis horas despu\u00e9s.<\/p>\n<p>El Sub Comisario Vicente, que est\u00e1 en v\u00edsperas de trabajar con en la Polic\u00eda Local, dio cuenta del proyecto de recibir a instructores de distintos pa\u00edses y de darles a los aspirantes a la Polic\u00eda Local la oportunidad de que conozcan experiencias.<\/p>\n<p>Juan Pablo Hern\u00e1ndez Gonz\u00e1lez, de M\u00e9xico, cont\u00f3 a los medios que el fin del encuentro fue compartir la experiencia en materia de seguridad de los pa\u00edses latinoamericanos: \u201cAprovechando que reci\u00e9n se est\u00e1n incorporando a la Polic\u00eda Local venimos a contar nuestra experiencia, ya que en M\u00e9xico todo se maneja a trav\u00e9s de una polic\u00eda local y podremos aportar algunas buenas ideas y propuestas adecuadas para las problem\u00e1ticas de la ciudad\u201d<\/p>\n<p>\u201cVamos a darles algunas t\u00e1cticas policiales, estrategias que implementamos en M\u00e9xico. Lo m\u00e1s importante es que trataremos sobre la \u2018proximidad policial\u2019, que incluye la seguridad ciudadana, la prevenci\u00f3n del delito. Que traten de afrontar el delito de la manera m\u00e1s segura y m\u00e1s econ\u00f3mica que es a trav\u00e9s de la prevenci\u00f3n y ese contacto con la ciudadan\u00eda\u201d, agreg\u00f3 el instructor de M\u00e9xico.<\/p>\n<p>Por su parte, William Fernando Oliveira de San Pablo, Brasil, sintetiz\u00f3 su experiencia en una ciudad de cuarenta millones de habitantes. Asimismo, cont\u00f3 que en su jurisdicci\u00f3n los temas m\u00e1s preocupantes son tr\u00e1fico de drogas, y la proliferaci\u00f3n de armas. \u201cLa Organizaci\u00f3n Mundial de Instructores brinda instrucci\u00f3n en muchos pa\u00edses. De la misma forma que compartimos experiencias, recibimos la propia experiencia. Lo importante como dijo Hern\u00e1ndez, es la prevenci\u00f3n. Es mejor prevenir que atacar y esto es lo que queremos desarrollar en la Polic\u00eda Local. Es una mentalidad m\u00e1s humanista, m\u00e1s de apoyo a la comunidad, pr\u00e1cticas de intervenci\u00f3n en la prevenci\u00f3n\u201d, agreg\u00f3 el representante de la Brasil.<\/p>\n","protected":false},"excerpt":{"rendered":"<p>En la jornada de este lunes, los aspirantes de la Polic\u00eda Local recibieron una charla capacitaci\u00f3n de la mano de &#8230; <a title=\"Instructores de Brasil y M\u00e9xico capacitaron a los agentes mercedinos\" class=\"read-more\" href=\"https:\/\/www.hoymercedes.com.ar\/principal\/2016\/04\/18\/instructores-de-brasil-y-mexico-capacitaron-a-los-agentes-mercedinos\/\" aria-label=\"Leer m\u00e1s sobre Instructores de Brasil y M\u00e9xico capacitaron a los agentes mercedinos\">Leer m\u00e1s<\/a><\/p>\n","protected":false},"author":1,"featured_media":49008,"comment_status":"open","ping_status":"open","sticky":false,"template":"","format":"standard","meta":{"_monsterinsights_skip_tracking":false,"_monsterinsights_sitenote_active":false,"_monsterinsights_sitenote_note":"","_monsterinsights_sitenote_category":0,"jetpack_post_was_ever_published":false,"_jetpack_newsletter_access":"","_jetpack_dont_email_post_to_subs":false,"_jetpack_newsletter_tier_id":0,"_jetpack_memberships_contains_paywalled_content":false,"_jetpack_memberships_contains_paid_content":false,"footnotes":"","jetpack_publicize_message":"","jetpack_publicize_feature_enabled":true,"jetpack_social_post_already_shared":true,"jetpack_social_options":{"image_generator_settings":{"template":"highway","default_image_id":0,"font":"","enabled":false},"version":2},"_wpas_customize_per_network":false},"categories":[8],"tags":[8656,7854],"class_list":["post-49005","post","type-post","status-publish","format-standard","has-post-thumbnail","hentry","category-sociedad","tag-capacitacion","tag-policia-local","generate-columns","tablet-grid-50","mobile-grid-100","grid-parent","grid-50"],"jetpack_publicize_connections":[],"jetpack_featured_media_url":"https:\/\/www.hoymercedes.com.ar\/principal\/wp-content\/uploads\/2016\/04\/18-capacitaci\u00f3n-2.jpg","wps_subtitle":"Nueva capacitaci\u00f3n para la Polic\u00eda Local","jetpack_sharing_enabled":true,"_links":{"self":[{"href":"https:\/\/www.hoymercedes.com.ar\/principal\/wp-json\/wp\/v2\/posts\/49005","targetHints":{"allow":["GET"]}}],"collection":[{"href":"https:\/\/www.hoymercedes.com.ar\/principal\/wp-json\/wp\/v2\/posts"}],"about":[{"href":"https:\/\/www.hoymercedes.com.ar\/principal\/wp-json\/wp\/v2\/types\/post"}],"author":[{"embeddable":true,"href":"https:\/\/www.hoymercedes.com.ar\/principal\/wp-json\/wp\/v2\/users\/1"}],"replies":[{"embeddable":true,"href":"https:\/\/www.hoymercedes.com.ar\/principal\/wp-json\/wp\/v2\/comments?post=49005"}],"version-history":[{"count":0,"href":"https:\/\/www.hoymercedes.com.ar\/principal\/wp-json\/wp\/v2\/posts\/49005\/revisions"}],"wp:featuredmedia":[{"embeddable":true,"href":"https:\/\/www.hoymercedes.com.ar\/principal\/wp-json\/wp\/v2\/media\/49008"}],"wp:attachment":[{"href":"https:\/\/www.hoymercedes.com.ar\/principal\/wp-json\/wp\/v2\/media?parent=49005"}],"wp:term":[{"taxonomy":"category","embeddable":true,"href":"https:\/\/www.hoymercedes.com.ar\/principal\/wp-json\/wp\/v2\/categories?post=49005"},{"taxonomy":"post_tag","embeddable":true,"href":"https:\/\/www.hoymercedes.com.ar\/principal\/wp-json\/wp\/v2\/tags?post=49005"}],"curies":[{"name":"wp","href":"https:\/\/api.w.org\/{rel}","templated":true}]}}