{"id":49013,"date":"2016-04-19T07:52:30","date_gmt":"2016-04-19T10:52:30","guid":{"rendered":"http:\/\/www.hoymercedes.com.ar\/principal\/?p=49013"},"modified":"2016-04-18T20:13:50","modified_gmt":"2016-04-18T23:13:50","slug":"trabajos-varios-en-distintos-puntos-de-la-ciudad","status":"publish","type":"post","link":"https:\/\/www.hoymercedes.com.ar\/principal\/2016\/04\/19\/trabajos-varios-en-distintos-puntos-de-la-ciudad\/","title":{"rendered":"Trabajos varios en distintos puntos de la ciudad"},"content":{"rendered":"<p>Desde la Subsecretar\u00eda de Servicios P\u00fablicos dieron cuenta de una serie de trabajos realizados los \u00faltimos d\u00edas en distintos barrios de la ciudad.<\/p>\n<p>Por un lado, una cuadrilla de reparaciones se encuentra cambiando y colocando luminarias reclamadas por el servicio 147 y otro equipo de tareas est\u00e1 llevando adelante el mantenimiento general lum\u00ednico correspondiente, por calle 24, hasta el predio del Club Estudiantes.<\/p>\n<p>En el microcentro y en alrededores del Barrio San Jorge, se encuentra una cuadrilla trabajando en la recolecci\u00f3n de pasto y basura, al igual que en avenida 47, desde calle 16 hasta la 30.\u00a0La misma tarea se est\u00e1 cumpliendo en el cuadrante comprendido por calle 12, 26, 1 y 17.<\/p>\n<p>El equipo vial se encuentra trabajando en calle 10 de 35 A 39. En calle 114 y 61, se est\u00e1n haciendo los cruces de calle, con la colocaci\u00f3n de 8 ca\u00f1os de 40mm.<\/p>\n<p>Adem\u00e1s, se debe destacar que el equipo de mantenimiento y destape de los registros de cloacas, se encuentra dando respuesta a reclamos recibidos ayer por la noche en el servicio 147.<\/p>\n<p>Dos cuadriculas est\u00e1n realizando tareas de desmalezamiento y emprolijamiento en Ruta Provincial N\u00ba 41, desde el ingreso a la ciudad hacia La Florida. Tambi\u00e9n en calle 1 y 22 y sobre ambas veredas de calle 110.<\/p>\n","protected":false},"excerpt":{"rendered":"<p>Desde la Subsecretar\u00eda de Servicios P\u00fablicos dieron cuenta de una serie de trabajos realizados los \u00faltimos d\u00edas en distintos barrios &#8230; <a title=\"Trabajos varios en distintos puntos de la ciudad\" class=\"read-more\" href=\"https:\/\/www.hoymercedes.com.ar\/principal\/2016\/04\/19\/trabajos-varios-en-distintos-puntos-de-la-ciudad\/\" aria-label=\"Leer m\u00e1s sobre Trabajos varios en distintos puntos de la ciudad\">Leer m\u00e1s<\/a><\/p>\n","protected":false},"author":1,"featured_media":49015,"comment_status":"open","ping_status":"open","sticky":false,"template":"","format":"standard","meta":{"_monsterinsights_skip_tracking":false,"_monsterinsights_sitenote_active":false,"_monsterinsights_sitenote_note":"","_monsterinsights_sitenote_category":0,"jetpack_post_was_ever_published":false,"_jetpack_newsletter_access":"","_jetpack_dont_email_post_to_subs":false,"_jetpack_newsletter_tier_id":0,"_jetpack_memberships_contains_paywalled_content":false,"_jetpack_memberships_contains_paid_content":false,"footnotes":"","jetpack_publicize_message":"","jetpack_publicize_feature_enabled":true,"jetpack_social_post_already_shared":true,"jetpack_social_options":{"image_generator_settings":{"template":"highway","default_image_id":0,"font":"","enabled":false},"version":2},"_wpas_customize_per_network":false},"categories":[30],"tags":[8620,600,8628,8975],"class_list":["post-49013","post","type-post","status-publish","format-standard","has-post-thumbnail","hentry","category-municipio","tag-arreglos","tag-barrios","tag-servicios-publicos","tag-trabajos","generate-columns","tablet-grid-50","mobile-grid-100","grid-parent","grid-50"],"jetpack_publicize_connections":[],"jetpack_featured_media_url":"https:\/\/www.hoymercedes.com.ar\/principal\/wp-content\/uploads\/2016\/04\/18-trabajos-serv-publi.jpg","wps_subtitle":"Servicios P\u00fablicos","jetpack_sharing_enabled":true,"_links":{"self":[{"href":"https:\/\/www.hoymercedes.com.ar\/principal\/wp-json\/wp\/v2\/posts\/49013","targetHints":{"allow":["GET"]}}],"collection":[{"href":"https:\/\/www.hoymercedes.com.ar\/principal\/wp-json\/wp\/v2\/posts"}],"about":[{"href":"https:\/\/www.hoymercedes.com.ar\/principal\/wp-json\/wp\/v2\/types\/post"}],"author":[{"embeddable":true,"href":"https:\/\/www.hoymercedes.com.ar\/principal\/wp-json\/wp\/v2\/users\/1"}],"replies":[{"embeddable":true,"href":"https:\/\/www.hoymercedes.com.ar\/principal\/wp-json\/wp\/v2\/comments?post=49013"}],"version-history":[{"count":0,"href":"https:\/\/www.hoymercedes.com.ar\/principal\/wp-json\/wp\/v2\/posts\/49013\/revisions"}],"wp:featuredmedia":[{"embeddable":true,"href":"https:\/\/www.hoymercedes.com.ar\/principal\/wp-json\/wp\/v2\/media\/49015"}],"wp:attachment":[{"href":"https:\/\/www.hoymercedes.com.ar\/principal\/wp-json\/wp\/v2\/media?parent=49013"}],"wp:term":[{"taxonomy":"category","embeddable":true,"href":"https:\/\/www.hoymercedes.com.ar\/principal\/wp-json\/wp\/v2\/categories?post=49013"},{"taxonomy":"post_tag","embeddable":true,"href":"https:\/\/www.hoymercedes.com.ar\/principal\/wp-json\/wp\/v2\/tags?post=49013"}],"curies":[{"name":"wp","href":"https:\/\/api.w.org\/{rel}","templated":true}]}}