{"id":49017,"date":"2016-04-19T00:14:18","date_gmt":"2016-04-19T03:14:18","guid":{"rendered":"http:\/\/www.hoymercedes.com.ar\/principal\/?p=49017"},"modified":"2016-04-19T00:29:35","modified_gmt":"2016-04-19T03:29:35","slug":"realizaron-orientacion-vocacional-para-jovenes-mercedinos","status":"publish","type":"post","link":"https:\/\/www.hoymercedes.com.ar\/principal\/2016\/04\/19\/realizaron-orientacion-vocacional-para-jovenes-mercedinos\/","title":{"rendered":"Realizaron orientaci\u00f3n vocacional para j\u00f3venes mercedinos"},"content":{"rendered":"<figure id=\"attachment_49014\" aria-describedby=\"caption-attachment-49014\" style=\"width: 610px\" class=\"wp-caption aligncenter\"><img loading=\"lazy\" decoding=\"async\" data-attachment-id=\"49014\" data-permalink=\"https:\/\/www.hoymercedes.com.ar\/principal\/2016\/04\/19\/trabajos-varios-en-distintos-puntos-de-la-ciudad\/18-test-vocacional\/#main\" data-orig-file=\"https:\/\/www.hoymercedes.com.ar\/principal\/wp-content\/uploads\/2016\/04\/18-test-vocacional.jpg\" data-orig-size=\"448,299\" data-comments-opened=\"1\" data-image-meta=\"{&quot;aperture&quot;:&quot;0&quot;,&quot;credit&quot;:&quot;&quot;,&quot;camera&quot;:&quot;&quot;,&quot;caption&quot;:&quot;&quot;,&quot;created_timestamp&quot;:&quot;0&quot;,&quot;copyright&quot;:&quot;&quot;,&quot;focal_length&quot;:&quot;0&quot;,&quot;iso&quot;:&quot;0&quot;,&quot;shutter_speed&quot;:&quot;0&quot;,&quot;title&quot;:&quot;&quot;,&quot;orientation&quot;:&quot;0&quot;}\" data-image-title=\"18 test vocacional\" data-image-description=\"\" data-image-caption=\"\" data-large-file=\"https:\/\/www.hoymercedes.com.ar\/principal\/wp-content\/uploads\/2016\/04\/18-test-vocacional.jpg\" class=\"wp-image-49014\" src=\"https:\/\/www.hoymercedes.com.ar\/principal\/wp-content\/uploads\/2016\/04\/18-test-vocacional.jpg\" alt=\"18 test vocacional\" width=\"620\" height=\"414\" srcset=\"https:\/\/www.hoymercedes.com.ar\/principal\/wp-content\/uploads\/2016\/04\/18-test-vocacional.jpg 448w, https:\/\/www.hoymercedes.com.ar\/principal\/wp-content\/uploads\/2016\/04\/18-test-vocacional-150x100.jpg 150w, https:\/\/www.hoymercedes.com.ar\/principal\/wp-content\/uploads\/2016\/04\/18-test-vocacional-300x200.jpg 300w\" sizes=\"auto, (max-width: 620px) 100vw, 620px\" \/><figcaption id=\"caption-attachment-49014\" class=\"wp-caption-text\">Orientaci\u00f3n Vocacional<\/figcaption><\/figure>\n<p>Durante esta semana y a lo largo de todo el a\u00f1o, el Equipo de Orientaci\u00f3n Vocacional, que\u00a0hoy parte del \u00e1rea\u00a0de Pol\u00edticas Juveniles, integrado por una Trabajadora Social y una Psic\u00f3loga, trabajar\u00e1 semana por semana recibiendo en Desarrollo Social a todos los j\u00f3venes de Escuelas P\u00fablicas y Privadas del \u00faltimo a\u00f1o de secundaria de nuestra Cuidad.<\/p>\n<p>A los mismos se les realizar\u00e1 un test-vocacional gratuito y adem\u00e1s desde el \u00e1rea\u00a0se articul\u00f3 para que \u00a0finalizado el test, conozcan\u00a0el Centro Universitario Regional (UBA- UNLu) que tambi\u00e9n se encuentra en las instalaciones de Desarrollo Social guiados por el Coordinador del Centro, Luciano Demergasso y la Coordinadora de Pol\u00edticas Juveniles, Eugenia C\u00f3dega.\u00a0Conocer\u00e1n y se informar\u00e1n de las carreras que se dictan, adem\u00e1s del CBC y curso de ingreso a UNLu.<\/p>\n<p>&nbsp;<\/p>\n","protected":false},"excerpt":{"rendered":"<p>Durante esta semana y a lo largo de todo el a\u00f1o, el Equipo de Orientaci\u00f3n Vocacional, que\u00a0hoy parte del \u00e1rea\u00a0de &#8230; <a title=\"Realizaron orientaci\u00f3n vocacional para j\u00f3venes mercedinos\" class=\"read-more\" href=\"https:\/\/www.hoymercedes.com.ar\/principal\/2016\/04\/19\/realizaron-orientacion-vocacional-para-jovenes-mercedinos\/\" aria-label=\"Leer m\u00e1s sobre Realizaron orientaci\u00f3n vocacional para j\u00f3venes mercedinos\">Leer m\u00e1s<\/a><\/p>\n","protected":false},"author":1,"featured_media":49014,"comment_status":"open","ping_status":"open","sticky":false,"template":"","format":"standard","meta":{"_monsterinsights_skip_tracking":false,"_monsterinsights_sitenote_active":false,"_monsterinsights_sitenote_note":"","_monsterinsights_sitenote_category":0,"jetpack_post_was_ever_published":false,"_jetpack_newsletter_access":"","_jetpack_dont_email_post_to_subs":false,"_jetpack_newsletter_tier_id":0,"_jetpack_memberships_contains_paywalled_content":false,"_jetpack_memberships_contains_paid_content":false,"footnotes":"","jetpack_publicize_message":"","jetpack_publicize_feature_enabled":true,"jetpack_social_post_already_shared":true,"jetpack_social_options":{"image_generator_settings":{"template":"highway","default_image_id":0,"font":"","enabled":false},"version":2},"_wpas_customize_per_network":false},"categories":[30],"tags":[5676,9024],"class_list":["post-49017","post","type-post","status-publish","format-standard","has-post-thumbnail","hentry","category-municipio","tag-politicas-juveniles","tag-test-vocacional","generate-columns","tablet-grid-50","mobile-grid-100","grid-parent","grid-50"],"jetpack_publicize_connections":[],"jetpack_featured_media_url":"https:\/\/www.hoymercedes.com.ar\/principal\/wp-content\/uploads\/2016\/04\/18-test-vocacional.jpg","wps_subtitle":"Pol\u00edticas Juveniles","jetpack_sharing_enabled":true,"_links":{"self":[{"href":"https:\/\/www.hoymercedes.com.ar\/principal\/wp-json\/wp\/v2\/posts\/49017","targetHints":{"allow":["GET"]}}],"collection":[{"href":"https:\/\/www.hoymercedes.com.ar\/principal\/wp-json\/wp\/v2\/posts"}],"about":[{"href":"https:\/\/www.hoymercedes.com.ar\/principal\/wp-json\/wp\/v2\/types\/post"}],"author":[{"embeddable":true,"href":"https:\/\/www.hoymercedes.com.ar\/principal\/wp-json\/wp\/v2\/users\/1"}],"replies":[{"embeddable":true,"href":"https:\/\/www.hoymercedes.com.ar\/principal\/wp-json\/wp\/v2\/comments?post=49017"}],"version-history":[{"count":0,"href":"https:\/\/www.hoymercedes.com.ar\/principal\/wp-json\/wp\/v2\/posts\/49017\/revisions"}],"wp:featuredmedia":[{"embeddable":true,"href":"https:\/\/www.hoymercedes.com.ar\/principal\/wp-json\/wp\/v2\/media\/49014"}],"wp:attachment":[{"href":"https:\/\/www.hoymercedes.com.ar\/principal\/wp-json\/wp\/v2\/media?parent=49017"}],"wp:term":[{"taxonomy":"category","embeddable":true,"href":"https:\/\/www.hoymercedes.com.ar\/principal\/wp-json\/wp\/v2\/categories?post=49017"},{"taxonomy":"post_tag","embeddable":true,"href":"https:\/\/www.hoymercedes.com.ar\/principal\/wp-json\/wp\/v2\/tags?post=49017"}],"curies":[{"name":"wp","href":"https:\/\/api.w.org\/{rel}","templated":true}]}}