{"id":4902,"date":"2011-06-11T03:48:54","date_gmt":"2011-06-11T03:48:54","guid":{"rendered":"http:\/\/www.hoymercedes.com.ar\/principal\/?p=4902"},"modified":"2011-06-11T03:48:54","modified_gmt":"2011-06-11T03:48:54","slug":"selva-siguio-el-lanzamiento-del-satelite-argentino","status":"publish","type":"post","link":"https:\/\/www.hoymercedes.com.ar\/principal\/2011\/06\/11\/selva-siguio-el-lanzamiento-del-satelite-argentino\/","title":{"rendered":"Selva sigui\u00f3 el lanzamiento del Sat\u00e9lite Argentino"},"content":{"rendered":"<p>En el Teatro Intendente Julio C. Gioscio se pudo ver en directo y en pantalla gigantes dicho acontecimiento. Selva no pudo ocultar su satisfacci\u00f3n teniendo en cuenta que el esposo de una de sus hijas, el Ingeniero  Juan Cruz Gallo, forma parte del equipo de trabajo Argentino que est\u00e1 en California.<\/p>\n<p>Las instalaciones del Teatro Julio Cesar Gioscio se vieron colmadas en su totalidad en horas de la ma\u00f1ana de ayer con motivo de emisi\u00f3n en directo que desde los Estados Unidos realiz\u00f3 la Televisi\u00f3n Publica de nuestro pa\u00eds para reflejar         el momento del lanzamiento desde una Base A\u00e9rea estadounidense ubicada en California del Sat\u00e9lite Cient\u00edfico Argentino SAC D A Aquarius.<\/p>\n<p><a href=\"https:\/\/www.hoymercedes.com.ar\/principal\/wp-content\/uploads\/2011\/06\/Satelite-MercedesII.jpg\"><img loading=\"lazy\" decoding=\"async\" data-attachment-id=\"4904\" data-permalink=\"https:\/\/www.hoymercedes.com.ar\/principal\/2011\/06\/11\/selva-siguio-el-lanzamiento-del-satelite-argentino\/satelite-mercedesii\/#main\" data-orig-file=\"https:\/\/www.hoymercedes.com.ar\/principal\/wp-content\/uploads\/2011\/06\/Satelite-MercedesII.jpg\" data-orig-size=\"600,450\" data-comments-opened=\"1\" data-image-meta=\"{&quot;aperture&quot;:&quot;2.8&quot;,&quot;credit&quot;:&quot;&quot;,&quot;camera&quot;:&quot;COOLPIX L10&quot;,&quot;caption&quot;:&quot;&quot;,&quot;created_timestamp&quot;:&quot;1307514573&quot;,&quot;copyright&quot;:&quot;Copyright 2006&quot;,&quot;focal_length&quot;:&quot;6.2&quot;,&quot;iso&quot;:&quot;800&quot;,&quot;shutter_speed&quot;:&quot;0.016666666666667&quot;,&quot;title&quot;:&quot;&quot;}\" data-image-title=\"Satelite-MercedesII\" data-image-description=\"\" data-image-caption=\"\" data-large-file=\"https:\/\/www.hoymercedes.com.ar\/principal\/wp-content\/uploads\/2011\/06\/Satelite-MercedesII.jpg\" class=\"aligncenter size-full wp-image-4904\" title=\"Satelite-MercedesII\" src=\"https:\/\/www.hoymercedes.com.ar\/principal\/wp-content\/uploads\/2011\/06\/Satelite-MercedesII.jpg\" alt=\"\" width=\"600\" height=\"450\" \/><\/a><\/p>\n<p>Una importante cantidad de alumnos de establecimientos educativos estatales y de gesti\u00f3n privada tuvieron la posibilidad de ver junto con sus docentes en pantalla gigante el momento de la partida del Cohete que pone en \u00f3rbita al Aquarius, partida que fue, en el momento de comenzar la elevaci\u00f3n, festejada con un cerrado aplauso de los presentes.<\/p>\n<p>Cabe consignar que tambi\u00e9n presenciaron el despegue funcionarios municipales, integrantes de la Secretar\u00eda de Inspecci\u00f3n de Educaci\u00f3n junto a la Inspectora  Elsa Capurro e invitados especiales.<\/p>\n<p>Pero quienes m\u00e1s emocionados estaban eran el intendente carlosSelva y su esposa la concejal  Cristina Arias debido a que dentro del proyecto de present\u00f3 en los Estados Unidos el equipo de Trabajo Argentino se encuentra el ingeniero  Juan Cruz Gallo, quien naci\u00f3 y reside en la actualidad en nuestra ciudad que es el esposo de una de las tres hijas del matrimonio Selva-Arias.<\/p>\n<p><a href=\"https:\/\/www.hoymercedes.com.ar\/principal\/wp-content\/uploads\/2011\/06\/Satelite-MercedesI.jpg\"><img loading=\"lazy\" decoding=\"async\" data-attachment-id=\"4905\" data-permalink=\"https:\/\/www.hoymercedes.com.ar\/principal\/2011\/06\/11\/selva-siguio-el-lanzamiento-del-satelite-argentino\/satelite-mercedesi\/#main\" data-orig-file=\"https:\/\/www.hoymercedes.com.ar\/principal\/wp-content\/uploads\/2011\/06\/Satelite-MercedesI.jpg\" data-orig-size=\"600,450\" data-comments-opened=\"1\" data-image-meta=\"{&quot;aperture&quot;:&quot;5.2&quot;,&quot;credit&quot;:&quot;&quot;,&quot;camera&quot;:&quot;COOLPIX L10&quot;,&quot;caption&quot;:&quot;&quot;,&quot;created_timestamp&quot;:&quot;1307515302&quot;,&quot;copyright&quot;:&quot;Copyright 2006&quot;,&quot;focal_length&quot;:&quot;18.6&quot;,&quot;iso&quot;:&quot;800&quot;,&quot;shutter_speed&quot;:&quot;0.016666666666667&quot;,&quot;title&quot;:&quot;&quot;}\" data-image-title=\"Satelite-MercedesI\" data-image-description=\"\" data-image-caption=\"\" data-large-file=\"https:\/\/www.hoymercedes.com.ar\/principal\/wp-content\/uploads\/2011\/06\/Satelite-MercedesI.jpg\" class=\"aligncenter size-full wp-image-4905\" title=\"Satelite-MercedesI\" src=\"https:\/\/www.hoymercedes.com.ar\/principal\/wp-content\/uploads\/2011\/06\/Satelite-MercedesI.jpg\" alt=\"\" width=\"600\" height=\"450\" srcset=\"https:\/\/www.hoymercedes.com.ar\/principal\/wp-content\/uploads\/2011\/06\/Satelite-MercedesI.jpg 600w, https:\/\/www.hoymercedes.com.ar\/principal\/wp-content\/uploads\/2011\/06\/Satelite-MercedesI-300x225.jpg 300w\" sizes=\"auto, (max-width: 600px) 100vw, 600px\" \/><\/a><\/p>\n<p>Selva precis\u00f3 luego de finalizada la emisi\u00f3n televisiva en el teatro \u201cdesde ya que como pienso que lo deben estar todos los Argentinos me siento con una emoci\u00f3n profunda al haber visto el lanzamiento que fue emitido a todo el pa\u00eds, a cada rinc\u00f3n, cada colegio por la televisi\u00f3n p\u00fablica y dese lo personal me reconocimiento a toda la ayuda que recibi\u00f3 el Ingeniero Juan Cruz Gallo de parte de su familia, por supuesto a mi hija Gisela que tiene que pasar llegara esta etapa a pasar un mont\u00f3n de horas familiares de capacitaci\u00f3n y trabajo especialmente en el exterior, concretamente en Francia que su esposo debi\u00f3 realizar para poder llegar a tener esta alegr\u00eda que nos dado a todos.<\/p>\n<p>Por esto estoy realmente muy feliz de poder ver junto a ella, mi nieto y mi se\u00f1ora este momento tan trascendental para todo el pa\u00eds y por otra parte tambi\u00e9n poder estar con los padres de Juan Cruz en este hecho tan fuerte para todos nosotros porque la tarea del esposo de mi hija es la de un t\u00e9cnico que se especializa en un tema especial y no hay tiempo para hacer tanta difusi\u00f3n medi\u00e1tica, por eso tal vez no son muchos los que conocen realmente cuales son las actividades que Juan Cruz Gallo realiza con muchas horas de trabajo ya sea en el IMBAD, como el C\u00f3rdoba, la CONAE y en cada uno de los lugares donde se trabajo para hacer realidad este sat\u00e9lite Argentino\u201d.<\/p>\n<p>&nbsp;<\/p>\n","protected":false},"excerpt":{"rendered":"<p>En el Teatro Intendente Julio C. Gioscio se pudo ver en directo y en pantalla gigantes dicho acontecimiento. Selva no &#8230; <a title=\"Selva sigui\u00f3 el lanzamiento del Sat\u00e9lite Argentino\" class=\"read-more\" href=\"https:\/\/www.hoymercedes.com.ar\/principal\/2011\/06\/11\/selva-siguio-el-lanzamiento-del-satelite-argentino\/\" aria-label=\"Leer m\u00e1s sobre Selva sigui\u00f3 el lanzamiento del Sat\u00e9lite Argentino\">Leer m\u00e1s<\/a><\/p>\n","protected":false},"author":1,"featured_media":0,"comment_status":"open","ping_status":"open","sticky":false,"template":"","format":"standard","meta":{"_monsterinsights_skip_tracking":false,"_monsterinsights_sitenote_active":false,"_monsterinsights_sitenote_note":"","_monsterinsights_sitenote_category":0,"jetpack_post_was_ever_published":false,"_jetpack_newsletter_access":"","_jetpack_dont_email_post_to_subs":false,"_jetpack_newsletter_tier_id":0,"_jetpack_memberships_contains_paywalled_content":false,"_jetpack_memberships_contains_paid_content":false,"footnotes":"","jetpack_publicize_message":"","jetpack_publicize_feature_enabled":true,"jetpack_social_post_already_shared":false,"jetpack_social_options":{"image_generator_settings":{"template":"highway","default_image_id":0,"font":"","enabled":false},"version":2},"_wpas_customize_per_network":false},"categories":[8],"tags":[893,18],"class_list":["post-4902","post","type-post","status-publish","format-standard","hentry","category-sociedad","tag-satelite","tag-selva","generate-columns","tablet-grid-50","mobile-grid-100","grid-parent","grid-50"],"jetpack_publicize_connections":[],"jetpack_featured_media_url":"","wps_subtitle":"","jetpack_sharing_enabled":true,"_links":{"self":[{"href":"https:\/\/www.hoymercedes.com.ar\/principal\/wp-json\/wp\/v2\/posts\/4902","targetHints":{"allow":["GET"]}}],"collection":[{"href":"https:\/\/www.hoymercedes.com.ar\/principal\/wp-json\/wp\/v2\/posts"}],"about":[{"href":"https:\/\/www.hoymercedes.com.ar\/principal\/wp-json\/wp\/v2\/types\/post"}],"author":[{"embeddable":true,"href":"https:\/\/www.hoymercedes.com.ar\/principal\/wp-json\/wp\/v2\/users\/1"}],"replies":[{"embeddable":true,"href":"https:\/\/www.hoymercedes.com.ar\/principal\/wp-json\/wp\/v2\/comments?post=4902"}],"version-history":[{"count":0,"href":"https:\/\/www.hoymercedes.com.ar\/principal\/wp-json\/wp\/v2\/posts\/4902\/revisions"}],"wp:attachment":[{"href":"https:\/\/www.hoymercedes.com.ar\/principal\/wp-json\/wp\/v2\/media?parent=4902"}],"wp:term":[{"taxonomy":"category","embeddable":true,"href":"https:\/\/www.hoymercedes.com.ar\/principal\/wp-json\/wp\/v2\/categories?post=4902"},{"taxonomy":"post_tag","embeddable":true,"href":"https:\/\/www.hoymercedes.com.ar\/principal\/wp-json\/wp\/v2\/tags?post=4902"}],"curies":[{"name":"wp","href":"https:\/\/api.w.org\/{rel}","templated":true}]}}