{"id":49027,"date":"2016-04-19T09:50:51","date_gmt":"2016-04-19T12:50:51","guid":{"rendered":"http:\/\/www.hoymercedes.com.ar\/principal\/?p=49027"},"modified":"2016-04-19T09:50:51","modified_gmt":"2016-04-19T12:50:51","slug":"arranca-otro-paro-de-48-horas-de-judiciales","status":"publish","type":"post","link":"https:\/\/www.hoymercedes.com.ar\/principal\/2016\/04\/19\/arranca-otro-paro-de-48-horas-de-judiciales\/","title":{"rendered":"Arranca otro paro de 48 horas de judiciales"},"content":{"rendered":"<p><img loading=\"lazy\" decoding=\"async\" data-attachment-id=\"49028\" data-permalink=\"https:\/\/www.hoymercedes.com.ar\/principal\/2016\/04\/19\/arranca-otro-paro-de-48-horas-de-judiciales\/judi\/#main\" data-orig-file=\"https:\/\/www.hoymercedes.com.ar\/principal\/wp-content\/uploads\/2016\/04\/judi.jpg\" data-orig-size=\"600,600\" data-comments-opened=\"1\" data-image-meta=\"{&quot;aperture&quot;:&quot;0&quot;,&quot;credit&quot;:&quot;&quot;,&quot;camera&quot;:&quot;&quot;,&quot;caption&quot;:&quot;&quot;,&quot;created_timestamp&quot;:&quot;0&quot;,&quot;copyright&quot;:&quot;&quot;,&quot;focal_length&quot;:&quot;0&quot;,&quot;iso&quot;:&quot;0&quot;,&quot;shutter_speed&quot;:&quot;0&quot;,&quot;title&quot;:&quot;&quot;,&quot;orientation&quot;:&quot;0&quot;}\" data-image-title=\"judi\" data-image-description=\"\" data-image-caption=\"\" data-large-file=\"https:\/\/www.hoymercedes.com.ar\/principal\/wp-content\/uploads\/2016\/04\/judi.jpg\" class=\"aligncenter size-full wp-image-49028\" src=\"https:\/\/www.hoymercedes.com.ar\/principal\/wp-content\/uploads\/2016\/04\/judi.jpg\" alt=\"judi\" width=\"600\" height=\"600\" srcset=\"https:\/\/www.hoymercedes.com.ar\/principal\/wp-content\/uploads\/2016\/04\/judi.jpg 600w, https:\/\/www.hoymercedes.com.ar\/principal\/wp-content\/uploads\/2016\/04\/judi-150x150.jpg 150w\" sizes=\"auto, (max-width: 600px) 100vw, 600px\" \/>Los judiciales volver\u00e1n a parar dos d\u00edas esta semana, desde hoy martes. La medida incluye una movilizaci\u00f3n a la Ciudad de Buenos Aires, en unidad con ATE y otros sectores de trabajadores en conflicto y ma\u00f1ana mi\u00e9rcoles habr\u00e1 paro total de actividades.<\/p>\n<p>La medida, tomada en base a lo debatido en las asambleas realizadas durante la semana, responde a la actitud del gobierno provincial de congelar las negociaciones abiertas a fines de marzo.<\/p>\n<p>El conflicto en el Poder Judicial -que ya inicia su tercer mes-, contin\u00faa luego de una semana en que la AJB protagoniz\u00f3 un contundente paro de 48\u00a0horas. En el marco del mismo, se volvieron a movilizar m\u00e1s de 2500 judiciales a la ciudad de La Plata el pasado jueves.<\/p>\n<p>La propuesta salarial desarrollada por el Ejecutivo la semana pasada (del 16,7% para el primer semestre), se consider\u00f3 \u00a0insuficiente para hacer frente a la depreciaci\u00f3n del salario de los judiciales producida desde el cierre de la \u00faltima paritaria, superior al 36%.<\/p>\n<p>\u201cNi siquiera desde la perspectiva equivocada del gobierno \u2013que pretende atar el incremento salarial a la evoluci\u00f3n de la inflaci\u00f3n durante 2016- el aumento es suficiente. El 16,7% propuesto para el primer semestre no llega a cubrir la inflaci\u00f3n de los primeros cuatro meses de este a\u00f1o, y es uno de los aumentos salariales semestrales m\u00e1s bajos del pa\u00eds\u201d, expres\u00f3 Pablo Abramovich, titular de la AJB.<\/p>\n","protected":false},"excerpt":{"rendered":"<p>Los judiciales volver\u00e1n a parar dos d\u00edas esta semana, desde hoy martes. La medida incluye una movilizaci\u00f3n a la Ciudad &#8230; <a title=\"Arranca otro paro de 48 horas de judiciales\" class=\"read-more\" href=\"https:\/\/www.hoymercedes.com.ar\/principal\/2016\/04\/19\/arranca-otro-paro-de-48-horas-de-judiciales\/\" aria-label=\"Leer m\u00e1s sobre Arranca otro paro de 48 horas de judiciales\">Leer m\u00e1s<\/a><\/p>\n","protected":false},"author":1,"featured_media":49028,"comment_status":"open","ping_status":"open","sticky":false,"template":"","format":"standard","meta":{"_monsterinsights_skip_tracking":false,"_monsterinsights_sitenote_active":false,"_monsterinsights_sitenote_note":"","_monsterinsights_sitenote_category":0,"jetpack_post_was_ever_published":false,"_jetpack_newsletter_access":"","_jetpack_dont_email_post_to_subs":false,"_jetpack_newsletter_tier_id":0,"_jetpack_memberships_contains_paywalled_content":false,"_jetpack_memberships_contains_paid_content":false,"footnotes":"","jetpack_publicize_message":"","jetpack_publicize_feature_enabled":true,"jetpack_social_post_already_shared":true,"jetpack_social_options":{"image_generator_settings":{"template":"highway","default_image_id":0,"font":"","enabled":false},"version":2},"_wpas_customize_per_network":false},"categories":[8],"tags":[95,9027,523,524],"class_list":["post-49027","post","type-post","status-publish","format-standard","has-post-thumbnail","hentry","category-sociedad","tag-ajb","tag-gobierno-provincial","tag-judiciales","tag-paro","generate-columns","tablet-grid-50","mobile-grid-100","grid-parent","grid-50"],"jetpack_publicize_connections":[],"jetpack_featured_media_url":"https:\/\/www.hoymercedes.com.ar\/principal\/wp-content\/uploads\/2016\/04\/judi.jpg","wps_subtitle":"Hoy se movilizan junto a otros sectores","jetpack_sharing_enabled":true,"_links":{"self":[{"href":"https:\/\/www.hoymercedes.com.ar\/principal\/wp-json\/wp\/v2\/posts\/49027","targetHints":{"allow":["GET"]}}],"collection":[{"href":"https:\/\/www.hoymercedes.com.ar\/principal\/wp-json\/wp\/v2\/posts"}],"about":[{"href":"https:\/\/www.hoymercedes.com.ar\/principal\/wp-json\/wp\/v2\/types\/post"}],"author":[{"embeddable":true,"href":"https:\/\/www.hoymercedes.com.ar\/principal\/wp-json\/wp\/v2\/users\/1"}],"replies":[{"embeddable":true,"href":"https:\/\/www.hoymercedes.com.ar\/principal\/wp-json\/wp\/v2\/comments?post=49027"}],"version-history":[{"count":0,"href":"https:\/\/www.hoymercedes.com.ar\/principal\/wp-json\/wp\/v2\/posts\/49027\/revisions"}],"wp:featuredmedia":[{"embeddable":true,"href":"https:\/\/www.hoymercedes.com.ar\/principal\/wp-json\/wp\/v2\/media\/49028"}],"wp:attachment":[{"href":"https:\/\/www.hoymercedes.com.ar\/principal\/wp-json\/wp\/v2\/media?parent=49027"}],"wp:term":[{"taxonomy":"category","embeddable":true,"href":"https:\/\/www.hoymercedes.com.ar\/principal\/wp-json\/wp\/v2\/categories?post=49027"},{"taxonomy":"post_tag","embeddable":true,"href":"https:\/\/www.hoymercedes.com.ar\/principal\/wp-json\/wp\/v2\/tags?post=49027"}],"curies":[{"name":"wp","href":"https:\/\/api.w.org\/{rel}","templated":true}]}}