{"id":49033,"date":"2016-04-19T11:04:59","date_gmt":"2016-04-19T14:04:59","guid":{"rendered":"http:\/\/www.hoymercedes.com.ar\/principal\/?p=49033"},"modified":"2016-04-19T10:12:13","modified_gmt":"2016-04-19T13:12:13","slug":"preocupan-robos-en-viviendas-cercanas-a-las-rutas","status":"publish","type":"post","link":"https:\/\/www.hoymercedes.com.ar\/principal\/2016\/04\/19\/preocupan-robos-en-viviendas-cercanas-a-las-rutas\/","title":{"rendered":"Preocupan robos en viviendas cercanas a las rutas"},"content":{"rendered":"<p><img loading=\"lazy\" decoding=\"async\" data-attachment-id=\"49034\" data-permalink=\"https:\/\/www.hoymercedes.com.ar\/principal\/2016\/04\/19\/preocupan-robos-en-viviendas-cercanas-a-las-rutas\/poli-4\/#main\" data-orig-file=\"https:\/\/www.hoymercedes.com.ar\/principal\/wp-content\/uploads\/2016\/04\/poli-1.jpg\" data-orig-size=\"600,340\" data-comments-opened=\"1\" data-image-meta=\"{&quot;aperture&quot;:&quot;0&quot;,&quot;credit&quot;:&quot;&quot;,&quot;camera&quot;:&quot;&quot;,&quot;caption&quot;:&quot;&quot;,&quot;created_timestamp&quot;:&quot;0&quot;,&quot;copyright&quot;:&quot;&quot;,&quot;focal_length&quot;:&quot;0&quot;,&quot;iso&quot;:&quot;0&quot;,&quot;shutter_speed&quot;:&quot;0&quot;,&quot;title&quot;:&quot;&quot;,&quot;orientation&quot;:&quot;0&quot;}\" data-image-title=\"poli\" data-image-description=\"\" data-image-caption=\"\" data-large-file=\"https:\/\/www.hoymercedes.com.ar\/principal\/wp-content\/uploads\/2016\/04\/poli-1.jpg\" class=\"aligncenter size-full wp-image-49034\" src=\"https:\/\/www.hoymercedes.com.ar\/principal\/wp-content\/uploads\/2016\/04\/poli-1.jpg\" alt=\"poli\" width=\"600\" height=\"340\" srcset=\"https:\/\/www.hoymercedes.com.ar\/principal\/wp-content\/uploads\/2016\/04\/poli-1.jpg 600w, https:\/\/www.hoymercedes.com.ar\/principal\/wp-content\/uploads\/2016\/04\/poli-1-150x85.jpg 150w\" sizes=\"auto, (max-width: 600px) 100vw, 600px\" \/>Ser\u00edan al menos cinco hechos que ocurrieron en nuestra ciudad en lo que va del a\u00f1o que podr\u00edan estar vinculados por las similitudes en el modus operandi de los malvivientes. Los ladrones llegan, se encargan de\u00a0reducir a los ocupantes, recorren el lugar en busca de dinero y electrodom\u00e9sticos y se dan\u00a0a la fuga.<\/p>\n<p>El s\u00e1bado 2 de abril, en horas de la noche, un matrimonio fue tomado por sorpresa por un grupo de malvivientes que los maniataron y le sustrajeron dinero y elementos de valor.\u00a0Fue en\u00a0una vivienda que se encuentra en ruta provincial N\u00ba 41 a la altura del kil\u00f3metro 239, propiedad de la familia Rossello.<\/p>\n<p>Al s\u00e1bado siguiente -9 de abril- nuevamente tres personas, algunas de las cuales portaban armas de fuego, ingresaron a una vivienda ubicada en ruta nacional N\u00ba 5 a la altura del kil\u00f3metro 107, donde reside la familia Llamosas. Ocurri\u00f3 cerca de las 21 horas, y la modalidad fue la misma. Del lugar se llevaron varios elementos de valor y una suma de dinero que no se pudo precisar.<\/p>\n<p>En tanto, este martes, pero en horas de la tarde, nuevamente un grupo de sujetos ingresaron a una vivienda pasando Tom\u00e1s Jofr\u00e9, por ruta provincial N\u00ba 42 \u2013frente a un reconocido spa \u2013 en momentos en que la misma se encontraba desocupada. Desafortunadamente, mientras ocurr\u00eda el atraco la familia regres\u00f3 y fueron intimidados y reducidos con precintos en una habitaci\u00f3n. Nuevamente los ladrones se hicieron de algunos electrodom\u00e9sticos y en este caso se llevaron la camioneta en la que se movilizaba la familia. Incluso trascendi\u00f3 que se habr\u00edan llevado armas del lugar.<\/p>\n<p>&nbsp;<\/p>\n<p>Otro de los hechos ocurri\u00f3 a mediados del mes de marzo, en ruta nacional N\u00ba 5, y el\u00a0restante a principio de a\u00f1o, tambi\u00e9n sobre ruta provincial N\u00ba 41 donde el morador de una quinta fue asaltado por hombres que actuaron con similares caracter\u00edsticas.<\/p>\n<p>Los\u00a0casos por \u201cRobo calificado por el uso de arma de fuego, en poblado y en banda\u201d \u00a0tramitan por ante la UFI N\u00ba 7.<\/p>\n<p>&nbsp;<\/p>\n<p>&nbsp;<\/p>\n","protected":false},"excerpt":{"rendered":"<p>Ser\u00edan al menos cinco hechos que ocurrieron en nuestra ciudad en lo que va del a\u00f1o que podr\u00edan estar vinculados &#8230; <a title=\"Preocupan robos en viviendas cercanas a las rutas\" class=\"read-more\" href=\"https:\/\/www.hoymercedes.com.ar\/principal\/2016\/04\/19\/preocupan-robos-en-viviendas-cercanas-a-las-rutas\/\" aria-label=\"Leer m\u00e1s sobre Preocupan robos en viviendas cercanas a las rutas\">Leer m\u00e1s<\/a><\/p>\n","protected":false},"author":1,"featured_media":49034,"comment_status":"open","ping_status":"open","sticky":false,"template":"","format":"standard","meta":{"_monsterinsights_skip_tracking":false,"_monsterinsights_sitenote_active":false,"_monsterinsights_sitenote_note":"","_monsterinsights_sitenote_category":0,"jetpack_post_was_ever_published":false,"_jetpack_newsletter_access":"","_jetpack_dont_email_post_to_subs":false,"_jetpack_newsletter_tier_id":0,"_jetpack_memberships_contains_paywalled_content":false,"_jetpack_memberships_contains_paid_content":false,"footnotes":"","jetpack_publicize_message":"","jetpack_publicize_feature_enabled":true,"jetpack_social_post_already_shared":true,"jetpack_social_options":{"image_generator_settings":{"template":"highway","default_image_id":0,"font":"","enabled":false},"version":2},"_wpas_customize_per_network":false},"categories":[85],"tags":[7536,1793,4211,9028],"class_list":["post-49033","post","type-post","status-publish","format-standard","has-post-thumbnail","hentry","category-policial","tag-banda","tag-robos","tag-ruta","tag-zona-rural","generate-columns","tablet-grid-50","mobile-grid-100","grid-parent","grid-50"],"jetpack_publicize_connections":[],"jetpack_featured_media_url":"https:\/\/www.hoymercedes.com.ar\/principal\/wp-content\/uploads\/2016\/04\/poli-1.jpg","wps_subtitle":"Podr\u00eda ser una misma banda","jetpack_sharing_enabled":true,"_links":{"self":[{"href":"https:\/\/www.hoymercedes.com.ar\/principal\/wp-json\/wp\/v2\/posts\/49033","targetHints":{"allow":["GET"]}}],"collection":[{"href":"https:\/\/www.hoymercedes.com.ar\/principal\/wp-json\/wp\/v2\/posts"}],"about":[{"href":"https:\/\/www.hoymercedes.com.ar\/principal\/wp-json\/wp\/v2\/types\/post"}],"author":[{"embeddable":true,"href":"https:\/\/www.hoymercedes.com.ar\/principal\/wp-json\/wp\/v2\/users\/1"}],"replies":[{"embeddable":true,"href":"https:\/\/www.hoymercedes.com.ar\/principal\/wp-json\/wp\/v2\/comments?post=49033"}],"version-history":[{"count":0,"href":"https:\/\/www.hoymercedes.com.ar\/principal\/wp-json\/wp\/v2\/posts\/49033\/revisions"}],"wp:featuredmedia":[{"embeddable":true,"href":"https:\/\/www.hoymercedes.com.ar\/principal\/wp-json\/wp\/v2\/media\/49034"}],"wp:attachment":[{"href":"https:\/\/www.hoymercedes.com.ar\/principal\/wp-json\/wp\/v2\/media?parent=49033"}],"wp:term":[{"taxonomy":"category","embeddable":true,"href":"https:\/\/www.hoymercedes.com.ar\/principal\/wp-json\/wp\/v2\/categories?post=49033"},{"taxonomy":"post_tag","embeddable":true,"href":"https:\/\/www.hoymercedes.com.ar\/principal\/wp-json\/wp\/v2\/tags?post=49033"}],"curies":[{"name":"wp","href":"https:\/\/api.w.org\/{rel}","templated":true}]}}