{"id":4907,"date":"2011-06-11T03:50:06","date_gmt":"2011-06-11T03:50:06","guid":{"rendered":"http:\/\/www.hoymercedes.com.ar\/principal\/?p=4907"},"modified":"2011-06-11T03:52:03","modified_gmt":"2011-06-11T03:52:03","slug":"olimpiadas-regionales-intercarcelarias-sede-unidad-5-mercedes","status":"publish","type":"post","link":"https:\/\/www.hoymercedes.com.ar\/principal\/2011\/06\/11\/olimpiadas-regionales-intercarcelarias-sede-unidad-5-mercedes\/","title":{"rendered":"Olimp\u00edadas Regionales Intercarcelarias Sede Unidad 5 Mercedes"},"content":{"rendered":"<figure id=\"attachment_4910\" aria-describedby=\"caption-attachment-4910\" style=\"width: 290px\" class=\"wp-caption alignleft\"><a href=\"https:\/\/www.hoymercedes.com.ar\/principal\/wp-content\/uploads\/2011\/06\/u5futbolfemenino.jpg\"><img loading=\"lazy\" decoding=\"async\" data-attachment-id=\"4910\" data-permalink=\"https:\/\/www.hoymercedes.com.ar\/principal\/2011\/06\/11\/olimpiadas-regionales-intercarcelarias-sede-unidad-5-mercedes\/u5futbolfemenino\/#main\" data-orig-file=\"https:\/\/www.hoymercedes.com.ar\/principal\/wp-content\/uploads\/2011\/06\/u5futbolfemenino.jpg\" data-orig-size=\"300,225\" data-comments-opened=\"1\" data-image-meta=\"{&quot;aperture&quot;:&quot;4&quot;,&quot;credit&quot;:&quot;&quot;,&quot;camera&quot;:&quot;KODAK EASYSHARE V1003 ZOOM DIGITAL CAMERA&quot;,&quot;caption&quot;:&quot;&quot;,&quot;created_timestamp&quot;:&quot;1260844711&quot;,&quot;copyright&quot;:&quot;&quot;,&quot;focal_length&quot;:&quot;14.1&quot;,&quot;iso&quot;:&quot;200&quot;,&quot;shutter_speed&quot;:&quot;0.0125&quot;,&quot;title&quot;:&quot;&quot;}\" data-image-title=\"u5futbolfemenino\" data-image-description=\"\" data-image-caption=\"&lt;p&gt;Unidad 5 &amp;#8211; F\u00fatbol femenino&lt;\/p&gt;\n\" data-large-file=\"https:\/\/www.hoymercedes.com.ar\/principal\/wp-content\/uploads\/2011\/06\/u5futbolfemenino.jpg\" class=\"size-full wp-image-4910\" title=\"u5futbolfemenino\" src=\"https:\/\/www.hoymercedes.com.ar\/principal\/wp-content\/uploads\/2011\/06\/u5futbolfemenino.jpg\" alt=\"\" width=\"300\" height=\"225\" \/><\/a><figcaption id=\"caption-attachment-4910\" class=\"wp-caption-text\">Unidad 5 - F\u00fatbol femenino<\/figcaption><\/figure>\n<p>Este mes comenzaron a desarrollarse las Olimpiadas Regionales Intercarcelarias en todas las Unidad Penitenciaria de la Provincia y por primera vez la integran tambi\u00e9n equipo femeninos, con la finalidad de fomentar la actividad f\u00edsica y el deporte como herramientas para mejorar las relaciones interpersonales de los detenidos.<\/p>\n<p>En una primera etapa se enfrentaron por el Complejo Penitenciario Norte, los anexos femeninos (en F\u00fatbol 5) de las Unidades N\u00ba 5 de Mercedes  y 3 de San Nicolas, en la cancha ubicadas en el SUM de la Unidad 5.<\/p>\n<p>Desde la organizaci\u00f3n se plante\u00f3 que los equipos estuvieran conformados por siete jugadores de los cuales entraran al campo de juego cuatro y el arquero, quedando dos suplentes.<\/p>\n<p>Con grandes expectativa llegaron los equipos al encuentro para luego disputar un partido de jugadas r\u00e1pidas y muchas jugadas preparadas. El equipo mercedino goleo a su rival, pero todo termino en una comida en grupo de todas las participantes. Ahora se enfrentaran en la ciudad de La Plata a las ganadoras de otros Complejo Penitenciarios.<\/p>\n<p>Los profesores de Educaci\u00f3n F\u00edsica de la Unidad 5 Sergio Mosca, Ramiro Cardenas y Diego Mole, junto a profesora Gisela Ghignone que desinteresadamente colaboradora dando clases a las internas fueron y la profesora Laura Cordijo de la Unidad 3 de San Nicol\u00e1s fueron los acompa\u00f1antes y  los  organizadores en esta instancia deportiva.<\/p>\n<p>El Coordinador de Educaci\u00f3n y Deportes del Complejo Penitenciario Zona Norte Profesor Juan Jos\u00e9 Paz, el cual cumple pronto 30 a\u00f1os de trabajo, siendo el primer profesor de educaci\u00f3n f\u00edsica en empezar a darles deportes a los internos en la Unidad de Jun\u00edn, expres\u00f3 \u201cel deporte dentro de las  c\u00e1rceles ha empezado desde hace unos a\u00f1os a tomar la relevancia e importancia que tiene como medio social para las personas, y la inclusi\u00f3n por primera vez de la mujer en estas olimpiadas a nivel provincial es una excelente decisi\u00f3n \u201d. En tanto nos contaba que en todo las Unidades del Complejo Norte (incluye las 3 unidades de Jun\u00edn, la de San Nicol\u00e1s, Mercedes, y Baradero) trabajan 10 profesores de Educaci\u00f3n F\u00edsica, y en todas las Unidad es se practica \u2013seg\u00fan la caracter\u00edstica edilicia de cada una de las Unidades- f\u00fatbol, tenis criollo, algunas pruebas de atletismo, y en Jun\u00edn comenzaron con un proyecto de rugby.<\/p>\n<p><span style=\"color: #888888;\">Fuente: Unidad 5<\/span><\/p>\n<p>&nbsp;<\/p>\n","protected":false},"excerpt":{"rendered":"<p>Este mes comenzaron a desarrollarse las Olimpiadas Regionales Intercarcelarias en todas las Unidad Penitenciaria de la Provincia y por primera &#8230; <a title=\"Olimp\u00edadas Regionales Intercarcelarias Sede Unidad 5 Mercedes\" class=\"read-more\" href=\"https:\/\/www.hoymercedes.com.ar\/principal\/2011\/06\/11\/olimpiadas-regionales-intercarcelarias-sede-unidad-5-mercedes\/\" aria-label=\"Leer m\u00e1s sobre Olimp\u00edadas Regionales Intercarcelarias Sede Unidad 5 Mercedes\">Leer m\u00e1s<\/a><\/p>\n","protected":false},"author":1,"featured_media":0,"comment_status":"open","ping_status":"open","sticky":false,"template":"","format":"standard","meta":{"_monsterinsights_skip_tracking":false,"_monsterinsights_sitenote_active":false,"_monsterinsights_sitenote_note":"","_monsterinsights_sitenote_category":0,"jetpack_post_was_ever_published":false,"_jetpack_newsletter_access":"","_jetpack_dont_email_post_to_subs":false,"_jetpack_newsletter_tier_id":0,"_jetpack_memberships_contains_paywalled_content":false,"_jetpack_memberships_contains_paid_content":false,"footnotes":"","jetpack_publicize_message":"","jetpack_publicize_feature_enabled":true,"jetpack_social_post_already_shared":false,"jetpack_social_options":{"image_generator_settings":{"template":"highway","default_image_id":0,"font":"","enabled":false},"version":2},"_wpas_customize_per_network":false},"categories":[8],"tags":[895,894,113],"class_list":["post-4907","post","type-post","status-publish","format-standard","hentry","category-sociedad","tag-futbol-femenino","tag-futbol-femenino-unidad-5","tag-unidad-5","generate-columns","tablet-grid-50","mobile-grid-100","grid-parent","grid-50"],"jetpack_publicize_connections":[],"jetpack_featured_media_url":"","wps_subtitle":"","jetpack_sharing_enabled":true,"_links":{"self":[{"href":"https:\/\/www.hoymercedes.com.ar\/principal\/wp-json\/wp\/v2\/posts\/4907","targetHints":{"allow":["GET"]}}],"collection":[{"href":"https:\/\/www.hoymercedes.com.ar\/principal\/wp-json\/wp\/v2\/posts"}],"about":[{"href":"https:\/\/www.hoymercedes.com.ar\/principal\/wp-json\/wp\/v2\/types\/post"}],"author":[{"embeddable":true,"href":"https:\/\/www.hoymercedes.com.ar\/principal\/wp-json\/wp\/v2\/users\/1"}],"replies":[{"embeddable":true,"href":"https:\/\/www.hoymercedes.com.ar\/principal\/wp-json\/wp\/v2\/comments?post=4907"}],"version-history":[{"count":0,"href":"https:\/\/www.hoymercedes.com.ar\/principal\/wp-json\/wp\/v2\/posts\/4907\/revisions"}],"wp:attachment":[{"href":"https:\/\/www.hoymercedes.com.ar\/principal\/wp-json\/wp\/v2\/media?parent=4907"}],"wp:term":[{"taxonomy":"category","embeddable":true,"href":"https:\/\/www.hoymercedes.com.ar\/principal\/wp-json\/wp\/v2\/categories?post=4907"},{"taxonomy":"post_tag","embeddable":true,"href":"https:\/\/www.hoymercedes.com.ar\/principal\/wp-json\/wp\/v2\/tags?post=4907"}],"curies":[{"name":"wp","href":"https:\/\/api.w.org\/{rel}","templated":true}]}}