{"id":49103,"date":"2016-04-20T19:48:13","date_gmt":"2016-04-20T22:48:13","guid":{"rendered":"http:\/\/www.hoymercedes.com.ar\/principal\/?p=49103"},"modified":"2016-04-20T19:48:13","modified_gmt":"2016-04-20T22:48:13","slug":"inicio-de-los-encuentros-con-la-hermana-estela","status":"publish","type":"post","link":"https:\/\/www.hoymercedes.com.ar\/principal\/2016\/04\/20\/inicio-de-los-encuentros-con-la-hermana-estela\/","title":{"rendered":"Inicio de los encuentros con la Hermana Estela"},"content":{"rendered":"<p>&nbsp;<\/p>\n<p><img loading=\"lazy\" decoding=\"async\" data-attachment-id=\"49104\" data-permalink=\"https:\/\/www.hoymercedes.com.ar\/principal\/2016\/04\/20\/inicio-de-los-encuentros-con-la-hermana-estela\/20-curso-hna-estela\/#main\" data-orig-file=\"https:\/\/www.hoymercedes.com.ar\/principal\/wp-content\/uploads\/2016\/04\/20-curso-Hna-Estela.jpg\" data-orig-size=\"448,208\" data-comments-opened=\"1\" data-image-meta=\"{&quot;aperture&quot;:&quot;0&quot;,&quot;credit&quot;:&quot;&quot;,&quot;camera&quot;:&quot;&quot;,&quot;caption&quot;:&quot;&quot;,&quot;created_timestamp&quot;:&quot;0&quot;,&quot;copyright&quot;:&quot;&quot;,&quot;focal_length&quot;:&quot;0&quot;,&quot;iso&quot;:&quot;0&quot;,&quot;shutter_speed&quot;:&quot;0&quot;,&quot;title&quot;:&quot;&quot;,&quot;orientation&quot;:&quot;0&quot;}\" data-image-title=\"20 curso Hna Estela\" data-image-description=\"\" data-image-caption=\"\" data-large-file=\"https:\/\/www.hoymercedes.com.ar\/principal\/wp-content\/uploads\/2016\/04\/20-curso-Hna-Estela.jpg\" class=\"aligncenter size-full wp-image-49104\" src=\"https:\/\/www.hoymercedes.com.ar\/principal\/wp-content\/uploads\/2016\/04\/20-curso-Hna-Estela.jpg\" alt=\"20 curso Hna Estela\" width=\"448\" height=\"208\" srcset=\"https:\/\/www.hoymercedes.com.ar\/principal\/wp-content\/uploads\/2016\/04\/20-curso-Hna-Estela.jpg 448w, https:\/\/www.hoymercedes.com.ar\/principal\/wp-content\/uploads\/2016\/04\/20-curso-Hna-Estela-150x70.jpg 150w\" sizes=\"auto, (max-width: 448px) 100vw, 448px\" \/>Comenz\u00f3 el ciclo de encuentros que dicta la Hermana Antoniana Estela Buet, Agente de la Pastoral Carcelaria Argentina, acompa\u00f1ada para la apertura por el Subdirector de Asistencia y Tratamiento Fernando Gonz\u00e1lez Guemes, y personal de la Unidad.<\/p>\n<p>Los mismos se dan una vez por semana, para los internos que deseen inscribirse, teniendo en \u00e9ste caso una matricula de 45 personas, y la misi\u00f3n del curso, es que todos tengan una mejor comprensi\u00f3n de la Biblia, desde un estudio sistem\u00e1tico y con fundamentaci\u00f3n de la tem\u00e1tica.<\/p>\n<p>Este seminario es ecum\u00e9nico, esto quiere decir que pueden asistir todos los internos interesados en leer la Biblia, con libertad de credo, ya que no est\u00e1 destinado solo para los participantes del culto cat\u00f3lico, aunque en su mayor\u00eda lo son.<\/p>\n<p>Las principales actividades son la lectura de la Biblia y relacionarlos con la actualidad, y contextualizarla con valores \u00e9ticos. Tambi\u00e9n tienen \u00a0jornadas con debates que llegan a ser sumamente enriquecedores,\u00a0 ya que como explico la Hermana Estela, la Iglesia es comunidad y asamblea permanente, por ello los di\u00e1logos.<\/p>\n<p>Al finalizar el a\u00f1o, se lleva adelante entrega de certificados de asistencia, se les\u00a0 regala una Biblia, y \u00a0se hace una jornada recreativa.<\/p>\n<p>La ayuda espiritual, emocional y an\u00edmica, en este caso brindada por el acompa\u00f1amiento religioso que da la Iglesia a trav\u00e9s de la\u00a0 Hermana Estela \u00a0es muy valorada por la poblaci\u00f3n carcelaria y por las autoridades de la Unidad.<\/p>\n<p>&nbsp;<\/p>\n<p>Fuente;: Prensa Unidad 5<\/p>\n","protected":false},"excerpt":{"rendered":"<p>&nbsp; Comenz\u00f3 el ciclo de encuentros que dicta la Hermana Antoniana Estela Buet, Agente de la Pastoral Carcelaria Argentina, acompa\u00f1ada &#8230; <a title=\"Inicio de los encuentros con la Hermana Estela\" class=\"read-more\" href=\"https:\/\/www.hoymercedes.com.ar\/principal\/2016\/04\/20\/inicio-de-los-encuentros-con-la-hermana-estela\/\" aria-label=\"Leer m\u00e1s sobre Inicio de los encuentros con la Hermana Estela\">Leer m\u00e1s<\/a><\/p>\n","protected":false},"author":1,"featured_media":49104,"comment_status":"open","ping_status":"open","sticky":false,"template":"","format":"standard","meta":{"_monsterinsights_skip_tracking":false,"_monsterinsights_sitenote_active":false,"_monsterinsights_sitenote_note":"","_monsterinsights_sitenote_category":0,"jetpack_post_was_ever_published":false,"_jetpack_newsletter_access":"","_jetpack_dont_email_post_to_subs":false,"_jetpack_newsletter_tier_id":0,"_jetpack_memberships_contains_paywalled_content":false,"_jetpack_memberships_contains_paid_content":false,"footnotes":"","jetpack_publicize_message":"","jetpack_publicize_feature_enabled":true,"jetpack_social_post_already_shared":true,"jetpack_social_options":{"image_generator_settings":{"template":"highway","default_image_id":0,"font":"","enabled":false},"version":2},"_wpas_customize_per_network":false},"categories":[8],"tags":[6994,7802,9041],"class_list":["post-49103","post","type-post","status-publish","format-standard","has-post-thumbnail","hentry","category-sociedad","tag-hermana-estela-buet","tag-sociedad","tag-unidad-no-5","generate-columns","tablet-grid-50","mobile-grid-100","grid-parent","grid-50"],"jetpack_publicize_connections":[],"jetpack_featured_media_url":"https:\/\/www.hoymercedes.com.ar\/principal\/wp-content\/uploads\/2016\/04\/20-curso-Hna-Estela.jpg","wps_subtitle":"Curso b\u00edblico ecum\u00e9nico elemental","jetpack_sharing_enabled":true,"_links":{"self":[{"href":"https:\/\/www.hoymercedes.com.ar\/principal\/wp-json\/wp\/v2\/posts\/49103","targetHints":{"allow":["GET"]}}],"collection":[{"href":"https:\/\/www.hoymercedes.com.ar\/principal\/wp-json\/wp\/v2\/posts"}],"about":[{"href":"https:\/\/www.hoymercedes.com.ar\/principal\/wp-json\/wp\/v2\/types\/post"}],"author":[{"embeddable":true,"href":"https:\/\/www.hoymercedes.com.ar\/principal\/wp-json\/wp\/v2\/users\/1"}],"replies":[{"embeddable":true,"href":"https:\/\/www.hoymercedes.com.ar\/principal\/wp-json\/wp\/v2\/comments?post=49103"}],"version-history":[{"count":0,"href":"https:\/\/www.hoymercedes.com.ar\/principal\/wp-json\/wp\/v2\/posts\/49103\/revisions"}],"wp:featuredmedia":[{"embeddable":true,"href":"https:\/\/www.hoymercedes.com.ar\/principal\/wp-json\/wp\/v2\/media\/49104"}],"wp:attachment":[{"href":"https:\/\/www.hoymercedes.com.ar\/principal\/wp-json\/wp\/v2\/media?parent=49103"}],"wp:term":[{"taxonomy":"category","embeddable":true,"href":"https:\/\/www.hoymercedes.com.ar\/principal\/wp-json\/wp\/v2\/categories?post=49103"},{"taxonomy":"post_tag","embeddable":true,"href":"https:\/\/www.hoymercedes.com.ar\/principal\/wp-json\/wp\/v2\/tags?post=49103"}],"curies":[{"name":"wp","href":"https:\/\/api.w.org\/{rel}","templated":true}]}}