{"id":49110,"date":"2016-04-20T23:54:40","date_gmt":"2016-04-21T02:54:40","guid":{"rendered":"http:\/\/www.hoymercedes.com.ar\/principal\/?p=49110"},"modified":"2016-04-20T23:54:40","modified_gmt":"2016-04-21T02:54:40","slug":"relanzan-foro-comunitario-de-seguridad-con-propuestas-para-el-trabajo-en-sociedad","status":"publish","type":"post","link":"https:\/\/www.hoymercedes.com.ar\/principal\/2016\/04\/20\/relanzan-foro-comunitario-de-seguridad-con-propuestas-para-el-trabajo-en-sociedad\/","title":{"rendered":"Relanzan\u00a0Foro Comunitario de Seguridad con propuestas para el trabajo en sociedad"},"content":{"rendered":"<figure id=\"attachment_49111\" aria-describedby=\"caption-attachment-49111\" style=\"width: 610px\" class=\"wp-caption aligncenter\"><img loading=\"lazy\" decoding=\"async\" data-attachment-id=\"49111\" data-permalink=\"https:\/\/www.hoymercedes.com.ar\/principal\/2016\/04\/20\/relanzan-foro-comunitario-de-seguridad-con-propuestas-para-el-trabajo-en-sociedad\/dsc_0910\/#main\" data-orig-file=\"https:\/\/www.hoymercedes.com.ar\/principal\/wp-content\/uploads\/2016\/04\/DSC_0910.jpg\" data-orig-size=\"620,412\" data-comments-opened=\"1\" data-image-meta=\"{&quot;aperture&quot;:&quot;0&quot;,&quot;credit&quot;:&quot;&quot;,&quot;camera&quot;:&quot;&quot;,&quot;caption&quot;:&quot;&quot;,&quot;created_timestamp&quot;:&quot;0&quot;,&quot;copyright&quot;:&quot;&quot;,&quot;focal_length&quot;:&quot;0&quot;,&quot;iso&quot;:&quot;0&quot;,&quot;shutter_speed&quot;:&quot;0&quot;,&quot;title&quot;:&quot;&quot;,&quot;orientation&quot;:&quot;0&quot;}\" data-image-title=\"Foro Comunitario de Seguridad\" data-image-description=\"\" data-image-caption=\"\" data-large-file=\"https:\/\/www.hoymercedes.com.ar\/principal\/wp-content\/uploads\/2016\/04\/DSC_0910.jpg\" class=\"wp-image-49111 size-full\" src=\"https:\/\/www.hoymercedes.com.ar\/principal\/wp-content\/uploads\/2016\/04\/DSC_0910.jpg\" alt=\"Foro Comunitario de Seguridad\" width=\"620\" height=\"412\" srcset=\"https:\/\/www.hoymercedes.com.ar\/principal\/wp-content\/uploads\/2016\/04\/DSC_0910.jpg 620w, https:\/\/www.hoymercedes.com.ar\/principal\/wp-content\/uploads\/2016\/04\/DSC_0910-150x100.jpg 150w, https:\/\/www.hoymercedes.com.ar\/principal\/wp-content\/uploads\/2016\/04\/DSC_0910-300x200.jpg 300w\" sizes=\"auto, (max-width: 620px) 100vw, 620px\" \/><figcaption id=\"caption-attachment-49111\" class=\"wp-caption-text\">Relanzan el Foro Comunitario de Seguridad<\/figcaption><\/figure>\n<p><em><strong>Encabezado por el Intendente Juan Ustarroz, la Secretaria de Control Urbano Jorgelina Kelly y el Director de Control Urbano, Esteban Rossi, se llev\u00f3 a cabo el relanzamiento del Foro Comunitario de Seguridad en Mercedes en el \u00e1mbito del Teatro Argentino.<\/strong><\/em><\/p>\n<p>En la convocatoria participaron referentes barriales, representantes institucionales, vecinos, funcionarios y los miembros del \u00e1rea de seguridad local.<\/p>\n<p>Las palabras iniciales estuvieron a cargo del Intendente <strong>Juan Ignacio Ustarroz<\/strong> qui\u00e9n celebr\u00f3 el reinicio de la actividad que en el pasado supo existir en Mercedes.<\/p>\n<p>\u201cCreemos que es una herramienta y una forma que tiene el Estado y la sociedad para organizarse en torno de un objetivo en com\u00fan que tenemos todos que es vivir en una ciudad m\u00e1s segura\u201d, afirmaba el primer mandatario. Respecto a los motivos porque los que se interrumpi\u00f3 en el pasado coment\u00f3 que \u201cmuchas veces sucede por cuestiones pol\u00edticas que son ajenas a la pol\u00edtica p\u00fablica, la famosa politiquer\u00eda que elimina este espacio creyendo que vamos a discutir a ver qui\u00e9n tiene la verdad revelada sobre seguridad o lo que sea. Nosotros asumimos una postura humilde donde reconocemos lo que se hizo en su momento, los avances, las dificultades y tomamos nota. Es por eso que vamos potenciar un foro donde se trabaje y la s\u00edntesis sea la acci\u00f3n, poder generar a trav\u00e9s de la deliberaci\u00f3n, la participaci\u00f3n, la diversidad de miradas acciones, pol\u00edticas p\u00fablicas que nos permitan ahondar \u00e9sta problem\u00e1tica realmente compleja, multifac\u00e9tica donde no hay una receta simple y f\u00e1cil como tocar un bot\u00f3n. Hoy planteamos generar distintas instancias en funci\u00f3n de distintas prioridades a pesar de vivir en la misma localidad. Una realidad es la zona rural, otra es el comercio, otra los barrios y as\u00ed podemos ir complejizando cu\u00e1l es la realidad que tenemos respecto a la seguridad en nuestra ciudad\u201d remarc\u00f3 el intendente qui\u00e9n tambi\u00e9n indic\u00f3 que \u201ces una realidad dif\u00edcil y compleja y por eso estos espacios tienen que ayudar y construir\u201d sostuvo el primer mandatario en su alocuci\u00f3n a los presentes.<\/p>\n<p>La <strong>Secretaria de Control Urbano, Josefina Kelly<\/strong>, al tomar la palabra explic\u00f3 que: \u201cla modalidad ser\u00e1 de realizar un encuentro por semana en distintas zonas. Algunos barrios ser\u00e1n convocados juntos para trabajar mejor. La primera reuni\u00f3n ser\u00e1 el pr\u00f3ximo lunes para los barrios San Jos\u00e9 y Trocha y cada lunes, a las 18.00hs, estaremos participando en un lugar distinto, tratando las distintas realidades de cada lugar\u201d, afirm\u00f3 mientras expon\u00eda en pantalla gigante un mapa de la ciudad dividido en zonas remarcando que: \u201chabr\u00e1 ejes de trabajo que ser\u00e1n propuestos y son: elementos de prevenci\u00f3n del delito; conflicto social y espacio p\u00fablico\u201d dejando en claro algunas cuestiones que ya tienen visualizadas para tratar con los vecinos.<\/p>\n<p>Qui\u00e9n tambi\u00e9n tom\u00f3 la palabra y efectu\u00f3 algunas consideraciones t\u00e9cnicas fue el Director de<strong> Seguridad, Esteban Rossi<\/strong>, qui\u00e9n coment\u00f3 que \u201cla colocaci\u00f3n de nuevas c\u00e1maras es algo que est\u00e1 planificado, pero, no puede ser sin una planificaci\u00f3n. En estos momentos estamos buscando los mecanismos para mejorar la calidad de la transmisi\u00f3n de la fibra \u00f3ptica, la iluminaci\u00f3n, porque de nada sirve tener sin calidad de imagen\u201d coment\u00f3 a la vez que dej\u00f3 en claro que: \u201chay muchas c\u00e1maras, en lugares estrat\u00e9gicos, en las avenidas\u201d.<\/p>\n<p>La reuni\u00f3n dur\u00f3 poco m\u00e1s de una hora y fue una presentaci\u00f3n amena y con di\u00e1logo fluido entre los presentes. M\u00e1s de medio centenar de mercedinos representado diversas instituciones y barrios y continuar\u00e1 el pr\u00f3ximo lunes, a las 18.00hs, cuando los barrios San Jos\u00e9 y Trocha se conviertan en los primeros en poner en marcha las reuniones del Foro Comunitario de Seguridad Ciudadana que re lanza la Secretar\u00eda de Control Urbano de nuestra ciudad.<\/p>\n","protected":false},"excerpt":{"rendered":"<p>Encabezado por el Intendente Juan Ustarroz, la Secretaria de Control Urbano Jorgelina Kelly y el Director de Control Urbano, Esteban &#8230; <a title=\"Relanzan\u00a0Foro Comunitario de Seguridad con propuestas para el trabajo en sociedad\" class=\"read-more\" href=\"https:\/\/www.hoymercedes.com.ar\/principal\/2016\/04\/20\/relanzan-foro-comunitario-de-seguridad-con-propuestas-para-el-trabajo-en-sociedad\/\" aria-label=\"Leer m\u00e1s sobre Relanzan\u00a0Foro Comunitario de Seguridad con propuestas para el trabajo en sociedad\">Leer m\u00e1s<\/a><\/p>\n","protected":false},"author":1,"featured_media":49111,"comment_status":"open","ping_status":"open","sticky":false,"template":"","format":"standard","meta":{"_monsterinsights_skip_tracking":false,"_monsterinsights_sitenote_active":false,"_monsterinsights_sitenote_note":"","_monsterinsights_sitenote_category":0,"jetpack_post_was_ever_published":false,"_jetpack_newsletter_access":"","_jetpack_dont_email_post_to_subs":false,"_jetpack_newsletter_tier_id":0,"_jetpack_memberships_contains_paywalled_content":false,"_jetpack_memberships_contains_paid_content":false,"footnotes":"","jetpack_publicize_message":"","jetpack_publicize_feature_enabled":true,"jetpack_social_post_already_shared":true,"jetpack_social_options":{"image_generator_settings":{"template":"highway","default_image_id":0,"font":"","enabled":false},"version":2},"_wpas_customize_per_network":false},"categories":[30],"tags":[333,9044,8437,585],"class_list":["post-49110","post","type-post","status-publish","format-standard","has-post-thumbnail","hentry","category-municipio","tag-esteban-rossi","tag-foro-comunitario-de-seguridad","tag-josefina-kelly","tag-juan-ustarroz","generate-columns","tablet-grid-50","mobile-grid-100","grid-parent","grid-50"],"jetpack_publicize_connections":[],"jetpack_featured_media_url":"https:\/\/www.hoymercedes.com.ar\/principal\/wp-content\/uploads\/2016\/04\/DSC_0910.jpg","wps_subtitle":"Recorrer\u00e1 distintas zonas de la ciudad...","jetpack_sharing_enabled":true,"_links":{"self":[{"href":"https:\/\/www.hoymercedes.com.ar\/principal\/wp-json\/wp\/v2\/posts\/49110","targetHints":{"allow":["GET"]}}],"collection":[{"href":"https:\/\/www.hoymercedes.com.ar\/principal\/wp-json\/wp\/v2\/posts"}],"about":[{"href":"https:\/\/www.hoymercedes.com.ar\/principal\/wp-json\/wp\/v2\/types\/post"}],"author":[{"embeddable":true,"href":"https:\/\/www.hoymercedes.com.ar\/principal\/wp-json\/wp\/v2\/users\/1"}],"replies":[{"embeddable":true,"href":"https:\/\/www.hoymercedes.com.ar\/principal\/wp-json\/wp\/v2\/comments?post=49110"}],"version-history":[{"count":0,"href":"https:\/\/www.hoymercedes.com.ar\/principal\/wp-json\/wp\/v2\/posts\/49110\/revisions"}],"wp:featuredmedia":[{"embeddable":true,"href":"https:\/\/www.hoymercedes.com.ar\/principal\/wp-json\/wp\/v2\/media\/49111"}],"wp:attachment":[{"href":"https:\/\/www.hoymercedes.com.ar\/principal\/wp-json\/wp\/v2\/media?parent=49110"}],"wp:term":[{"taxonomy":"category","embeddable":true,"href":"https:\/\/www.hoymercedes.com.ar\/principal\/wp-json\/wp\/v2\/categories?post=49110"},{"taxonomy":"post_tag","embeddable":true,"href":"https:\/\/www.hoymercedes.com.ar\/principal\/wp-json\/wp\/v2\/tags?post=49110"}],"curies":[{"name":"wp","href":"https:\/\/api.w.org\/{rel}","templated":true}]}}