{"id":4913,"date":"2011-06-11T03:54:06","date_gmt":"2011-06-11T03:54:06","guid":{"rendered":"http:\/\/www.hoymercedes.com.ar\/principal\/?p=4913"},"modified":"2011-06-11T03:54:06","modified_gmt":"2011-06-11T03:54:06","slug":"pensando-un-futuro-para-mercedes","status":"publish","type":"post","link":"https:\/\/www.hoymercedes.com.ar\/principal\/2011\/06\/11\/pensando-un-futuro-para-mercedes\/","title":{"rendered":"Pensando un futuro para Mercedes"},"content":{"rendered":"<p><span style=\"color: #000080;\"><strong>Por Guillermo Deluca<\/strong><\/span><\/p>\n<p>Estamos frente a una nueva elecci\u00f3n, donde cada uno volver\u00e1 a decidir a trav\u00e9s del voto el destino de nuestros pr\u00f3ximos a\u00f1os, en la Naci\u00f3n, en la Provincia y en nuestra localidad. Como ocurri\u00f3 en el 2007, m\u00e1s que un nuevo periodo de autoridades se avecina una nueva era pol\u00edtica.<\/p>\n<p>Desde el 2003 con NESTOR Y CRISTINA, recuperamos como pa\u00eds, la funci\u00f3n publica y pol\u00edtica de elevar las demandas populares y convertirlas en acciones concretas de Gobierno, con la sensibilidad  de tener ideas y proyectos y de entender la necesidad de transformar a la argentina en una sociedad m\u00e1s justa y equitativa.<\/p>\n<p>Por ello estamos viviendo un momento hist\u00f3rico, donde se recupero el debate pol\u00edtico y la participaci\u00f3n, la militancia de los j\u00f3venes se volvi\u00f3 activa realidad. Los hechos de este gobierno, que devolvieron a muchos las ganas de creer y de ser parte de este cambio son una larga lista, pero el cambio de paradigma que se dio a partir de la Ley de Medios audiovisuales, la Asignaci\u00f3n Universal por hijos, marca un antes y un despu\u00e9s. Adem\u00e1s,  la pol\u00edtica estatal activa en relaci\u00f3n con los Derechos Humanos, la respuesta efectiva ante la crisis econ\u00f3mica mundial del 2008, las leyes de Educaci\u00f3n Sexual Integral, matrimonio igualitario, trata de personas, los Programas Nacionales de Alfabetizaci\u00f3n, Fines (para terminar los estudios secundarios), Conectar Igualdad (con la distribuci\u00f3n de netbooks),  la derogaci\u00f3n de la Ley de flexibilizaci\u00f3n laboral, demanda judicial a los empresarios que contratan trabajo esclavo, variada cantidad de Programas de apoyo y financiamiento a Pymes e industrias, con la resultado de la generaci\u00f3n de empleo, creaci\u00f3n de cooperativas de trabajo, recuperaci\u00f3n del sistema previsional, aumentos programados a los jubilados, jubilaci\u00f3n a amas de casas, son solo algunas de las conquistas sociales que hizo que se recuperen las expectativas de muchos esc\u00e9pticos.<\/p>\n<p>Ahora bien, este nuevo paradigma con definici\u00f3n de roles \u2013cada uno ha quedado expuesto en el lugar que ocupa y lo que hace con el- y funciones efectivamente cumplidas por el Estado Nacional, compromete y responsabiliza a toda la sociedad, pero pone sobre todo, la mirada en las autoridades provinciales y municipales y de los distintos Poderes,  en como asume la funci\u00f3n.<\/p>\n<p>Hoy todav\u00eda tenemos problemas que resolver a nivel pa\u00eds y a nivel local, -algunos nos tocan como consecuencia y otros por no poder resolverlos-, falta de pleno empleo, acceso a una vivienda, pobreza y marginalidad, violencia juvenil, transporte publico de pasajeros, entre otros importantes temas que abaten a la sociedad. Por eso los dirigentes discutiendo fotos, usando chicanas y desvalorizando al \u201cotro\u201d, y no hablando y debatiendo proyectos, ideas para mejorar la calidad de vida de todos los Mercedinos, de que hace ahora cada uno con la responsabilidad que tiene, son vistos y evaluados por ciudadan\u00eda.<\/p>\n<p>La conciencia que trajo lo que explique en los p\u00e1rrafos anteriores, es que esta nueva etapa en la historia del pa\u00eds, hace vivir como protagonistas a la sociedad, va quedando atr\u00e1s el individualismo, la indiferencia, el no te metas, y se reclaman entonces ideas, renovaci\u00f3n de la dirigencia y recambio generacional, constituyendo ejes b\u00e1sicos de un proceso que empez\u00f3 en el 2003.<\/p>\n<p>Los candidatos actuales y sus equipos est\u00e1n frente a la obligaci\u00f3n de repensar Mercedes para un mejor futuro y sin perder de vista los objetivos nacionales, pero con la convicci\u00f3n de que las ideas sin actualizar dejan al descubierto la falta de las mismas.<\/p>\n<p>Necesitamos realizar un nuevo contrato entre el estado Municipal y la Sociedad Mercedina. El gran cambio significar\u00e1: Propuestas concretas, poder para cumplirlas, equipos de trabajos con capacidad comprobable, (y no secuaces y obsecuentes), sensibilidad social para afrontar los problemas de los sectores mas vulnerables, transparencia absoluta en la gesti\u00f3n, corrupci\u00f3n 0, modernizar y profundizar un cambio social y econ\u00f3mico en la cuidad, valorizar la posici\u00f3n estrat\u00e9gica que tenemos \u2013cruce de rutas, cercan\u00eda a Capital Federal- utilizar todos las oportunidades que se brindan a trav\u00e9s del Gobierno Nacional y Provincial y los ciudadanos elegir\u00e1n el candidato que mejor los represente en el modelo de ciudad y pa\u00eds que quiere.<\/p>\n<p>Por mi parte espero que no se de ni un solo paso atr\u00e1s, todo lo contrario que sigamos adelante y que nos quedemos en las frases hechas que nos dejan estancados \u201cm\u00e1s vale malo conocido que bueno por conocer\u201d, sino asumamos el riego del cambio, apoyemos a estos nuevos cuadros pol\u00edticos, con comprobado trabajo y militancia social, a nuestros candidatos de la \u201cjuventud\u201d capacitada en diversas \u00e1reas, con \u00edmpetu de trabajo y de gesti\u00f3n. Aprovechemos la oportunidad que se le esta dando a Mercedes, Votemos un cambio.<\/p>\n<p>NUNCA MENOS.. NI UN PAS\u00d3 ATR\u00c1S\u2026:<\/p>\n<p>&nbsp;<\/p>\n","protected":false},"excerpt":{"rendered":"<p>Por Guillermo Deluca Estamos frente a una nueva elecci\u00f3n, donde cada uno volver\u00e1 a decidir a trav\u00e9s del voto el &#8230; <a title=\"Pensando un futuro para Mercedes\" class=\"read-more\" href=\"https:\/\/www.hoymercedes.com.ar\/principal\/2011\/06\/11\/pensando-un-futuro-para-mercedes\/\" aria-label=\"Leer m\u00e1s sobre Pensando un futuro para Mercedes\">Leer m\u00e1s<\/a><\/p>\n","protected":false},"author":1,"featured_media":0,"comment_status":"open","ping_status":"open","sticky":false,"template":"","format":"standard","meta":{"_monsterinsights_skip_tracking":false,"_monsterinsights_sitenote_active":false,"_monsterinsights_sitenote_note":"","_monsterinsights_sitenote_category":0,"jetpack_post_was_ever_published":false,"_jetpack_newsletter_access":"","_jetpack_dont_email_post_to_subs":false,"_jetpack_newsletter_tier_id":0,"_jetpack_memberships_contains_paywalled_content":false,"_jetpack_memberships_contains_paid_content":false,"footnotes":"","jetpack_publicize_message":"","jetpack_publicize_feature_enabled":true,"jetpack_social_post_already_shared":false,"jetpack_social_options":{"image_generator_settings":{"template":"highway","default_image_id":0,"font":"","enabled":false},"version":2},"_wpas_customize_per_network":false},"categories":[1],"tags":[896],"class_list":["post-4913","post","type-post","status-publish","format-standard","hentry","category-opinion","tag-guillermo-deluca","generate-columns","tablet-grid-50","mobile-grid-100","grid-parent","grid-50"],"jetpack_publicize_connections":[],"jetpack_featured_media_url":"","wps_subtitle":"","jetpack_sharing_enabled":true,"_links":{"self":[{"href":"https:\/\/www.hoymercedes.com.ar\/principal\/wp-json\/wp\/v2\/posts\/4913","targetHints":{"allow":["GET"]}}],"collection":[{"href":"https:\/\/www.hoymercedes.com.ar\/principal\/wp-json\/wp\/v2\/posts"}],"about":[{"href":"https:\/\/www.hoymercedes.com.ar\/principal\/wp-json\/wp\/v2\/types\/post"}],"author":[{"embeddable":true,"href":"https:\/\/www.hoymercedes.com.ar\/principal\/wp-json\/wp\/v2\/users\/1"}],"replies":[{"embeddable":true,"href":"https:\/\/www.hoymercedes.com.ar\/principal\/wp-json\/wp\/v2\/comments?post=4913"}],"version-history":[{"count":0,"href":"https:\/\/www.hoymercedes.com.ar\/principal\/wp-json\/wp\/v2\/posts\/4913\/revisions"}],"wp:attachment":[{"href":"https:\/\/www.hoymercedes.com.ar\/principal\/wp-json\/wp\/v2\/media?parent=4913"}],"wp:term":[{"taxonomy":"category","embeddable":true,"href":"https:\/\/www.hoymercedes.com.ar\/principal\/wp-json\/wp\/v2\/categories?post=4913"},{"taxonomy":"post_tag","embeddable":true,"href":"https:\/\/www.hoymercedes.com.ar\/principal\/wp-json\/wp\/v2\/tags?post=4913"}],"curies":[{"name":"wp","href":"https:\/\/api.w.org\/{rel}","templated":true}]}}