{"id":49144,"date":"2016-04-21T15:23:23","date_gmt":"2016-04-21T18:23:23","guid":{"rendered":"http:\/\/www.hoymercedes.com.ar\/principal\/?p=49144"},"modified":"2016-04-22T18:21:14","modified_gmt":"2016-04-22T21:21:14","slug":"arquitecto-gustavo-novare-pintara-en-vivo","status":"publish","type":"post","link":"https:\/\/www.hoymercedes.com.ar\/principal\/2016\/04\/21\/arquitecto-gustavo-novare-pintara-en-vivo\/","title":{"rendered":"Arquitecto Gustavo Navone pintar\u00e1 en vivo"},"content":{"rendered":"<p><img loading=\"lazy\" decoding=\"async\" data-attachment-id=\"49147\" data-permalink=\"https:\/\/www.hoymercedes.com.ar\/principal\/2016\/04\/21\/arquitecto-gustavo-novare-pintara-en-vivo\/21-arquitectos\/#main\" data-orig-file=\"https:\/\/www.hoymercedes.com.ar\/principal\/wp-content\/uploads\/2016\/04\/21-arquitectos.jpg\" data-orig-size=\"448,232\" data-comments-opened=\"1\" data-image-meta=\"{&quot;aperture&quot;:&quot;0&quot;,&quot;credit&quot;:&quot;&quot;,&quot;camera&quot;:&quot;&quot;,&quot;caption&quot;:&quot;&quot;,&quot;created_timestamp&quot;:&quot;0&quot;,&quot;copyright&quot;:&quot;&quot;,&quot;focal_length&quot;:&quot;0&quot;,&quot;iso&quot;:&quot;0&quot;,&quot;shutter_speed&quot;:&quot;0&quot;,&quot;title&quot;:&quot;&quot;,&quot;orientation&quot;:&quot;0&quot;}\" data-image-title=\"21 arquitectos\" data-image-description=\"\" data-image-caption=\"\" data-large-file=\"https:\/\/www.hoymercedes.com.ar\/principal\/wp-content\/uploads\/2016\/04\/21-arquitectos.jpg\" class=\"aligncenter size-full wp-image-49147\" src=\"https:\/\/www.hoymercedes.com.ar\/principal\/wp-content\/uploads\/2016\/04\/21-arquitectos.jpg\" alt=\"21 arquitectos\" width=\"448\" height=\"232\" srcset=\"https:\/\/www.hoymercedes.com.ar\/principal\/wp-content\/uploads\/2016\/04\/21-arquitectos.jpg 448w, https:\/\/www.hoymercedes.com.ar\/principal\/wp-content\/uploads\/2016\/04\/21-arquitectos-150x78.jpg 150w\" sizes=\"auto, (max-width: 448px) 100vw, 448px\" \/>El Colegio de Arquitectos Distrito 5 invita a la comunidad en general a presenciar la \u201cproducci\u00f3n de una obra pict\u00f3rica en vivo\u201d, que realizar\u00e1 el Arquitecto y Artista Gustavo Navone.\u00a0El evento tendr\u00e1 lugar el s\u00e1bado 23 de abril a las 17 horas en la plaza San Mart\u00edn de la ciudad de Mercedes.<\/p>\n<p>Oriundo de Luj\u00e1n, pero radicado en la ciudad de General Rodr\u00edguez, Navone es\u00a0arquitecto egresado de la Universidad de Mor\u00f3n. De formaci\u00f3n art\u00edstica autodid\u00e1cta, comenz\u00f3 su carrera en 1990 al ganar la 1\u00ba Bienal de Artes Pl\u00e1sticas de la Universidad de Mor\u00f3n en Pintura, el 1\u00ba Premio de dibujo de la Bienal de la Universidad de Mor\u00f3n. el 1\u00ba Premio de Dibujos de Arquitectos de la Bienal Internacional de Arquitectura de Buenos Aires, con su obra \u00abLa Bombonera despu\u00e9s de Nuco\u00bb.<\/p>\n<p>En 1994 expuso junto a P\u00e9rez C\u00e9lis en el Museo de Bellas Artes de Luj\u00e1n. fue asistente del mencionado artista P\u00e9rez C\u00e9lis en la realizaci\u00f3n del mural Universitas (obra de cemento, hierro y bronce de 4&#215;16 metros) en la Universidad de Mor\u00f3n.<\/p>\n<p>Posteriormente a la pintura que realizar\u00e1 en vivo en Mercedes este s\u00e1bado 23 e abril, \u00a0el artista brindar\u00e1 una charla haciendo un recorrido por su obra y relaci\u00f3n de la misma con la arquitectura a partir de las 18:30 horas en el Sal\u00f3n del Honorable Concejo Deliberante de la Municipalidad de Mercedes.<\/p>\n<p>Ambas propuestas son con acceso libre y gratuito. En caso de lluvia esta actividad se postergar\u00e1 a fecha a confirmar.<\/p>\n","protected":false},"excerpt":{"rendered":"<p>El Colegio de Arquitectos Distrito 5 invita a la comunidad en general a presenciar la \u201cproducci\u00f3n de una obra pict\u00f3rica &#8230; <a title=\"Arquitecto Gustavo Navone pintar\u00e1 en vivo\" class=\"read-more\" href=\"https:\/\/www.hoymercedes.com.ar\/principal\/2016\/04\/21\/arquitecto-gustavo-novare-pintara-en-vivo\/\" aria-label=\"Leer m\u00e1s sobre Arquitecto Gustavo Navone pintar\u00e1 en vivo\">Leer m\u00e1s<\/a><\/p>\n","protected":false},"author":1,"featured_media":49146,"comment_status":"open","ping_status":"open","sticky":false,"template":"","format":"standard","meta":{"_monsterinsights_skip_tracking":false,"_monsterinsights_sitenote_active":false,"_monsterinsights_sitenote_note":"","_monsterinsights_sitenote_category":0,"jetpack_post_was_ever_published":false,"_jetpack_newsletter_access":"","_jetpack_dont_email_post_to_subs":false,"_jetpack_newsletter_tier_id":0,"_jetpack_memberships_contains_paywalled_content":false,"_jetpack_memberships_contains_paid_content":false,"footnotes":"","jetpack_publicize_message":"","jetpack_publicize_feature_enabled":true,"jetpack_social_post_already_shared":true,"jetpack_social_options":{"image_generator_settings":{"template":"highway","default_image_id":0,"font":"","enabled":false},"version":2},"_wpas_customize_per_network":false},"categories":[104],"tags":[6816,7805,9057,9056],"class_list":["post-49144","post","type-post","status-publish","format-standard","has-post-thumbnail","hentry","category-cultura","tag-colegio-de-arquitectos","tag-cultura","tag-navone","tag-pintura","generate-columns","tablet-grid-50","mobile-grid-100","grid-parent","grid-50"],"jetpack_publicize_connections":[],"jetpack_featured_media_url":"https:\/\/www.hoymercedes.com.ar\/principal\/wp-content\/uploads\/2016\/04\/21-novare-arquitects.jpg","wps_subtitle":"El s\u00e1bado 23 en la Plaza San Mart\u00edn","jetpack_sharing_enabled":true,"_links":{"self":[{"href":"https:\/\/www.hoymercedes.com.ar\/principal\/wp-json\/wp\/v2\/posts\/49144","targetHints":{"allow":["GET"]}}],"collection":[{"href":"https:\/\/www.hoymercedes.com.ar\/principal\/wp-json\/wp\/v2\/posts"}],"about":[{"href":"https:\/\/www.hoymercedes.com.ar\/principal\/wp-json\/wp\/v2\/types\/post"}],"author":[{"embeddable":true,"href":"https:\/\/www.hoymercedes.com.ar\/principal\/wp-json\/wp\/v2\/users\/1"}],"replies":[{"embeddable":true,"href":"https:\/\/www.hoymercedes.com.ar\/principal\/wp-json\/wp\/v2\/comments?post=49144"}],"version-history":[{"count":0,"href":"https:\/\/www.hoymercedes.com.ar\/principal\/wp-json\/wp\/v2\/posts\/49144\/revisions"}],"wp:featuredmedia":[{"embeddable":true,"href":"https:\/\/www.hoymercedes.com.ar\/principal\/wp-json\/wp\/v2\/media\/49146"}],"wp:attachment":[{"href":"https:\/\/www.hoymercedes.com.ar\/principal\/wp-json\/wp\/v2\/media?parent=49144"}],"wp:term":[{"taxonomy":"category","embeddable":true,"href":"https:\/\/www.hoymercedes.com.ar\/principal\/wp-json\/wp\/v2\/categories?post=49144"},{"taxonomy":"post_tag","embeddable":true,"href":"https:\/\/www.hoymercedes.com.ar\/principal\/wp-json\/wp\/v2\/tags?post=49144"}],"curies":[{"name":"wp","href":"https:\/\/api.w.org\/{rel}","templated":true}]}}