{"id":49149,"date":"2016-04-25T15:23:44","date_gmt":"2016-04-25T18:23:44","guid":{"rendered":"http:\/\/www.hoymercedes.com.ar\/principal\/?p=49149"},"modified":"2016-04-24T17:09:13","modified_gmt":"2016-04-24T20:09:13","slug":"cruce-cromatico-entre-eugenia-scioli-y-anabel-pineyro","status":"publish","type":"post","link":"https:\/\/www.hoymercedes.com.ar\/principal\/2016\/04\/25\/cruce-cromatico-entre-eugenia-scioli-y-anabel-pineyro\/","title":{"rendered":"Cruce crom\u00e1tico entre Eugenia Scioli y Anabel Pi\u00f1eyro"},"content":{"rendered":"<p>El venidero jueves 28 de abril, se inaugurar\u00e1\u00a0una nueva muestra en el Colegio de Arquitectos. En esta oportunidad, Mar\u00eda Eugenia Scioli y Anabel Pi\u00f1eyro presentar\u00e1n la exposici\u00f3n \u00abCruce Crom\u00e1tico\u00bb.\u00a0<span style=\"line-height: 1.5;\">A partir de\u00a0<\/span><span style=\"line-height: 1.5;\">la hora 20, \u00a0en la sede de CAPBA Distrito 5, sita en Avenida 30 n\u00famero 564 de la ciudad de Mercedes, la muestra es libre y gratuita.\u00a0<\/span><\/p>\n<p>Cabe destacar que Anabel Pi\u00f1eiro es docente de Artes Visuales egresada de la Escuela de Arte de Mercedes. Actualmente est\u00e1 radicada en la Ciudad Aut\u00f3noma de Buenos Aires donde continu\u00f3 su formaci\u00f3n en diferentes talleres. Ha colaborado asiduamente con diferentes artistas en eventos culturales locales con instalaciones y exponiendo sus obras. Entre sus disciplinas art\u00edsticas favoritas, a modo de juego, se encuentran la pintura mural y la intervenci\u00f3n urbana. Actualmente dicta talleres de pl\u00e1stica para ni\u00f1os.<\/p>\n<p>En tanto, Mar\u00eda Eugenia Scioli, artista formada en los talleres del Movimiento Cultural \u201cEl Limonero\u201d y \u201cEl V\u00e9rtice\u201d. Ha realizado exposiciones individuales y en colaboraci\u00f3n con otros artistas en la ciudad de Mercedes, Luj\u00e1n y Capital. Las disciplinas en las que concentra su actividad son la pintura y la escultura, pero tambi\u00e9n se especializa en trabajar con reciclado de papel y otros materiales de descarte, realizando esculturas, m\u00e1scaras y otros objetos. Actualmente dicta clases en su casa-taller .<\/p>\n","protected":false},"excerpt":{"rendered":"<p>El venidero jueves 28 de abril, se inaugurar\u00e1\u00a0una nueva muestra en el Colegio de Arquitectos. En esta oportunidad, Mar\u00eda Eugenia &#8230; <a title=\"Cruce crom\u00e1tico entre Eugenia Scioli y Anabel Pi\u00f1eyro\" class=\"read-more\" href=\"https:\/\/www.hoymercedes.com.ar\/principal\/2016\/04\/25\/cruce-cromatico-entre-eugenia-scioli-y-anabel-pineyro\/\" aria-label=\"Leer m\u00e1s sobre Cruce crom\u00e1tico entre Eugenia Scioli y Anabel Pi\u00f1eyro\">Leer m\u00e1s<\/a><\/p>\n","protected":false},"author":1,"featured_media":49150,"comment_status":"open","ping_status":"open","sticky":false,"template":"","format":"standard","meta":{"_monsterinsights_skip_tracking":false,"_monsterinsights_sitenote_active":false,"_monsterinsights_sitenote_note":"","_monsterinsights_sitenote_category":0,"jetpack_post_was_ever_published":false,"_jetpack_newsletter_access":"","_jetpack_dont_email_post_to_subs":false,"_jetpack_newsletter_tier_id":0,"_jetpack_memberships_contains_paywalled_content":false,"_jetpack_memberships_contains_paid_content":false,"footnotes":"","jetpack_publicize_message":"","jetpack_publicize_feature_enabled":true,"jetpack_social_post_already_shared":true,"jetpack_social_options":{"image_generator_settings":{"template":"highway","default_image_id":0,"font":"","enabled":false},"version":2},"_wpas_customize_per_network":false},"categories":[104],"tags":[9058,6816,7805,9059],"class_list":["post-49149","post","type-post","status-publish","format-standard","has-post-thumbnail","hentry","category-cultura","tag-anabel-pineyro","tag-colegio-de-arquitectos","tag-cultura","tag-eugenia-scioli","generate-columns","tablet-grid-50","mobile-grid-100","grid-parent","grid-50"],"jetpack_publicize_connections":[],"jetpack_featured_media_url":"https:\/\/www.hoymercedes.com.ar\/principal\/wp-content\/uploads\/2016\/04\/25-scioli-pi\u00f1eyro.jpg","wps_subtitle":"Muestra en Arquitectos","jetpack_sharing_enabled":true,"_links":{"self":[{"href":"https:\/\/www.hoymercedes.com.ar\/principal\/wp-json\/wp\/v2\/posts\/49149","targetHints":{"allow":["GET"]}}],"collection":[{"href":"https:\/\/www.hoymercedes.com.ar\/principal\/wp-json\/wp\/v2\/posts"}],"about":[{"href":"https:\/\/www.hoymercedes.com.ar\/principal\/wp-json\/wp\/v2\/types\/post"}],"author":[{"embeddable":true,"href":"https:\/\/www.hoymercedes.com.ar\/principal\/wp-json\/wp\/v2\/users\/1"}],"replies":[{"embeddable":true,"href":"https:\/\/www.hoymercedes.com.ar\/principal\/wp-json\/wp\/v2\/comments?post=49149"}],"version-history":[{"count":0,"href":"https:\/\/www.hoymercedes.com.ar\/principal\/wp-json\/wp\/v2\/posts\/49149\/revisions"}],"wp:featuredmedia":[{"embeddable":true,"href":"https:\/\/www.hoymercedes.com.ar\/principal\/wp-json\/wp\/v2\/media\/49150"}],"wp:attachment":[{"href":"https:\/\/www.hoymercedes.com.ar\/principal\/wp-json\/wp\/v2\/media?parent=49149"}],"wp:term":[{"taxonomy":"category","embeddable":true,"href":"https:\/\/www.hoymercedes.com.ar\/principal\/wp-json\/wp\/v2\/categories?post=49149"},{"taxonomy":"post_tag","embeddable":true,"href":"https:\/\/www.hoymercedes.com.ar\/principal\/wp-json\/wp\/v2\/tags?post=49149"}],"curies":[{"name":"wp","href":"https:\/\/api.w.org\/{rel}","templated":true}]}}