{"id":4916,"date":"2011-06-12T01:56:44","date_gmt":"2011-06-12T01:56:44","guid":{"rendered":"http:\/\/www.hoymercedes.com.ar\/principal\/?p=4916"},"modified":"2011-06-12T01:56:44","modified_gmt":"2011-06-12T01:56:44","slug":"con-reservas-la-ucr-local-acepto-el-acuerdo-firmado-por-alfonsin-de-narvaez","status":"publish","type":"post","link":"https:\/\/www.hoymercedes.com.ar\/principal\/2011\/06\/12\/con-reservas-la-ucr-local-acepto-el-acuerdo-firmado-por-alfonsin-de-narvaez\/","title":{"rendered":"Con reservas la UCR local acept\u00f3 el acuerdo firmado por Alfons\u00edn &#8211; De Narv\u00e1ez"},"content":{"rendered":"<p>El comit\u00e9 Mercedes de la Uni\u00f3n C\u00edvica Radical decidi\u00f3 finalmente durante una asamblea efectuadas el jueves a la noche aceptar la integraci\u00f3n de un Frente con Francisco De Narv\u00e1ez a nivel nacional y provincial al tiempo que son dos las postulaciones como candidatos a intendentes que en principio diputar\u00edan la interna en agosto.<\/p>\n<p>Soledad Garrido, titular del radicalismo mercedino sostuvo \u201cmantuvimos una reuni\u00f3n importante porque logramos salvar ciertas diferencias que se generaron a partir de la publicaci\u00f3n en los semanarios dela ultima solicitada donde un grupo de afiliados y adherentes mostraba su rechazo al acuerdo entre Ricardo Alfons\u00edn y Francisco De Narv\u00e1ez y al mismo tiempo hubo una serie de propustas que se analizar\u00e1n con el transcurso de las pr\u00f3ximas horas ya que nos estaremos reuniendo nuevamente el lunes pr\u00f3ximo a partir de las 19.30\u201d.<\/p>\n<p>Luego confirm\u00f3 que si bien Lucas Fal y su grupo no hab\u00edan aceptado el acuerdo comentado, van a permanecer trabajando dentro del Comit\u00e9 de nuestra ciudad pero declinaron a aceptar cualquier oferta que se les llegue a efectuar para ocupar alg\u00fan cargo en las listas partidarias, para luego agregar \u201chasta el momento son dos los precandidatos a intendente que tenemos en el partido, ellos son In\u00e9s Ghione y Roberto San Mart\u00edn.<\/p>\n<p>&nbsp;<\/p>\n<p>Lo de In\u00e9s ya lo conoc\u00edamos desde hace tiempo pero lo de Roberto Sanmart\u00edn con Ignacio Respuela como candidato a ocupar el primer lugar en la lista de concejales fue algo que oficialmente el Comit\u00e9 se enter\u00f3 en la reuni\u00f3n, m\u00e1s all\u00e1 que nosotros ya hab\u00edamos escuchado aun de manera extraoficial dicha posibilidad.<\/p>\n<p>Por supuesto que quienes integramos la conducci\u00f3n partidaria expresamos que lo ideal ser\u00eda presentar una lista unificada pero dentro de este panorama confuso de las internas abierta y obligatorias, pero a esto lo vamos a confirmar de manera definitiva el lunes pr\u00f3ximo\u201d.<\/p>\n","protected":false},"excerpt":{"rendered":"<p>El comit\u00e9 Mercedes de la Uni\u00f3n C\u00edvica Radical decidi\u00f3 finalmente durante una asamblea efectuadas el jueves a la noche aceptar &#8230; <a title=\"Con reservas la UCR local acept\u00f3 el acuerdo firmado por Alfons\u00edn &#8211; De Narv\u00e1ez\" class=\"read-more\" href=\"https:\/\/www.hoymercedes.com.ar\/principal\/2011\/06\/12\/con-reservas-la-ucr-local-acepto-el-acuerdo-firmado-por-alfonsin-de-narvaez\/\" aria-label=\"Leer m\u00e1s sobre Con reservas la UCR local acept\u00f3 el acuerdo firmado por Alfons\u00edn &#8211; De Narv\u00e1ez\">Leer m\u00e1s<\/a><\/p>\n","protected":false},"author":1,"featured_media":0,"comment_status":"open","ping_status":"open","sticky":false,"template":"","format":"standard","meta":{"_monsterinsights_skip_tracking":false,"_monsterinsights_sitenote_active":false,"_monsterinsights_sitenote_note":"","_monsterinsights_sitenote_category":0,"jetpack_post_was_ever_published":false,"_jetpack_newsletter_access":"","_jetpack_dont_email_post_to_subs":false,"_jetpack_newsletter_tier_id":0,"_jetpack_memberships_contains_paywalled_content":false,"_jetpack_memberships_contains_paid_content":false,"footnotes":"","jetpack_publicize_message":"","jetpack_publicize_feature_enabled":true,"jetpack_social_post_already_shared":false,"jetpack_social_options":{"image_generator_settings":{"template":"highway","default_image_id":0,"font":"","enabled":false},"version":2},"_wpas_customize_per_network":false},"categories":[5],"tags":[897,217],"class_list":["post-4916","post","type-post","status-publish","format-standard","hentry","category-politica","tag-alfonsin-de-narvaez","tag-ucr-mercedes","generate-columns","tablet-grid-50","mobile-grid-100","grid-parent","grid-50"],"jetpack_publicize_connections":[],"jetpack_featured_media_url":"","wps_subtitle":"","jetpack_sharing_enabled":true,"_links":{"self":[{"href":"https:\/\/www.hoymercedes.com.ar\/principal\/wp-json\/wp\/v2\/posts\/4916","targetHints":{"allow":["GET"]}}],"collection":[{"href":"https:\/\/www.hoymercedes.com.ar\/principal\/wp-json\/wp\/v2\/posts"}],"about":[{"href":"https:\/\/www.hoymercedes.com.ar\/principal\/wp-json\/wp\/v2\/types\/post"}],"author":[{"embeddable":true,"href":"https:\/\/www.hoymercedes.com.ar\/principal\/wp-json\/wp\/v2\/users\/1"}],"replies":[{"embeddable":true,"href":"https:\/\/www.hoymercedes.com.ar\/principal\/wp-json\/wp\/v2\/comments?post=4916"}],"version-history":[{"count":0,"href":"https:\/\/www.hoymercedes.com.ar\/principal\/wp-json\/wp\/v2\/posts\/4916\/revisions"}],"wp:attachment":[{"href":"https:\/\/www.hoymercedes.com.ar\/principal\/wp-json\/wp\/v2\/media?parent=4916"}],"wp:term":[{"taxonomy":"category","embeddable":true,"href":"https:\/\/www.hoymercedes.com.ar\/principal\/wp-json\/wp\/v2\/categories?post=4916"},{"taxonomy":"post_tag","embeddable":true,"href":"https:\/\/www.hoymercedes.com.ar\/principal\/wp-json\/wp\/v2\/tags?post=4916"}],"curies":[{"name":"wp","href":"https:\/\/api.w.org\/{rel}","templated":true}]}}