{"id":49163,"date":"2016-04-21T20:58:49","date_gmt":"2016-04-21T23:58:49","guid":{"rendered":"http:\/\/www.hoymercedes.com.ar\/principal\/?p=49163"},"modified":"2016-04-22T10:07:20","modified_gmt":"2016-04-22T13:07:20","slug":"intervencion-quirurgica-lucas-fal-debio-ser-atendido-de-urgencia-en-la-plata","status":"publish","type":"post","link":"https:\/\/www.hoymercedes.com.ar\/principal\/2016\/04\/21\/intervencion-quirurgica-lucas-fal-debio-ser-atendido-de-urgencia-en-la-plata\/","title":{"rendered":"Intervenci\u00f3n quir\u00fargica: Lucas Fal debi\u00f3 ser atendido de urgencia en La Plata"},"content":{"rendered":"<figure id=\"attachment_44505\" aria-describedby=\"caption-attachment-44505\" style=\"width: 610px\" class=\"wp-caption aligncenter\"><img loading=\"lazy\" decoding=\"async\" data-attachment-id=\"44505\" data-permalink=\"https:\/\/www.hoymercedes.com.ar\/principal\/2015\/09\/10\/fal-el-estacionamiento-medido-el-sistema-asi-como-esta-planteado-para-mi-no-sirve\/lucasfal-2015\/#main\" data-orig-file=\"https:\/\/www.hoymercedes.com.ar\/principal\/wp-content\/uploads\/2015\/09\/LucasFal-2015.jpg\" data-orig-size=\"620,465\" data-comments-opened=\"1\" data-image-meta=\"{&quot;aperture&quot;:&quot;2.6&quot;,&quot;credit&quot;:&quot;&quot;,&quot;camera&quot;:&quot;SM-G360M&quot;,&quot;caption&quot;:&quot;&quot;,&quot;created_timestamp&quot;:&quot;1441880207&quot;,&quot;copyright&quot;:&quot;&quot;,&quot;focal_length&quot;:&quot;3.31&quot;,&quot;iso&quot;:&quot;250&quot;,&quot;shutter_speed&quot;:&quot;0.058823529411765&quot;,&quot;title&quot;:&quot;&quot;,&quot;orientation&quot;:&quot;0&quot;}\" data-image-title=\"LucasFal-2015\" data-image-description=\"\" data-image-caption=\"\" data-large-file=\"https:\/\/www.hoymercedes.com.ar\/principal\/wp-content\/uploads\/2015\/09\/LucasFal-2015.jpg\" class=\"wp-image-44505 size-full\" src=\"https:\/\/www.hoymercedes.com.ar\/principal\/wp-content\/uploads\/2015\/09\/LucasFal-2015.jpg\" alt=\"LucasFal-2015\" width=\"620\" height=\"465\" srcset=\"https:\/\/www.hoymercedes.com.ar\/principal\/wp-content\/uploads\/2015\/09\/LucasFal-2015.jpg 620w, https:\/\/www.hoymercedes.com.ar\/principal\/wp-content\/uploads\/2015\/09\/LucasFal-2015-150x113.jpg 150w, https:\/\/www.hoymercedes.com.ar\/principal\/wp-content\/uploads\/2015\/09\/LucasFal-2015-290x218.jpg 290w, https:\/\/www.hoymercedes.com.ar\/principal\/wp-content\/uploads\/2015\/09\/LucasFal-2015-50x38.jpg 50w, https:\/\/www.hoymercedes.com.ar\/principal\/wp-content\/uploads\/2015\/09\/LucasFal-2015-420x315.jpg 420w\" sizes=\"auto, (max-width: 620px) 100vw, 620px\" \/><figcaption id=\"caption-attachment-44505\" class=\"wp-caption-text\">Lucas Fal<\/figcaption><\/figure>\n<p>El vecino y ex candidato a intendente Lucas Fal est\u00e1 siendo operado en la localidad de La Plata. En primera instancia se inform\u00f3 que podr\u00eda ser\u00a0un ACV, pero, luego se especific\u00f3 que es una trombosis.<\/p>\n<p>El estado de Lucas Fal es complejo. Recordemos que actualmente es \u00abDirector de\u00a0Competitividad y la innovaci\u00f3n\u00bb en la Provincia de Buenos Aires.<\/p>\n<p>Se espera tener pronto m\u00e1s informaci\u00f3n del estado de salud del mercedino.<\/p>\n<p>Se ampliar\u00e1 no bien se reciban datos o partes oficiales.<\/p>\n<p>En las redes sociales y en los mensajes de whatss app se ha generado una cadena de oraci\u00f3n pidiendo por su salud.<\/p>\n","protected":false},"excerpt":{"rendered":"<p>El vecino y ex candidato a intendente Lucas Fal est\u00e1 siendo operado en la localidad de La Plata. En primera &#8230; <a title=\"Intervenci\u00f3n quir\u00fargica: Lucas Fal debi\u00f3 ser atendido de urgencia en La Plata\" class=\"read-more\" href=\"https:\/\/www.hoymercedes.com.ar\/principal\/2016\/04\/21\/intervencion-quirurgica-lucas-fal-debio-ser-atendido-de-urgencia-en-la-plata\/\" aria-label=\"Leer m\u00e1s sobre Intervenci\u00f3n quir\u00fargica: Lucas Fal debi\u00f3 ser atendido de urgencia en La Plata\">Leer m\u00e1s<\/a><\/p>\n","protected":false},"author":1,"featured_media":44505,"comment_status":"open","ping_status":"open","sticky":false,"template":"","format":"standard","meta":{"_monsterinsights_skip_tracking":false,"_monsterinsights_sitenote_active":false,"_monsterinsights_sitenote_note":"","_monsterinsights_sitenote_category":0,"jetpack_post_was_ever_published":false,"_jetpack_newsletter_access":"","_jetpack_dont_email_post_to_subs":false,"_jetpack_newsletter_tier_id":0,"_jetpack_memberships_contains_paywalled_content":false,"_jetpack_memberships_contains_paid_content":false,"footnotes":"","jetpack_publicize_message":"","jetpack_publicize_feature_enabled":true,"jetpack_social_post_already_shared":true,"jetpack_social_options":{"image_generator_settings":{"template":"highway","default_image_id":0,"font":"","enabled":false},"version":2},"_wpas_customize_per_network":false},"categories":[8],"tags":[9063,2008,9064],"class_list":["post-49163","post","type-post","status-publish","format-standard","has-post-thumbnail","hentry","category-sociedad","tag-intervienen-a-lucas-fal","tag-lucas-fal","tag-operacion-lucas-fal","generate-columns","tablet-grid-50","mobile-grid-100","grid-parent","grid-50"],"jetpack_publicize_connections":[],"jetpack_featured_media_url":"https:\/\/www.hoymercedes.com.ar\/principal\/wp-content\/uploads\/2015\/09\/LucasFal-2015.jpg","wps_subtitle":"Rezan por su salud","jetpack_sharing_enabled":true,"_links":{"self":[{"href":"https:\/\/www.hoymercedes.com.ar\/principal\/wp-json\/wp\/v2\/posts\/49163","targetHints":{"allow":["GET"]}}],"collection":[{"href":"https:\/\/www.hoymercedes.com.ar\/principal\/wp-json\/wp\/v2\/posts"}],"about":[{"href":"https:\/\/www.hoymercedes.com.ar\/principal\/wp-json\/wp\/v2\/types\/post"}],"author":[{"embeddable":true,"href":"https:\/\/www.hoymercedes.com.ar\/principal\/wp-json\/wp\/v2\/users\/1"}],"replies":[{"embeddable":true,"href":"https:\/\/www.hoymercedes.com.ar\/principal\/wp-json\/wp\/v2\/comments?post=49163"}],"version-history":[{"count":0,"href":"https:\/\/www.hoymercedes.com.ar\/principal\/wp-json\/wp\/v2\/posts\/49163\/revisions"}],"wp:featuredmedia":[{"embeddable":true,"href":"https:\/\/www.hoymercedes.com.ar\/principal\/wp-json\/wp\/v2\/media\/44505"}],"wp:attachment":[{"href":"https:\/\/www.hoymercedes.com.ar\/principal\/wp-json\/wp\/v2\/media?parent=49163"}],"wp:term":[{"taxonomy":"category","embeddable":true,"href":"https:\/\/www.hoymercedes.com.ar\/principal\/wp-json\/wp\/v2\/categories?post=49163"},{"taxonomy":"post_tag","embeddable":true,"href":"https:\/\/www.hoymercedes.com.ar\/principal\/wp-json\/wp\/v2\/tags?post=49163"}],"curies":[{"name":"wp","href":"https:\/\/api.w.org\/{rel}","templated":true}]}}