{"id":49185,"date":"2016-04-22T16:55:21","date_gmt":"2016-04-22T19:55:21","guid":{"rendered":"http:\/\/www.hoymercedes.com.ar\/principal\/?p=49185"},"modified":"2016-04-22T16:55:21","modified_gmt":"2016-04-22T19:55:21","slug":"a-traves-de-las-redes-sociales-se-solidarizan-con-fal","status":"publish","type":"post","link":"https:\/\/www.hoymercedes.com.ar\/principal\/2016\/04\/22\/a-traves-de-las-redes-sociales-se-solidarizan-con-fal\/","title":{"rendered":"A trav\u00e9s de las redes sociales se solidarizan con Fal"},"content":{"rendered":"<figure id=\"attachment_49186\" aria-describedby=\"caption-attachment-49186\" style=\"width: 438px\" class=\"wp-caption aligncenter\"><img loading=\"lazy\" decoding=\"async\" data-attachment-id=\"49186\" data-permalink=\"https:\/\/www.hoymercedes.com.ar\/principal\/2016\/04\/22\/a-traves-de-las-redes-sociales-se-solidarizan-con-fal\/22-juventud-fal\/#main\" data-orig-file=\"https:\/\/www.hoymercedes.com.ar\/principal\/wp-content\/uploads\/2016\/04\/22-juventud-fal.jpg\" data-orig-size=\"448,336\" data-comments-opened=\"1\" data-image-meta=\"{&quot;aperture&quot;:&quot;0&quot;,&quot;credit&quot;:&quot;&quot;,&quot;camera&quot;:&quot;&quot;,&quot;caption&quot;:&quot;&quot;,&quot;created_timestamp&quot;:&quot;0&quot;,&quot;copyright&quot;:&quot;&quot;,&quot;focal_length&quot;:&quot;0&quot;,&quot;iso&quot;:&quot;0&quot;,&quot;shutter_speed&quot;:&quot;0&quot;,&quot;title&quot;:&quot;&quot;,&quot;orientation&quot;:&quot;0&quot;}\" data-image-title=\"22 juventud fal\" data-image-description=\"\" data-image-caption=\"&lt;p&gt;Juventud UCR: \u00abLucas sigue en estado reservado, sigamos rezando por el.\u00bb&lt;\/p&gt;\n\" data-large-file=\"https:\/\/www.hoymercedes.com.ar\/principal\/wp-content\/uploads\/2016\/04\/22-juventud-fal.jpg\" class=\"size-full wp-image-49186\" src=\"https:\/\/www.hoymercedes.com.ar\/principal\/wp-content\/uploads\/2016\/04\/22-juventud-fal.jpg\" alt=\"Juventud UCR: &quot;Lucas sigue en estado reservado, sigamos rezando por el.&quot;\" width=\"448\" height=\"336\" srcset=\"https:\/\/www.hoymercedes.com.ar\/principal\/wp-content\/uploads\/2016\/04\/22-juventud-fal.jpg 448w, https:\/\/www.hoymercedes.com.ar\/principal\/wp-content\/uploads\/2016\/04\/22-juventud-fal-150x113.jpg 150w\" sizes=\"auto, (max-width: 448px) 100vw, 448px\" \/><figcaption id=\"caption-attachment-49186\" class=\"wp-caption-text\">Juventud UCR: \u00abLucas sigue en estado reservado, sigamos rezando por el.\u00bb<\/figcaption><\/figure>\n<p><em><strong>Una innumerable cantidad de mensajes ha recibido el ex candidato a Intendente de Cambiemos Lucas Fal. Desde quienes lo acompa\u00f1an en el comit\u00e9 radical, hasta contrincantes pol\u00edticos, pasando por militantes y ciudadanos, todos han dejado su mensaje de aliento.<\/strong><\/em><\/p>\n<p>&nbsp;<\/p>\n<p><a href=\"https:\/\/www.hoymercedes.com.ar\/principal\/2016\/04\/22\/parte-medico-de-lucas-fal\/\" target=\"_blank\">Lucas Fal <\/a>vive por estos momentos sus horas m\u00e1s cr\u00edticas. T<a href=\"https:\/\/www.hoymercedes.com.ar\/principal\/2016\/04\/22\/lucas-fal-fue-operado-en-la-plata-y-esta-en-estado-reservado\/\" target=\"_blank\">ras su operaci\u00f3n<\/a> en la noche de ayer en la ciudad de La Plata por una convulsi\u00f3n hemorr\u00e1gica de la que todav\u00eda no se tienen mayores certezas y se sigue esperando por su mejor\u00eda, los mensajes de aliento y las cadenas de oraci\u00f3n se hicieron virales a trav\u00e9s redes sociales, en especial Facebook, y tambi\u00e9n por Whats App.<\/p>\n<p>M\u00e1s all\u00e1 de cualquier tinte pol\u00edtico, los mercedinos se unieron en pos de conocer el delicado estado de salud de quien es el l\u00edder de la Uni\u00f3n C\u00edvica Radical en Mercedes e incluso el Intendente Juan Ustarroz junto a sus funcionarios y tambi\u00e9n el Diputado Eduardo De Pedro se pusieron desde el primer instante a disposici\u00f3n de Fal y su familia.<\/p>\n<p>Mientras tanto, los mercedinos llenaron de mensajes el muro de Facebook de quien actualmente se desempe\u00f1a como Director Provincial de Competitividad e Innovaci\u00f3n en Ministerio de la Producci\u00f3n, Ciencia y Tecnolog\u00eda de la Pcia. Bs. As.<\/p>\n<p>Los miembros de la Juventud Radical, la conductora de radio Susana Casta\u00f1eto, el locutor Fernando Pachiani, el secretario de Gobierno municipal, Juan Pablo L\u00f3pez, el l\u00edder de Leales a Per\u00f3n Pablo Perazzo, Marcelo Su\u00e1rez, el locutor Juan Ferrand\u00eds, la concejal por el FMPV Marianela Arenillas, el presidente del bloque Cambiemos Oscar Albini y tambi\u00e9n se han sumado al aliento el Director de Pami Nicol\u00e1s Far\u00edas, el Cosejero Escolar Jos\u00e9 Luis Pisano, la Concejal del FMPV Celeste Burone, el cantante Agust\u00edn Castro, C\u00e9sar Sanmart\u00edn, el concejal del MIC Juan Carlos Badano, se han sumado, entre otros tantos nombres que tiene la ciudad, para solidarizarse a trav\u00e9s de las redes sociales de alguna manera con el ex candidato a Intendente, adem\u00e1s de las muestras de cari\u00f1o, afecto y acompa\u00f1amiento que recibi\u00f3 la familia y \u00e9l del resto de quienen habitualmente lo acompa\u00f1an en su quehacer pol\u00edtico y social.<\/p>\n","protected":false},"excerpt":{"rendered":"<p>Una innumerable cantidad de mensajes ha recibido el ex candidato a Intendente de Cambiemos Lucas Fal. Desde quienes lo acompa\u00f1an &#8230; <a title=\"A trav\u00e9s de las redes sociales se solidarizan con Fal\" class=\"read-more\" href=\"https:\/\/www.hoymercedes.com.ar\/principal\/2016\/04\/22\/a-traves-de-las-redes-sociales-se-solidarizan-con-fal\/\" aria-label=\"Leer m\u00e1s sobre A trav\u00e9s de las redes sociales se solidarizan con Fal\">Leer m\u00e1s<\/a><\/p>\n","protected":false},"author":1,"featured_media":49186,"comment_status":"open","ping_status":"open","sticky":false,"template":"","format":"standard","meta":{"_monsterinsights_skip_tracking":false,"_monsterinsights_sitenote_active":false,"_monsterinsights_sitenote_note":"","_monsterinsights_sitenote_category":0,"jetpack_post_was_ever_published":false,"_jetpack_newsletter_access":"","_jetpack_dont_email_post_to_subs":false,"_jetpack_newsletter_tier_id":0,"_jetpack_memberships_contains_paywalled_content":false,"_jetpack_memberships_contains_paid_content":false,"footnotes":"","jetpack_publicize_message":"","jetpack_publicize_feature_enabled":true,"jetpack_social_post_already_shared":true,"jetpack_social_options":{"image_generator_settings":{"template":"highway","default_image_id":0,"font":"","enabled":false},"version":2},"_wpas_customize_per_network":false},"categories":[8],"tags":[9070,2008],"class_list":["post-49185","post","type-post","status-publish","format-standard","has-post-thumbnail","hentry","category-sociedad","tag-fuerzalucas","tag-lucas-fal","generate-columns","tablet-grid-50","mobile-grid-100","grid-parent","grid-50"],"jetpack_publicize_connections":[],"jetpack_featured_media_url":"https:\/\/www.hoymercedes.com.ar\/principal\/wp-content\/uploads\/2016\/04\/22-juventud-fal.jpg","wps_subtitle":"Un pueblo reza por \u00e9l","jetpack_sharing_enabled":true,"_links":{"self":[{"href":"https:\/\/www.hoymercedes.com.ar\/principal\/wp-json\/wp\/v2\/posts\/49185","targetHints":{"allow":["GET"]}}],"collection":[{"href":"https:\/\/www.hoymercedes.com.ar\/principal\/wp-json\/wp\/v2\/posts"}],"about":[{"href":"https:\/\/www.hoymercedes.com.ar\/principal\/wp-json\/wp\/v2\/types\/post"}],"author":[{"embeddable":true,"href":"https:\/\/www.hoymercedes.com.ar\/principal\/wp-json\/wp\/v2\/users\/1"}],"replies":[{"embeddable":true,"href":"https:\/\/www.hoymercedes.com.ar\/principal\/wp-json\/wp\/v2\/comments?post=49185"}],"version-history":[{"count":0,"href":"https:\/\/www.hoymercedes.com.ar\/principal\/wp-json\/wp\/v2\/posts\/49185\/revisions"}],"wp:featuredmedia":[{"embeddable":true,"href":"https:\/\/www.hoymercedes.com.ar\/principal\/wp-json\/wp\/v2\/media\/49186"}],"wp:attachment":[{"href":"https:\/\/www.hoymercedes.com.ar\/principal\/wp-json\/wp\/v2\/media?parent=49185"}],"wp:term":[{"taxonomy":"category","embeddable":true,"href":"https:\/\/www.hoymercedes.com.ar\/principal\/wp-json\/wp\/v2\/categories?post=49185"},{"taxonomy":"post_tag","embeddable":true,"href":"https:\/\/www.hoymercedes.com.ar\/principal\/wp-json\/wp\/v2\/tags?post=49185"}],"curies":[{"name":"wp","href":"https:\/\/api.w.org\/{rel}","templated":true}]}}