{"id":49213,"date":"2016-04-26T21:00:14","date_gmt":"2016-04-27T00:00:14","guid":{"rendered":"http:\/\/www.hoymercedes.com.ar\/principal\/?p=49213"},"modified":"2016-04-24T17:06:01","modified_gmt":"2016-04-24T20:06:01","slug":"de-lorenzo-en-el-mamm","status":"publish","type":"post","link":"https:\/\/www.hoymercedes.com.ar\/principal\/2016\/04\/26\/de-lorenzo-en-el-mamm\/","title":{"rendered":"De Lorenzo en el MAMM"},"content":{"rendered":"<p><img loading=\"lazy\" decoding=\"async\" data-attachment-id=\"49214\" data-permalink=\"https:\/\/www.hoymercedes.com.ar\/principal\/2016\/04\/26\/de-lorenzo-en-el-mamm\/26-lorenso-mamm\/#main\" data-orig-file=\"https:\/\/www.hoymercedes.com.ar\/principal\/wp-content\/uploads\/2016\/04\/26-lorenso-MAMM.jpg\" data-orig-size=\"338,336\" data-comments-opened=\"1\" data-image-meta=\"{&quot;aperture&quot;:&quot;0&quot;,&quot;credit&quot;:&quot;&quot;,&quot;camera&quot;:&quot;&quot;,&quot;caption&quot;:&quot;&quot;,&quot;created_timestamp&quot;:&quot;0&quot;,&quot;copyright&quot;:&quot;&quot;,&quot;focal_length&quot;:&quot;0&quot;,&quot;iso&quot;:&quot;0&quot;,&quot;shutter_speed&quot;:&quot;0&quot;,&quot;title&quot;:&quot;&quot;,&quot;orientation&quot;:&quot;0&quot;}\" data-image-title=\"26 lorenso MAMM\" data-image-description=\"\" data-image-caption=\"\" data-large-file=\"https:\/\/www.hoymercedes.com.ar\/principal\/wp-content\/uploads\/2016\/04\/26-lorenso-MAMM.jpg\" class=\"aligncenter size-full wp-image-49214\" src=\"https:\/\/www.hoymercedes.com.ar\/principal\/wp-content\/uploads\/2016\/04\/26-lorenso-MAMM.jpg\" alt=\"26 lorenso MAMM\" width=\"338\" height=\"336\" srcset=\"https:\/\/www.hoymercedes.com.ar\/principal\/wp-content\/uploads\/2016\/04\/26-lorenso-MAMM.jpg 338w, https:\/\/www.hoymercedes.com.ar\/principal\/wp-content\/uploads\/2016\/04\/26-lorenso-MAMM-150x150.jpg 150w\" sizes=\"auto, (max-width: 338px) 100vw, 338px\" \/>El pr\u00f3ximo viernes 29 de abril, a la hora 20, Jorge De Lorenzo \u00a0inaugura la muestra titulada \u00abMundo Extra\u00f1o (Visiones Personales)\u00bb.<\/p>\n<p>Compuesta de obras de gran tama\u00f1o, construcciones on\u00edricas de una dimensi\u00f3n enajenada que busca trazar los lazos de una significaci\u00f3n profunda escondida en las ra\u00edces de la cultura Tup\u00ed Guaran\u00ed, De Lorenzo expondr\u00e1 en el Museo de Arte (MAMM).<\/p>\n<p>\u00abTratar de lograr la comunicaci\u00f3n con el espectador, mediante un mensaje que podr\u00eda ser definido como ancestral, subjetivo, inexplicable, esa es mi intenci\u00f3n\u00bb, explica De Lorenzo, ganador de m\u00faltiples premios y menciones desde sus inicios art\u00edsticos en los a\u00f1os \u201860.<\/p>\n","protected":false},"excerpt":{"rendered":"<p>El pr\u00f3ximo viernes 29 de abril, a la hora 20, Jorge De Lorenzo \u00a0inaugura la muestra titulada \u00abMundo Extra\u00f1o (Visiones &#8230; <a title=\"De Lorenzo en el MAMM\" class=\"read-more\" href=\"https:\/\/www.hoymercedes.com.ar\/principal\/2016\/04\/26\/de-lorenzo-en-el-mamm\/\" aria-label=\"Leer m\u00e1s sobre De Lorenzo en el MAMM\">Leer m\u00e1s<\/a><\/p>\n","protected":false},"author":1,"featured_media":49214,"comment_status":"open","ping_status":"open","sticky":false,"template":"","format":"standard","meta":{"_monsterinsights_skip_tracking":false,"_monsterinsights_sitenote_active":false,"_monsterinsights_sitenote_note":"","_monsterinsights_sitenote_category":0,"jetpack_post_was_ever_published":false,"_jetpack_newsletter_access":"","_jetpack_dont_email_post_to_subs":false,"_jetpack_newsletter_tier_id":0,"_jetpack_memberships_contains_paywalled_content":false,"_jetpack_memberships_contains_paid_content":false,"footnotes":"","jetpack_publicize_message":"","jetpack_publicize_feature_enabled":true,"jetpack_social_post_already_shared":true,"jetpack_social_options":{"image_generator_settings":{"template":"highway","default_image_id":0,"font":"","enabled":false},"version":2},"_wpas_customize_per_network":false},"categories":[104],"tags":[7805,9077,8674,8715],"class_list":["post-49213","post","type-post","status-publish","format-standard","has-post-thumbnail","hentry","category-cultura","tag-cultura","tag-de-lorenzo","tag-mamm","tag-muestra","generate-columns","tablet-grid-50","mobile-grid-100","grid-parent","grid-50"],"jetpack_publicize_connections":[],"jetpack_featured_media_url":"https:\/\/www.hoymercedes.com.ar\/principal\/wp-content\/uploads\/2016\/04\/26-lorenso-MAMM.jpg","wps_subtitle":"Muestra art\u00edstica","jetpack_sharing_enabled":true,"_links":{"self":[{"href":"https:\/\/www.hoymercedes.com.ar\/principal\/wp-json\/wp\/v2\/posts\/49213","targetHints":{"allow":["GET"]}}],"collection":[{"href":"https:\/\/www.hoymercedes.com.ar\/principal\/wp-json\/wp\/v2\/posts"}],"about":[{"href":"https:\/\/www.hoymercedes.com.ar\/principal\/wp-json\/wp\/v2\/types\/post"}],"author":[{"embeddable":true,"href":"https:\/\/www.hoymercedes.com.ar\/principal\/wp-json\/wp\/v2\/users\/1"}],"replies":[{"embeddable":true,"href":"https:\/\/www.hoymercedes.com.ar\/principal\/wp-json\/wp\/v2\/comments?post=49213"}],"version-history":[{"count":0,"href":"https:\/\/www.hoymercedes.com.ar\/principal\/wp-json\/wp\/v2\/posts\/49213\/revisions"}],"wp:featuredmedia":[{"embeddable":true,"href":"https:\/\/www.hoymercedes.com.ar\/principal\/wp-json\/wp\/v2\/media\/49214"}],"wp:attachment":[{"href":"https:\/\/www.hoymercedes.com.ar\/principal\/wp-json\/wp\/v2\/media?parent=49213"}],"wp:term":[{"taxonomy":"category","embeddable":true,"href":"https:\/\/www.hoymercedes.com.ar\/principal\/wp-json\/wp\/v2\/categories?post=49213"},{"taxonomy":"post_tag","embeddable":true,"href":"https:\/\/www.hoymercedes.com.ar\/principal\/wp-json\/wp\/v2\/tags?post=49213"}],"curies":[{"name":"wp","href":"https:\/\/api.w.org\/{rel}","templated":true}]}}