{"id":49216,"date":"2016-04-26T09:06:16","date_gmt":"2016-04-26T12:06:16","guid":{"rendered":"http:\/\/www.hoymercedes.com.ar\/principal\/?p=49216"},"modified":"2016-04-24T17:08:40","modified_gmt":"2016-04-24T20:08:40","slug":"cine-y-charla-sobre-corea-a-cargo-de-paula-fernandez","status":"publish","type":"post","link":"https:\/\/www.hoymercedes.com.ar\/principal\/2016\/04\/26\/cine-y-charla-sobre-corea-a-cargo-de-paula-fernandez\/","title":{"rendered":"Cine y charla sobre Corea a cargo de Paula Fern\u00e1ndez"},"content":{"rendered":"<p><img loading=\"lazy\" decoding=\"async\" data-attachment-id=\"49217\" data-permalink=\"https:\/\/www.hoymercedes.com.ar\/principal\/2016\/04\/26\/cine-y-charla-sobre-corea-a-cargo-de-paula-fernandez\/26-corea\/#main\" data-orig-file=\"https:\/\/www.hoymercedes.com.ar\/principal\/wp-content\/uploads\/2016\/04\/26-corea.jpg\" data-orig-size=\"455,341\" data-comments-opened=\"1\" data-image-meta=\"{&quot;aperture&quot;:&quot;0&quot;,&quot;credit&quot;:&quot;&quot;,&quot;camera&quot;:&quot;&quot;,&quot;caption&quot;:&quot;&quot;,&quot;created_timestamp&quot;:&quot;0&quot;,&quot;copyright&quot;:&quot;&quot;,&quot;focal_length&quot;:&quot;0&quot;,&quot;iso&quot;:&quot;0&quot;,&quot;shutter_speed&quot;:&quot;0&quot;,&quot;title&quot;:&quot;&quot;,&quot;orientation&quot;:&quot;0&quot;}\" data-image-title=\"26 corea\" data-image-description=\"\" data-image-caption=\"\" data-large-file=\"https:\/\/www.hoymercedes.com.ar\/principal\/wp-content\/uploads\/2016\/04\/26-corea.jpg\" class=\"aligncenter size-full wp-image-49217\" src=\"https:\/\/www.hoymercedes.com.ar\/principal\/wp-content\/uploads\/2016\/04\/26-corea.jpg\" alt=\"26 corea\" width=\"455\" height=\"341\" srcset=\"https:\/\/www.hoymercedes.com.ar\/principal\/wp-content\/uploads\/2016\/04\/26-corea.jpg 455w, https:\/\/www.hoymercedes.com.ar\/principal\/wp-content\/uploads\/2016\/04\/26-corea-150x112.jpg 150w\" sizes=\"auto, (max-width: 455px) 100vw, 455px\" \/>El venidero jueves 28 de abril cerrar\u00e1 la muestra de fotograf\u00edas y el ciclo de cine sobre Corea que el MAMM est\u00e1 llevando adelante. A partir de la hora 19, el acto de clausura contar\u00e1 con la participaci\u00f3n de la licenciada Paula Fern\u00e1ndez con una charla sobre la historia del pa\u00eds asi\u00e1tico. \u00abCorea y la herida abierta: un repaso a los sucesos que desencadenaron la divisi\u00f3n\u00bb, es el t\u00edtulo de la exposici\u00f3n que brindar\u00e1 la Licenciada en Estudios Orientales con especializaci\u00f3n en Lejano Oriente. Con entrada libre y gratuita, Fern\u00e1ndez es coordinadora de la oficina argentina de la Asociaci\u00f3n Mundial de Estudios Hallyu (WAHS), y expondr\u00e1 una tem\u00e1tica que permitir\u00e1 una mejor comprensi\u00f3n del film que cierra el ciclo de cine: \u00ab\u00c1rea de Seguridad Conjunta\u00bb.<\/p>\n","protected":false},"excerpt":{"rendered":"<p>El venidero jueves 28 de abril cerrar\u00e1 la muestra de fotograf\u00edas y el ciclo de cine sobre Corea que el &#8230; <a title=\"Cine y charla sobre Corea a cargo de Paula Fern\u00e1ndez\" class=\"read-more\" href=\"https:\/\/www.hoymercedes.com.ar\/principal\/2016\/04\/26\/cine-y-charla-sobre-corea-a-cargo-de-paula-fernandez\/\" aria-label=\"Leer m\u00e1s sobre Cine y charla sobre Corea a cargo de Paula Fern\u00e1ndez\">Leer m\u00e1s<\/a><\/p>\n","protected":false},"author":1,"featured_media":49217,"comment_status":"open","ping_status":"open","sticky":false,"template":"","format":"standard","meta":{"_monsterinsights_skip_tracking":false,"_monsterinsights_sitenote_active":false,"_monsterinsights_sitenote_note":"","_monsterinsights_sitenote_category":0,"jetpack_post_was_ever_published":false,"_jetpack_newsletter_access":"","_jetpack_dont_email_post_to_subs":false,"_jetpack_newsletter_tier_id":0,"_jetpack_memberships_contains_paywalled_content":false,"_jetpack_memberships_contains_paid_content":false,"footnotes":"","jetpack_publicize_message":"","jetpack_publicize_feature_enabled":true,"jetpack_social_post_already_shared":true,"jetpack_social_options":{"image_generator_settings":{"template":"highway","default_image_id":0,"font":"","enabled":false},"version":2},"_wpas_customize_per_network":false},"categories":[104],"tags":[8889,7805,8674,8715],"class_list":["post-49216","post","type-post","status-publish","format-standard","has-post-thumbnail","hentry","category-cultura","tag-corea","tag-cultura","tag-mamm","tag-muestra","generate-columns","tablet-grid-50","mobile-grid-100","grid-parent","grid-50"],"jetpack_publicize_connections":[],"jetpack_featured_media_url":"https:\/\/www.hoymercedes.com.ar\/principal\/wp-content\/uploads\/2016\/04\/26-corea.jpg","wps_subtitle":"Cierre de la muestra","jetpack_sharing_enabled":true,"_links":{"self":[{"href":"https:\/\/www.hoymercedes.com.ar\/principal\/wp-json\/wp\/v2\/posts\/49216","targetHints":{"allow":["GET"]}}],"collection":[{"href":"https:\/\/www.hoymercedes.com.ar\/principal\/wp-json\/wp\/v2\/posts"}],"about":[{"href":"https:\/\/www.hoymercedes.com.ar\/principal\/wp-json\/wp\/v2\/types\/post"}],"author":[{"embeddable":true,"href":"https:\/\/www.hoymercedes.com.ar\/principal\/wp-json\/wp\/v2\/users\/1"}],"replies":[{"embeddable":true,"href":"https:\/\/www.hoymercedes.com.ar\/principal\/wp-json\/wp\/v2\/comments?post=49216"}],"version-history":[{"count":0,"href":"https:\/\/www.hoymercedes.com.ar\/principal\/wp-json\/wp\/v2\/posts\/49216\/revisions"}],"wp:featuredmedia":[{"embeddable":true,"href":"https:\/\/www.hoymercedes.com.ar\/principal\/wp-json\/wp\/v2\/media\/49217"}],"wp:attachment":[{"href":"https:\/\/www.hoymercedes.com.ar\/principal\/wp-json\/wp\/v2\/media?parent=49216"}],"wp:term":[{"taxonomy":"category","embeddable":true,"href":"https:\/\/www.hoymercedes.com.ar\/principal\/wp-json\/wp\/v2\/categories?post=49216"},{"taxonomy":"post_tag","embeddable":true,"href":"https:\/\/www.hoymercedes.com.ar\/principal\/wp-json\/wp\/v2\/tags?post=49216"}],"curies":[{"name":"wp","href":"https:\/\/api.w.org\/{rel}","templated":true}]}}