{"id":49248,"date":"2016-04-25T20:00:03","date_gmt":"2016-04-25T23:00:03","guid":{"rendered":"http:\/\/www.hoymercedes.com.ar\/principal\/?p=49248"},"modified":"2016-04-25T16:24:33","modified_gmt":"2016-04-25T19:24:33","slug":"maria-dinova-castro-firmara-en-la-feria-del-libro","status":"publish","type":"post","link":"https:\/\/www.hoymercedes.com.ar\/principal\/2016\/04\/25\/maria-dinova-castro-firmara-en-la-feria-del-libro\/","title":{"rendered":"Mar\u00eda Dinova Castro firmar\u00e1 en la Feria del Libro"},"content":{"rendered":"<p><img loading=\"lazy\" decoding=\"async\" data-attachment-id=\"49239\" data-permalink=\"https:\/\/www.hoymercedes.com.ar\/principal\/2016\/04\/25\/estamos-convencidos-que-la-policia-local-llego-para-brindar-mayor-seguridad-a-los-vecinos-de-mercedes\/25-amelia-castro\/#main\" data-orig-file=\"https:\/\/www.hoymercedes.com.ar\/principal\/wp-content\/uploads\/2016\/04\/25-amelia-castro.jpg\" data-orig-size=\"448,299\" data-comments-opened=\"1\" data-image-meta=\"{&quot;aperture&quot;:&quot;0&quot;,&quot;credit&quot;:&quot;&quot;,&quot;camera&quot;:&quot;&quot;,&quot;caption&quot;:&quot;&quot;,&quot;created_timestamp&quot;:&quot;0&quot;,&quot;copyright&quot;:&quot;&quot;,&quot;focal_length&quot;:&quot;0&quot;,&quot;iso&quot;:&quot;0&quot;,&quot;shutter_speed&quot;:&quot;0&quot;,&quot;title&quot;:&quot;&quot;,&quot;orientation&quot;:&quot;0&quot;}\" data-image-title=\"25 amelia castro\" data-image-description=\"\" data-image-caption=\"\" data-large-file=\"https:\/\/www.hoymercedes.com.ar\/principal\/wp-content\/uploads\/2016\/04\/25-amelia-castro.jpg\" class=\"aligncenter size-full wp-image-49239\" src=\"https:\/\/www.hoymercedes.com.ar\/principal\/wp-content\/uploads\/2016\/04\/25-amelia-castro.jpg\" alt=\"25 amelia castro\" width=\"448\" height=\"299\" srcset=\"https:\/\/www.hoymercedes.com.ar\/principal\/wp-content\/uploads\/2016\/04\/25-amelia-castro.jpg 448w, https:\/\/www.hoymercedes.com.ar\/principal\/wp-content\/uploads\/2016\/04\/25-amelia-castro-150x100.jpg 150w, https:\/\/www.hoymercedes.com.ar\/principal\/wp-content\/uploads\/2016\/04\/25-amelia-castro-300x200.jpg 300w\" sizes=\"auto, (max-width: 448px) 100vw, 448px\" \/>Nuevamente este a\u00f1o\u00a0 Mar\u00eda Amelia Dinova Castro integrante de SADE\u00a0 estar\u00e1 firmando su libro \u201cMadre Tierra\u201d en la Feria Internacional del Libro de Buenos Aires el pr\u00f3ximo 1\u00ba de mayo en el stand 1122 del Pabell\u00f3n Verde de La Rural.<\/p>\n<p>Mar\u00eda Amelia ha recibido diversas distinciones. Entre ellas, ha sido distinguida como Embajadora Cultural itinerante por promocionar la ecolog\u00eda y la paz y ha recibido la orden de Mateo Rosas de Onquedo, ambos otorgados por el gobierno departamental del Chilecito. La Direcci\u00f3n de Cultura Municipal y el Honorable Concejo Deliberante, la UNESCO y el Movimiento de Poetas del Mundo, visitante y asistente distinguido\u00a0 al primer encuentro internacional de literatura y del arte pl\u00e1stico por la ecolog\u00eda y la paz.<\/p>\n<p>Asimismo, Dinova Castro, fue reconocida con diploma de honor al m\u00e9rito literario otorgado por la Casa de la Memoria Cultural de Cajamarca de Per\u00fa por exponer su obra literaria; el Diploma de honor en el homenaje a Alfonsina Storni por su destacada participaci\u00f3n otorgada por movimiento de poetas del mundo y el Diploma de honor en el homenaje a Federico Garc\u00eda Lorca por su solidaridad y esp\u00edritu de colaboraci\u00f3n con la literatura mundial otorgada por movimiento de poetas del mundo.<\/p>\n","protected":false},"excerpt":{"rendered":"<p>Nuevamente este a\u00f1o\u00a0 Mar\u00eda Amelia Dinova Castro integrante de SADE\u00a0 estar\u00e1 firmando su libro \u201cMadre Tierra\u201d en la Feria Internacional &#8230; <a title=\"Mar\u00eda Dinova Castro firmar\u00e1 en la Feria del Libro\" class=\"read-more\" href=\"https:\/\/www.hoymercedes.com.ar\/principal\/2016\/04\/25\/maria-dinova-castro-firmara-en-la-feria-del-libro\/\" aria-label=\"Leer m\u00e1s sobre Mar\u00eda Dinova Castro firmar\u00e1 en la Feria del Libro\">Leer m\u00e1s<\/a><\/p>\n","protected":false},"author":1,"featured_media":49239,"comment_status":"open","ping_status":"open","sticky":false,"template":"","format":"standard","meta":{"_monsterinsights_skip_tracking":false,"_monsterinsights_sitenote_active":false,"_monsterinsights_sitenote_note":"","_monsterinsights_sitenote_category":0,"jetpack_post_was_ever_published":false,"_jetpack_newsletter_access":"","_jetpack_dont_email_post_to_subs":false,"_jetpack_newsletter_tier_id":0,"_jetpack_memberships_contains_paywalled_content":false,"_jetpack_memberships_contains_paid_content":false,"footnotes":"","jetpack_publicize_message":"","jetpack_publicize_feature_enabled":true,"jetpack_social_post_already_shared":true,"jetpack_social_options":{"image_generator_settings":{"template":"highway","default_image_id":0,"font":"","enabled":false},"version":2},"_wpas_customize_per_network":false},"categories":[104],"tags":[7805,73,9086],"class_list":["post-49248","post","type-post","status-publish","format-standard","has-post-thumbnail","hentry","category-cultura","tag-cultura","tag-literatura","tag-maria-amelia-dinova-castro","generate-columns","tablet-grid-50","mobile-grid-100","grid-parent","grid-50"],"jetpack_publicize_connections":[],"jetpack_featured_media_url":"https:\/\/www.hoymercedes.com.ar\/principal\/wp-content\/uploads\/2016\/04\/25-amelia-castro.jpg","wps_subtitle":"Literatura mercedina","jetpack_sharing_enabled":true,"_links":{"self":[{"href":"https:\/\/www.hoymercedes.com.ar\/principal\/wp-json\/wp\/v2\/posts\/49248","targetHints":{"allow":["GET"]}}],"collection":[{"href":"https:\/\/www.hoymercedes.com.ar\/principal\/wp-json\/wp\/v2\/posts"}],"about":[{"href":"https:\/\/www.hoymercedes.com.ar\/principal\/wp-json\/wp\/v2\/types\/post"}],"author":[{"embeddable":true,"href":"https:\/\/www.hoymercedes.com.ar\/principal\/wp-json\/wp\/v2\/users\/1"}],"replies":[{"embeddable":true,"href":"https:\/\/www.hoymercedes.com.ar\/principal\/wp-json\/wp\/v2\/comments?post=49248"}],"version-history":[{"count":0,"href":"https:\/\/www.hoymercedes.com.ar\/principal\/wp-json\/wp\/v2\/posts\/49248\/revisions"}],"wp:featuredmedia":[{"embeddable":true,"href":"https:\/\/www.hoymercedes.com.ar\/principal\/wp-json\/wp\/v2\/media\/49239"}],"wp:attachment":[{"href":"https:\/\/www.hoymercedes.com.ar\/principal\/wp-json\/wp\/v2\/media?parent=49248"}],"wp:term":[{"taxonomy":"category","embeddable":true,"href":"https:\/\/www.hoymercedes.com.ar\/principal\/wp-json\/wp\/v2\/categories?post=49248"},{"taxonomy":"post_tag","embeddable":true,"href":"https:\/\/www.hoymercedes.com.ar\/principal\/wp-json\/wp\/v2\/tags?post=49248"}],"curies":[{"name":"wp","href":"https:\/\/api.w.org\/{rel}","templated":true}]}}