{"id":49251,"date":"2016-04-25T22:01:15","date_gmt":"2016-04-26T01:01:15","guid":{"rendered":"http:\/\/www.hoymercedes.com.ar\/principal\/?p=49251"},"modified":"2016-04-27T18:52:58","modified_gmt":"2016-04-27T21:52:58","slug":"encuentran-joven-mercedino-sin-vida","status":"publish","type":"post","link":"https:\/\/www.hoymercedes.com.ar\/principal\/2016\/04\/25\/encuentran-joven-mercedino-sin-vida\/","title":{"rendered":"Encuentran joven mercedino sin vida"},"content":{"rendered":"<p><strong>La muerte de un joven de 26 a\u00f1os de edad est\u00e1 siendo parte de una investigaci\u00f3n judicial para tener certezas sobre las causas de su muerte. Seg\u00fan se supo Ivan L\u00f3pez apareci\u00f3 sin vida al costado de las v\u00edas.<\/strong><\/p>\n<p>Si bien no hay datos oficiales que permitan establecer la secuencia completa del hecho con datos como horario, direcci\u00f3n exacta, forma en que fue hallado y por qui\u00e9n se supo extra oficialmente que la causa de la muerte fue un golpe fuerte. Tambi\u00e9n que la autopsia efectuada en General Rodr\u00edguez habr\u00eda determinado un importante nivel de alcohol en sangre y la ratificaci\u00f3n del mencionado golpe.<\/p>\n<p>Su familia hab\u00eda realizado la denuncia sobre su paradero y efectuaban un rastreo por las redes sociales.<\/p>\n<p>Las fuentes policiales y judiciales por el momento aguardaban cerrar aspectos formales antes de dar mayores precisiones<\/p>\n<p>&nbsp;<\/p>\n","protected":false},"excerpt":{"rendered":"<p>La muerte de un joven de 26 a\u00f1os de edad est\u00e1 siendo parte de una investigaci\u00f3n judicial para tener certezas &#8230; <a title=\"Encuentran joven mercedino sin vida\" class=\"read-more\" href=\"https:\/\/www.hoymercedes.com.ar\/principal\/2016\/04\/25\/encuentran-joven-mercedino-sin-vida\/\" aria-label=\"Leer m\u00e1s sobre Encuentran joven mercedino sin vida\">Leer m\u00e1s<\/a><\/p>\n","protected":false},"author":1,"featured_media":40661,"comment_status":"open","ping_status":"open","sticky":false,"template":"","format":"standard","meta":{"_monsterinsights_skip_tracking":false,"_monsterinsights_sitenote_active":false,"_monsterinsights_sitenote_note":"","_monsterinsights_sitenote_category":0,"jetpack_post_was_ever_published":false,"_jetpack_newsletter_access":"","_jetpack_dont_email_post_to_subs":false,"_jetpack_newsletter_tier_id":0,"_jetpack_memberships_contains_paywalled_content":false,"_jetpack_memberships_contains_paid_content":false,"footnotes":"","jetpack_publicize_message":"","jetpack_publicize_feature_enabled":true,"jetpack_social_post_already_shared":true,"jetpack_social_options":{"image_generator_settings":{"template":"highway","default_image_id":0,"font":"","enabled":false},"version":2},"_wpas_customize_per_network":false},"categories":[85],"tags":[9087,245],"class_list":["post-49251","post","type-post","status-publish","format-standard","has-post-thumbnail","hentry","category-policial","tag-joven-muere","tag-muerte","generate-columns","tablet-grid-50","mobile-grid-100","grid-parent","grid-50"],"jetpack_publicize_connections":[],"jetpack_featured_media_url":"https:\/\/www.hoymercedes.com.ar\/principal\/wp-content\/uploads\/2015\/04\/policiabonaerense.jpg","wps_subtitle":"Investiga la justicia","jetpack_sharing_enabled":true,"_links":{"self":[{"href":"https:\/\/www.hoymercedes.com.ar\/principal\/wp-json\/wp\/v2\/posts\/49251","targetHints":{"allow":["GET"]}}],"collection":[{"href":"https:\/\/www.hoymercedes.com.ar\/principal\/wp-json\/wp\/v2\/posts"}],"about":[{"href":"https:\/\/www.hoymercedes.com.ar\/principal\/wp-json\/wp\/v2\/types\/post"}],"author":[{"embeddable":true,"href":"https:\/\/www.hoymercedes.com.ar\/principal\/wp-json\/wp\/v2\/users\/1"}],"replies":[{"embeddable":true,"href":"https:\/\/www.hoymercedes.com.ar\/principal\/wp-json\/wp\/v2\/comments?post=49251"}],"version-history":[{"count":0,"href":"https:\/\/www.hoymercedes.com.ar\/principal\/wp-json\/wp\/v2\/posts\/49251\/revisions"}],"wp:featuredmedia":[{"embeddable":true,"href":"https:\/\/www.hoymercedes.com.ar\/principal\/wp-json\/wp\/v2\/media\/40661"}],"wp:attachment":[{"href":"https:\/\/www.hoymercedes.com.ar\/principal\/wp-json\/wp\/v2\/media?parent=49251"}],"wp:term":[{"taxonomy":"category","embeddable":true,"href":"https:\/\/www.hoymercedes.com.ar\/principal\/wp-json\/wp\/v2\/categories?post=49251"},{"taxonomy":"post_tag","embeddable":true,"href":"https:\/\/www.hoymercedes.com.ar\/principal\/wp-json\/wp\/v2\/tags?post=49251"}],"curies":[{"name":"wp","href":"https:\/\/api.w.org\/{rel}","templated":true}]}}