{"id":49260,"date":"2016-04-26T18:20:16","date_gmt":"2016-04-26T21:20:16","guid":{"rendered":"http:\/\/www.hoymercedes.com.ar\/principal\/?p=49260"},"modified":"2016-04-26T11:48:47","modified_gmt":"2016-04-26T14:48:47","slug":"reciben-desde-el-17-de-mayo-las-pinturas-para-el-salon","status":"publish","type":"post","link":"https:\/\/www.hoymercedes.com.ar\/principal\/2016\/04\/26\/reciben-desde-el-17-de-mayo-las-pinturas-para-el-salon\/","title":{"rendered":"Reciben desde el 17 de mayo las pinturas para el Sal\u00f3n"},"content":{"rendered":"<p><strong><img loading=\"lazy\" decoding=\"async\" data-attachment-id=\"49261\" data-permalink=\"https:\/\/www.hoymercedes.com.ar\/principal\/2016\/04\/26\/reciben-desde-el-17-de-mayo-las-pinturas-para-el-salon\/26-salon-de-pintura\/#main\" data-orig-file=\"https:\/\/www.hoymercedes.com.ar\/principal\/wp-content\/uploads\/2016\/04\/26-salon-de-pintura.jpg\" data-orig-size=\"448,299\" data-comments-opened=\"1\" data-image-meta=\"{&quot;aperture&quot;:&quot;0&quot;,&quot;credit&quot;:&quot;&quot;,&quot;camera&quot;:&quot;&quot;,&quot;caption&quot;:&quot;&quot;,&quot;created_timestamp&quot;:&quot;0&quot;,&quot;copyright&quot;:&quot;&quot;,&quot;focal_length&quot;:&quot;0&quot;,&quot;iso&quot;:&quot;0&quot;,&quot;shutter_speed&quot;:&quot;0&quot;,&quot;title&quot;:&quot;&quot;,&quot;orientation&quot;:&quot;0&quot;}\" data-image-title=\"26 salon de pintura\" data-image-description=\"\" data-image-caption=\"\" data-large-file=\"https:\/\/www.hoymercedes.com.ar\/principal\/wp-content\/uploads\/2016\/04\/26-salon-de-pintura.jpg\" class=\"aligncenter size-full wp-image-49261\" src=\"https:\/\/www.hoymercedes.com.ar\/principal\/wp-content\/uploads\/2016\/04\/26-salon-de-pintura.jpg\" alt=\"26 salon de pintura\" width=\"448\" height=\"299\" srcset=\"https:\/\/www.hoymercedes.com.ar\/principal\/wp-content\/uploads\/2016\/04\/26-salon-de-pintura.jpg 448w, https:\/\/www.hoymercedes.com.ar\/principal\/wp-content\/uploads\/2016\/04\/26-salon-de-pintura-150x100.jpg 150w, https:\/\/www.hoymercedes.com.ar\/principal\/wp-content\/uploads\/2016\/04\/26-salon-de-pintura-300x200.jpg 300w\" sizes=\"auto, (max-width: 448px) 100vw, 448px\" \/>Entre el 17 de mayo y el 12 de junio podr\u00e1n entregarse las pinturas para participar de la edici\u00f3n 2016 del Sal\u00f3n de Pintura de Mercedes. Diez mil pesos recibir\u00e1 el primer premio del sal\u00f3n y el primer premio al artista local. La inauguraci\u00f3n y entrega de premios ser\u00e1 el 18 de junio en el MAMM.\u00a0<\/strong><br \/>\nEste a\u00f1o se llevar\u00e1 a cabo el 13\u00ba Sal\u00f3n Anual Provincial de Pintura \u00abCiudad de Mercedes\u00bb, impulsado por la Direcci\u00f3n de Cultura y Educaci\u00f3n y el Museo de Arte Municipalidad de Mercedes (MAMM), que tiene como fin \u00faltimo promover las obras realizadas por artistas pl\u00e1sticos de toda la provincia de Buenos Aires.<\/p>\n<p>El certamen consta de una selecci\u00f3n de obras que ser\u00e1n exhibidas a partir del 18 de Junio, entre las cuales se destacar\u00e1n los premios y menciones que dictamina un jurado especializado que interviene en cada ocasi\u00f3n. En esta edici\u00f3n 2016, el 1\u00ba Premio ser\u00e1 de $10000, el 2\u00ba de $7500 y el Premio Local de $10000, siendo estos los premios que son adquiridos por el municipio y luego destinados a enriquecer el patrimonio pict\u00f3rico del Museo de Arte; adem\u00e1s, se otorgar\u00e1n medallas al 3\u00ba Premio y diplomas a las distintas Menciones Especiales y de Jurado.<\/p>\n<p>\u00abBuscamos que la cultura llegue a todos porque eso es lo que nos pide a diario el intendente Ustarroz\u00bb indicaba la Directora de Cultura Luc\u00eda Capaccio.<\/p>\n<p>La fecha de recepci\u00f3n de obras ir\u00e1 desde el 17 de Mayo al 12 de Junio, inclusive, y el lugar, el Museo de Arte (Calle 23 N\u00ba 383). Es importante tener en cuenta el reglamento del Sal\u00f3n antes de enviar las obras. El mismo puede descargarse a trav\u00e9s de la fanpage del Museo, o ser\u00e1 extendido a quien lo solicite en la sede. Una vez que haya finalizado el Sal\u00f3n, los participantes que no hayan sido seleccionados, de lo cual ser\u00e1n debidamente notificados d\u00edas antes de la inauguraci\u00f3n, deber\u00e1n retirar sus obras dentro de los 7 d\u00edas luego del cierre. Para aquellos trabajos seleccionados para exhibici\u00f3n, el tiempo se extiende a 15 d\u00edas.<\/p>\n<p>Los invitamos a todos a participar de este gran evento cultural que se realiza con la firme intenci\u00f3n de incentivar la producci\u00f3n y el consumo de arte en nuestra ciudad y toda la regi\u00f3n.<\/p>\n","protected":false},"excerpt":{"rendered":"<p>Entre el 17 de mayo y el 12 de junio podr\u00e1n entregarse las pinturas para participar de la edici\u00f3n 2016 &#8230; <a title=\"Reciben desde el 17 de mayo las pinturas para el Sal\u00f3n\" class=\"read-more\" href=\"https:\/\/www.hoymercedes.com.ar\/principal\/2016\/04\/26\/reciben-desde-el-17-de-mayo-las-pinturas-para-el-salon\/\" aria-label=\"Leer m\u00e1s sobre Reciben desde el 17 de mayo las pinturas para el Sal\u00f3n\">Leer m\u00e1s<\/a><\/p>\n","protected":false},"author":1,"featured_media":49261,"comment_status":"open","ping_status":"open","sticky":false,"template":"","format":"standard","meta":{"_monsterinsights_skip_tracking":false,"_monsterinsights_sitenote_active":false,"_monsterinsights_sitenote_note":"","_monsterinsights_sitenote_category":0,"jetpack_post_was_ever_published":false,"_jetpack_newsletter_access":"","_jetpack_dont_email_post_to_subs":false,"_jetpack_newsletter_tier_id":0,"_jetpack_memberships_contains_paywalled_content":false,"_jetpack_memberships_contains_paid_content":false,"footnotes":"","jetpack_publicize_message":"","jetpack_publicize_feature_enabled":true,"jetpack_social_post_already_shared":true,"jetpack_social_options":{"image_generator_settings":{"template":"highway","default_image_id":0,"font":"","enabled":false},"version":2},"_wpas_customize_per_network":false},"categories":[104],"tags":[7805,8668,8674,970],"class_list":["post-49260","post","type-post","status-publish","format-standard","has-post-thumbnail","hentry","category-cultura","tag-cultura","tag-inscripcion","tag-mamm","tag-salon-de-pintura","generate-columns","tablet-grid-50","mobile-grid-100","grid-parent","grid-50"],"jetpack_publicize_connections":[],"jetpack_featured_media_url":"https:\/\/www.hoymercedes.com.ar\/principal\/wp-content\/uploads\/2016\/04\/26-salon-de-pintura.jpg","wps_subtitle":"13\u00ba Sal\u00f3n de Pintura \"Ciudad de Mercedes\"\u00a0","jetpack_sharing_enabled":true,"_links":{"self":[{"href":"https:\/\/www.hoymercedes.com.ar\/principal\/wp-json\/wp\/v2\/posts\/49260","targetHints":{"allow":["GET"]}}],"collection":[{"href":"https:\/\/www.hoymercedes.com.ar\/principal\/wp-json\/wp\/v2\/posts"}],"about":[{"href":"https:\/\/www.hoymercedes.com.ar\/principal\/wp-json\/wp\/v2\/types\/post"}],"author":[{"embeddable":true,"href":"https:\/\/www.hoymercedes.com.ar\/principal\/wp-json\/wp\/v2\/users\/1"}],"replies":[{"embeddable":true,"href":"https:\/\/www.hoymercedes.com.ar\/principal\/wp-json\/wp\/v2\/comments?post=49260"}],"version-history":[{"count":0,"href":"https:\/\/www.hoymercedes.com.ar\/principal\/wp-json\/wp\/v2\/posts\/49260\/revisions"}],"wp:featuredmedia":[{"embeddable":true,"href":"https:\/\/www.hoymercedes.com.ar\/principal\/wp-json\/wp\/v2\/media\/49261"}],"wp:attachment":[{"href":"https:\/\/www.hoymercedes.com.ar\/principal\/wp-json\/wp\/v2\/media?parent=49260"}],"wp:term":[{"taxonomy":"category","embeddable":true,"href":"https:\/\/www.hoymercedes.com.ar\/principal\/wp-json\/wp\/v2\/categories?post=49260"},{"taxonomy":"post_tag","embeddable":true,"href":"https:\/\/www.hoymercedes.com.ar\/principal\/wp-json\/wp\/v2\/tags?post=49260"}],"curies":[{"name":"wp","href":"https:\/\/api.w.org\/{rel}","templated":true}]}}