{"id":49280,"date":"2016-04-27T09:46:12","date_gmt":"2016-04-27T12:46:12","guid":{"rendered":"http:\/\/www.hoymercedes.com.ar\/principal\/?p=49280"},"modified":"2016-04-27T09:46:12","modified_gmt":"2016-04-27T12:46:12","slug":"me-preocupa-la-ausencia-de-estado-en-algunos-temas","status":"publish","type":"post","link":"https:\/\/www.hoymercedes.com.ar\/principal\/2016\/04\/27\/me-preocupa-la-ausencia-de-estado-en-algunos-temas\/","title":{"rendered":"\u201cMe preocupa la ausencia de Estado en algunos temas\u201d"},"content":{"rendered":"<p><strong><em><img loading=\"lazy\" decoding=\"async\" data-attachment-id=\"49282\" data-permalink=\"https:\/\/www.hoymercedes.com.ar\/principal\/2016\/04\/27\/me-preocupa-la-ausencia-de-estado-en-algunos-temas\/27-milhomme\/#main\" data-orig-file=\"https:\/\/www.hoymercedes.com.ar\/principal\/wp-content\/uploads\/2016\/04\/27-Milhomme.jpg\" data-orig-size=\"298,448\" data-comments-opened=\"1\" data-image-meta=\"{&quot;aperture&quot;:&quot;0&quot;,&quot;credit&quot;:&quot;&quot;,&quot;camera&quot;:&quot;&quot;,&quot;caption&quot;:&quot;&quot;,&quot;created_timestamp&quot;:&quot;0&quot;,&quot;copyright&quot;:&quot;&quot;,&quot;focal_length&quot;:&quot;0&quot;,&quot;iso&quot;:&quot;0&quot;,&quot;shutter_speed&quot;:&quot;0&quot;,&quot;title&quot;:&quot;&quot;,&quot;orientation&quot;:&quot;0&quot;}\" data-image-title=\"27 Milhomme\" data-image-description=\"\" data-image-caption=\"\" data-large-file=\"https:\/\/www.hoymercedes.com.ar\/principal\/wp-content\/uploads\/2016\/04\/27-Milhomme.jpg\" class=\"aligncenter size-full wp-image-49282\" src=\"https:\/\/www.hoymercedes.com.ar\/principal\/wp-content\/uploads\/2016\/04\/27-Milhomme.jpg\" alt=\"27 Milhomme\" width=\"298\" height=\"448\" srcset=\"https:\/\/www.hoymercedes.com.ar\/principal\/wp-content\/uploads\/2016\/04\/27-Milhomme.jpg 298w, https:\/\/www.hoymercedes.com.ar\/principal\/wp-content\/uploads\/2016\/04\/27-Milhomme-100x150.jpg 100w\" sizes=\"auto, (max-width: 298px) 100vw, 298px\" \/>\u201cNo tenemos un lineamiento, en temas que son centrales, por parte del Departamento Ejecutivo\u201d, expres\u00f3 el concejal del Frente Renovador, Carlos Milhomme y agreg\u00f3:\u00a0\u201cMe preocupa la ausencia de Estado en algunos temas, que son primordiales para nuestros vecinos\u00bb.<\/em><\/strong><\/p>\n<p>Por Carlos Milhomme \/ El pasado lunes\u00a0se llev\u00f3 adelante una sesi\u00f3n ordinaria en el Honorable Concejo Deliberante que en principio se pensaba que iba a durar poco tiempo pero se extendi\u00f3, con ciertas discusiones y con algunos cuestionamientos y planteos cruzados entre los bloques, en lo que tiene que ver con el planteo del trabajo del Legislativo por un lado y del Ejecutivo por el otro\u00bb, dijo el Concejal Selvista.<\/p>\n<p>\u201cNosotros marcamos una postura muy fuerte, desde el Frente Renovador, trabajando cada tema, y analiz\u00e1ndolo. Y solicitamos ya esa esta altura al Departamento Ejecutivo la resoluci\u00f3n de temas que son ejes, y que no tienen que ver con la totalidad de las solicitudes planteadas, pero s\u00ed con cuestiones que pueden caer con ser extempor\u00e1neas en breve, o con cuestiones que son necesarias de llevarlas adelante. Se ven superpuestos proyectos, peticiones particulares, y eso nos lleva a una tarea legislativa engorrosa, porque no tenemos un lineamiento en temas que son centrales por parte del Ejecutivo\u201d .<\/p>\n<p>Me refiero a cuestiones particulares como la colocaci\u00f3n de lomos de burro: \u201cDimos la derecha al Ejecutivo en volver para atr\u00e1s la aprobaci\u00f3n de un proyecto de ordenanza que solicitaba la colocaci\u00f3n de lomos de burro en distintos sectores de nuestra ciudad porque se nos dijo que el \u00e1rea lo iba a analizar en conjunto, y vemos con asombro una de las comunicaciones elevadas por el Departamento Ejecutivo en la que nos postula la colocaci\u00f3n de un lomo de burro en un lugar determinado, y sube no como proyecto sino con los informes que tiene el \u00e1rea y los informes del Ejecutivo. Por eso nos preguntamos cu\u00e1l va a ser la postura del Estado municipal, si estar en la decisi\u00f3n a tomar en estos temas que son ejes, o pasarlo al Legislativo pero despu\u00e9s solicitar que quieren hacer un an\u00e1lisis. La frase \u2018lo vamos a trabajar en conjunto\u2019 es siempre usada, pero el Ejecutivo est\u00e1 para gestionar y llevar adelante su gesti\u00f3n, porque sino sinceramente no sabemos cu\u00e1les son los ejes fundamentales de la gesti\u00f3n del doctor Juan Ustarroz. La verdad que me preocupa la ausencia de Estado en algunos temas\u201d.<\/p>\n<p>Con respecto al presupuesto participativo y su no implementaci\u00f3n. \u201cYa estamos entrando al quinto mes del a\u00f1o. Yo no compart\u00ed expresiones de un concejal este lunes, que hablando de un proyecto estimaba que quedaba fuera del tratamiento lo que es el presupuesto participativo. Por eso aclar\u00e9 en la sesi\u00f3n a los vecinos, que se movilizaron y trabajaron en un proyecto para reglamentar c\u00f3mo utilizar el presupuesto participativo, que desde comisi\u00f3n se gir\u00f3 al Ejecutivo para que este tuviera una herramienta m\u00e1s para poder reglamentar la utilizaci\u00f3n. Pero si eso no lo hacemos en breve, no sube un proyecto o no lo determina la presencia del Estado en marcar c\u00f3mo vamos a utilizar una partida aprobada en el presupuesto para 2016, nos quedaos que va a ser extempor\u00e1neo porque entramos en el quinto mes, los barrios necesitan atenci\u00f3n, y la posibilidad que se le viene brindando de poder trabajar un presupuesto participativo. Estamos esperando c\u00f3mo va a ser la aplicaci\u00f3n de este recurso que ya est\u00e1 en la ordenanza de presupuesto de 2016\u201d.<\/p>\n<p>Por \u00faltimo, otro tema que no me cierra son las tareas que se pueden llevar adelante con las bocas de tormenta. \u201cSabemos que es algo estacionario, que hay un gran c\u00famulo de hojas y a veces residuos domiciliarios, y los inconvenientes que pueden traer en \u00e9pocas tan lluviosas como la presente. Y en este tema tambi\u00e9n estamos a la espera de resoluciones o de l\u00edneas de trabajo que se planteen desde la gesti\u00f3n municipal\u201d.<\/p>\n<p>\u201cFue una sesi\u00f3n muy positiva para nosotros. Marcamos un posicionamiento claro del Frente Renovador, que es algo que no entendieron los compa\u00f1eros del oficialismo. Les estamos dando herramientas al propio oficialismo para que pueda manifestarnos cu\u00e1les son sus l\u00edneas de acci\u00f3n, pero si no tienen l\u00edneas de acci\u00f3n estamos en un problema a\u00fan mayor\u201d.<\/p>\n","protected":false},"excerpt":{"rendered":"<p>\u201cNo tenemos un lineamiento, en temas que son centrales, por parte del Departamento Ejecutivo\u201d, expres\u00f3 el concejal del Frente Renovador, &#8230; <a title=\"\u201cMe preocupa la ausencia de Estado en algunos temas\u201d\" class=\"read-more\" href=\"https:\/\/www.hoymercedes.com.ar\/principal\/2016\/04\/27\/me-preocupa-la-ausencia-de-estado-en-algunos-temas\/\" aria-label=\"Leer m\u00e1s sobre \u201cMe preocupa la ausencia de Estado en algunos temas\u201d\">Leer m\u00e1s<\/a><\/p>\n","protected":false},"author":1,"featured_media":49282,"comment_status":"open","ping_status":"open","sticky":false,"template":"","format":"standard","meta":{"_monsterinsights_skip_tracking":false,"_monsterinsights_sitenote_active":false,"_monsterinsights_sitenote_note":"","_monsterinsights_sitenote_category":0,"jetpack_post_was_ever_published":false,"_jetpack_newsletter_access":"","_jetpack_dont_email_post_to_subs":false,"_jetpack_newsletter_tier_id":0,"_jetpack_memberships_contains_paywalled_content":false,"_jetpack_memberships_contains_paid_content":false,"footnotes":"","jetpack_publicize_message":"","jetpack_publicize_feature_enabled":true,"jetpack_social_post_already_shared":true,"jetpack_social_options":{"image_generator_settings":{"template":"highway","default_image_id":0,"font":"","enabled":false},"version":2},"_wpas_customize_per_network":false},"categories":[1,5],"tags":[15,914,8748,5319],"class_list":["post-49280","post","type-post","status-publish","format-standard","has-post-thumbnail","hentry","category-opinion","category-politica","tag-hcd","tag-milhomme","tag-opinion","tag-politica-2","generate-columns","tablet-grid-50","mobile-grid-100","grid-parent","grid-50"],"jetpack_publicize_connections":[],"jetpack_featured_media_url":"https:\/\/www.hoymercedes.com.ar\/principal\/wp-content\/uploads\/2016\/04\/27-Milhomme.jpg","wps_subtitle":"Carlos Milhomme:","jetpack_sharing_enabled":true,"_links":{"self":[{"href":"https:\/\/www.hoymercedes.com.ar\/principal\/wp-json\/wp\/v2\/posts\/49280","targetHints":{"allow":["GET"]}}],"collection":[{"href":"https:\/\/www.hoymercedes.com.ar\/principal\/wp-json\/wp\/v2\/posts"}],"about":[{"href":"https:\/\/www.hoymercedes.com.ar\/principal\/wp-json\/wp\/v2\/types\/post"}],"author":[{"embeddable":true,"href":"https:\/\/www.hoymercedes.com.ar\/principal\/wp-json\/wp\/v2\/users\/1"}],"replies":[{"embeddable":true,"href":"https:\/\/www.hoymercedes.com.ar\/principal\/wp-json\/wp\/v2\/comments?post=49280"}],"version-history":[{"count":0,"href":"https:\/\/www.hoymercedes.com.ar\/principal\/wp-json\/wp\/v2\/posts\/49280\/revisions"}],"wp:featuredmedia":[{"embeddable":true,"href":"https:\/\/www.hoymercedes.com.ar\/principal\/wp-json\/wp\/v2\/media\/49282"}],"wp:attachment":[{"href":"https:\/\/www.hoymercedes.com.ar\/principal\/wp-json\/wp\/v2\/media?parent=49280"}],"wp:term":[{"taxonomy":"category","embeddable":true,"href":"https:\/\/www.hoymercedes.com.ar\/principal\/wp-json\/wp\/v2\/categories?post=49280"},{"taxonomy":"post_tag","embeddable":true,"href":"https:\/\/www.hoymercedes.com.ar\/principal\/wp-json\/wp\/v2\/tags?post=49280"}],"curies":[{"name":"wp","href":"https:\/\/api.w.org\/{rel}","templated":true}]}}